{"id":3569,"date":"2023-03-20T16:50:34","date_gmt":"2023-03-20T15:50:34","guid":{"rendered":"https:\/\/werocksport.com\/?p=3569"},"modified":"2023-03-20T16:50:46","modified_gmt":"2023-03-20T15:50:46","slug":"gr20-broad-peak-k2-dawn-wall-programme-vertigineux-pour-montagne-en-scene-2023","status":"publish","type":"post","link":"https:\/\/werocksport.com\/it\/gr20-broad-peak-k2-dawn-wall-programme-vertigineux-pour-montagne-en-scene-2023\/","title":{"rendered":"GR20, Broad Peak, K2, Dawn Wall: programma vertiginoso per Montagne en Sc\u00e8ne 2023"},"content":{"rendered":"<p><strong>L'edizione estiva di Montagne en Sc\u00e8ne ci porta su alcune delle montagne e dei sentieri pi\u00f9 iconici del mondo. Scoprite il programma di questa edizione 2023 con quattro film proiettati.<\/strong><\/p>\n\n\n\n<p>Anche quest'anno, Montagne en Sc\u00e8ne ci far\u00e0 sognare con alcune delle pi\u00f9 belle produzioni presentate durante l'edizione estiva 2023. La rassegna cinematografica sar\u00e0 in tourn\u00e9e da aprile con quattro film in programma, tra cui la grande anteprima al Grand Rex di Parigi il 13 aprile dalle 19.30 alle 23.30. \u00c8 possibile prenotare i biglietti per tutte le date in Francia su <a href=\"https:\/\/www.montagne-en-scene.com\/villes-etapes-france\">questo indirizzo<\/a> e scoprite qui di seguito le produzioni che vi saranno proiettate.<\/p>\n\n\n\n<figure class=\"wp-block-embed is-type-video is-provider-youtube wp-block-embed-youtube wp-embed-aspect-16-9 wp-has-aspect-ratio\"><div class=\"wp-block-embed__wrapper\">\n<iframe loading=\"lazy\" title=\"Programma Estate 2023 di Mountain on Stage\" width=\"1170\" height=\"658\" src=\"https:\/\/www.youtube.com\/embed\/6efctyP0QPY?feature=oembed\" frameborder=\"0\" allow=\"accelerometer; autoplay; clipboard-write; encrypted-media; gyroscope; picture-in-picture; web-share\" allowfullscreen><\/iframe>\n<\/div><\/figure>\n\n\n\n<p><strong>COSA CONTA<\/strong><\/p>\n\n\n\n<p>Un record da battere da pi\u00f9 di 10 anni, una traversata mitica che segue la spina dorsale dell'Isola della Bellezza... Ingredienti perfetti per far sognare la discreta icona del trail, Anne-Lise Rousset, di conquistare il record del GR20 il 13 giugno 2022... meno di un anno dopo il parto e senza aver ancora superato i 100 km di corsa!  Il film rivela con finezza gli inizi di questa incredibile sfida per Anne-Lise, accompagnata in questa impresa dal marito ma anche da tutto il suo entourage. Un'ode alla bellezza del paesaggio e alla motivazione pura e profonda di questa donna che mantiene sempre il suo sorriso generoso.<\/p>\n\n\n\n<p>Durata: 37 minuti<br>Regia: Timoth\u00e9e Ranger e Etienne Valentin<br>Con : Anne-Lise Rousset<\/p>\n\n\n\n<figure class=\"wp-block-image size-large\"><img loading=\"lazy\" decoding=\"async\" width=\"1024\" height=\"681\" src=\"https:\/\/werocksport.com\/wp-content\/uploads\/2023\/03\/jrthrfthfgh-1024x681.png\" alt=\"\" class=\"wp-image-3570\" srcset=\"https:\/\/werocksport.com\/wp-content\/uploads\/2023\/03\/jrthrfthfgh-1024x681.png 1024w, https:\/\/werocksport.com\/wp-content\/uploads\/2023\/03\/jrthrfthfgh-300x199.png 300w, https:\/\/werocksport.com\/wp-content\/uploads\/2023\/03\/jrthrfthfgh-768x511.png 768w, https:\/\/werocksport.com\/wp-content\/uploads\/2023\/03\/jrthrfthfgh-18x12.png 18w, https:\/\/werocksport.com\/wp-content\/uploads\/2023\/03\/jrthrfthfgh-450x299.png 450w, https:\/\/werocksport.com\/wp-content\/uploads\/2023\/03\/jrthrfthfgh-780x519.png 780w, https:\/\/werocksport.com\/wp-content\/uploads\/2023\/03\/jrthrfthfgh.png 1089w\" sizes=\"auto, (max-width: 1024px) 100vw, 1024px\" \/><\/figure>\n\n\n\n<p><strong>BORDO DELLA RAGIONE<\/strong><\/p>\n\n\n\n<p>Mentre Benjamin V\u00e9drines continua ad accedere ai massimi livelli dell'alpinismo con la sua recente impresa nelle Jorasses, questo film racconta il suo primo viaggio a 8.000 m sul Broad Peak in Pakistan. Si tratta di una straordinaria sfida fisica in cui l'alpinista si dimostra ancora una volta un genio del razzo con una rapida ascesa in un giorno e una discesa in parapendio alla fine. Un record meticolosamente preparato che stava a cuore all'atleta, il culmine di diversi anni di preparazione per questa guida delle Hautes-Alpes.<\/p>\n\n\n\n<p>Durata: 45 minuti<br>Direttore: J\u00e9r\u00e9mie Chenal<br>Con : Benjamin V\u00e9drines e Nicolas Jean<\/p>\n\n\n\n<figure class=\"wp-block-image size-large\"><img loading=\"lazy\" decoding=\"async\" width=\"1024\" height=\"574\" src=\"https:\/\/werocksport.com\/wp-content\/uploads\/2023\/03\/yjrthfthfgh-1024x574.png\" alt=\"\" class=\"wp-image-3572\" srcset=\"https:\/\/werocksport.com\/wp-content\/uploads\/2023\/03\/yjrthfthfgh-1024x574.png 1024w, https:\/\/werocksport.com\/wp-content\/uploads\/2023\/03\/yjrthfthfgh-300x168.png 300w, https:\/\/werocksport.com\/wp-content\/uploads\/2023\/03\/yjrthfthfgh-768x430.png 768w, https:\/\/werocksport.com\/wp-content\/uploads\/2023\/03\/yjrthfthfgh-18x10.png 18w, https:\/\/werocksport.com\/wp-content\/uploads\/2023\/03\/yjrthfthfgh-450x252.png 450w, https:\/\/werocksport.com\/wp-content\/uploads\/2023\/03\/yjrthfthfgh-780x437.png 780w\" sizes=\"auto, (max-width: 1024px) 100vw, 1024px\" \/><\/figure>\n\n\n\n<p><strong>LUMDO KOLOLA<\/strong><\/p>\n\n\n\n<p>Nel 2018, Jean-Yves Fredriksen ha attraversato l'Himalaya in parapendio.  Durante una delle sue soste, ha scoperto una casa con quattro bambini che vivevano da soli nel mezzo della giungla nepalese. Tornato in Francia, \u00e8 rimasto colpito da questo incontro e ha lanciato uno sforzo collettivo per sostenere questi bambini. Tre anni dopo, \u00e8 ripartito alla loro ricerca, accompagnato da Nicolas Alliot. Una ricerca piena di insidie nel cuore del monsone!\u00a0<\/p>\n\n\n\n<p>Durata: 38 minuti<br>Regia: Nicolas Alliot e Jean-Yves Fredriksen<br>Con : Jean-Yves Fredriksen (Blutch) e Nicolas Alliot<\/p>\n\n\n\n<figure class=\"wp-block-image size-large\"><img loading=\"lazy\" decoding=\"async\" width=\"1024\" height=\"576\" src=\"https:\/\/werocksport.com\/wp-content\/uploads\/2023\/03\/LOMDO-RETOUCHE-1024x576.jpg\" alt=\"\" class=\"wp-image-3573\" srcset=\"https:\/\/werocksport.com\/wp-content\/uploads\/2023\/03\/LOMDO-RETOUCHE-1024x576.jpg 1024w, https:\/\/werocksport.com\/wp-content\/uploads\/2023\/03\/LOMDO-RETOUCHE-300x169.jpg 300w, https:\/\/werocksport.com\/wp-content\/uploads\/2023\/03\/LOMDO-RETOUCHE-768x432.jpg 768w, https:\/\/werocksport.com\/wp-content\/uploads\/2023\/03\/LOMDO-RETOUCHE-18x10.jpg 18w, https:\/\/werocksport.com\/wp-content\/uploads\/2023\/03\/LOMDO-RETOUCHE-450x253.jpg 450w, https:\/\/werocksport.com\/wp-content\/uploads\/2023\/03\/LOMDO-RETOUCHE-780x439.jpg 780w\" sizes=\"auto, (max-width: 1024px) 100vw, 1024px\" \/><\/figure>\n\n\n\n<p><strong>CAP SUR EL CAP<\/strong><\/p>\n\n\n\n<p>Seb Berthe \u00e8 uno dei migliori arrampicatori di big wall al mondo. \u00c8 ossessionato da una grande via: la Dawn Wall in Yosemite. Un mostro di quasi 1000 metri di altezza con difficolt\u00e0 fino al 9a, che \u00e8 semplicemente la big wall pi\u00f9 difficile del pianeta! Tuttavia, Seb si \u00e8 rifiutato di prendere l'aereo. Una cosa tira l'altra e ha messo in piedi un progetto che consiste in un viaggio in barca dall'Europa al Messico con un gruppo di scalatori con diversi gradi di esperienza nella navigazione...<\/p>\n\n\n\n<p>Durata: 52 minuti (VOFR)<br>Diretto da Morgan Monchaud e Brian Math\u00e9<br>Con : Seb Berthe<\/p>\n\n\n\n<figure class=\"wp-block-image size-large\"><img loading=\"lazy\" decoding=\"async\" width=\"1024\" height=\"576\" src=\"https:\/\/werocksport.com\/wp-content\/uploads\/2023\/03\/kV0q-jMU-1024x576.jpeg\" alt=\"\" class=\"wp-image-3571\" srcset=\"https:\/\/werocksport.com\/wp-content\/uploads\/2023\/03\/kV0q-jMU-1024x576.jpeg 1024w, https:\/\/werocksport.com\/wp-content\/uploads\/2023\/03\/kV0q-jMU-300x169.jpeg 300w, https:\/\/werocksport.com\/wp-content\/uploads\/2023\/03\/kV0q-jMU-768x432.jpeg 768w, https:\/\/werocksport.com\/wp-content\/uploads\/2023\/03\/kV0q-jMU-18x10.jpeg 18w, https:\/\/werocksport.com\/wp-content\/uploads\/2023\/03\/kV0q-jMU-450x253.jpeg 450w, https:\/\/werocksport.com\/wp-content\/uploads\/2023\/03\/kV0q-jMU-780x439.jpeg 780w\" sizes=\"auto, (max-width: 1024px) 100vw, 1024px\" \/><\/figure>","protected":false},"excerpt":{"rendered":"<p>La Summer Edition de Montagne en Sc\u00e8ne\u00a0nous emm\u00e8ne sur certaines des montagnes et sentiers les plus embl\u00e9matiques de la plan\u00e8te. D\u00e9couvrez le programme de cette \u00e9dition 2023 avec quatre films projet\u00e9s. Cette ann\u00e9e encore, Montagne en Sc\u00e8ne\u00a0devrait nous faire r\u00eaver avec certaines des plus belles productions d\u00e9voil\u00e9es \u00e0 l\u2019occasion de cette Summer Edition 2023. Le [&hellip;]<\/p>\n","protected":false},"author":11,"featured_media":3574,"comment_status":"closed","ping_status":"closed","sticky":false,"template":"","format":"standard","meta":{"footnotes":""},"categories":[44],"tags":[463],"class_list":{"0":"post-3569","1":"post","2":"type-post","3":"status-publish","4":"format-standard","5":"has-post-thumbnail","7":"category-aventure","8":"tag-montagne-en-scene"},"yoast_head":"<!-- This site is optimized with the Yoast SEO plugin v27.2 - https:\/\/yoast.com\/product\/yoast-seo-wordpress\/ -->\n<title>GR20, Broad Peak, K2, Dawn Wall\u00a0: Programme vertigineux pour Montagne en Sc\u00e8ne\u00a02023 - We Rock Sport<\/title>\n<meta name=\"robots\" content=\"index, follow, max-snippet:-1, max-image-preview:large, max-video-preview:-1\" \/>\n<link rel=\"canonical\" href=\"https:\/\/werocksport.com\/it\/gr20-broad-peak-k2-dawn-wall-programme-vertigineux-pour-montagne-en-scene-2023\/\" \/>\n<meta property=\"og:locale\" content=\"it_IT\" \/>\n<meta property=\"og:type\" content=\"article\" \/>\n<meta property=\"og:title\" content=\"GR20, Broad Peak, K2, Dawn Wall\u00a0: Programme vertigineux pour Montagne en Sc\u00e8ne\u00a02023 - We Rock Sport\" \/>\n<meta property=\"og:description\" content=\"La Summer Edition de Montagne en Sc\u00e8ne\u00a0nous emm\u00e8ne sur certaines des montagnes et sentiers les plus embl\u00e9matiques de la plan\u00e8te. D\u00e9couvrez le programme de cette \u00e9dition 2023 avec quatre films projet\u00e9s. Cette ann\u00e9e encore, Montagne en Sc\u00e8ne\u00a0devrait nous faire r\u00eaver avec certaines des plus belles productions d\u00e9voil\u00e9es \u00e0 l\u2019occasion de cette Summer Edition 2023. Le [&hellip;]\" \/>\n<meta property=\"og:url\" content=\"https:\/\/werocksport.com\/it\/gr20-broad-peak-k2-dawn-wall-programme-vertigineux-pour-montagne-en-scene-2023\/\" \/>\n<meta property=\"og:site_name\" content=\"We Rock Sport\" \/>\n<meta property=\"article:published_time\" content=\"2023-03-20T15:50:34+00:00\" \/>\n<meta property=\"article:modified_time\" content=\"2023-03-20T15:50:46+00:00\" \/>\n<meta property=\"og:image\" content=\"https:\/\/werocksport.com\/wp-content\/uploads\/2023\/03\/Bandeau-1920x1080fond-logo.jpg\" \/>\n\t<meta property=\"og:image:width\" content=\"1920\" \/>\n\t<meta property=\"og:image:height\" content=\"1080\" \/>\n\t<meta property=\"og:image:type\" content=\"image\/jpeg\" \/>\n<meta name=\"author\" content=\"vincent girard\" \/>\n<meta name=\"twitter:card\" content=\"summary_large_image\" \/>\n<meta name=\"twitter:label1\" content=\"Scritto da\" \/>\n\t<meta name=\"twitter:data1\" content=\"vincent girard\" \/>\n\t<meta name=\"twitter:label2\" content=\"Tempo di lettura stimato\" \/>\n\t<meta name=\"twitter:data2\" content=\"4 minuti\" \/>\n<script type=\"application\/ld+json\" class=\"yoast-schema-graph\">{\"@context\":\"https:\/\/schema.org\",\"@graph\":[{\"@type\":\"Article\",\"@id\":\"https:\/\/werocksport.com\/gr20-broad-peak-k2-dawn-wall-programme-vertigineux-pour-montagne-en-scene-2023\/#article\",\"isPartOf\":{\"@id\":\"https:\/\/werocksport.com\/gr20-broad-peak-k2-dawn-wall-programme-vertigineux-pour-montagne-en-scene-2023\/\"},\"author\":{\"name\":\"vincent girard\",\"@id\":\"https:\/\/werocksport.com\/#\/schema\/person\/fda0db71bd8f31705d1685623d7ec3d9\"},\"headline\":\"GR20, Broad Peak, K2, Dawn Wall\u00a0: Programme vertigineux pour Montagne en Sc\u00e8ne\u00a02023\",\"datePublished\":\"2023-03-20T15:50:34+00:00\",\"dateModified\":\"2023-03-20T15:50:46+00:00\",\"mainEntityOfPage\":{\"@id\":\"https:\/\/werocksport.com\/gr20-broad-peak-k2-dawn-wall-programme-vertigineux-pour-montagne-en-scene-2023\/\"},\"wordCount\":630,\"publisher\":{\"@id\":\"https:\/\/werocksport.com\/#organization\"},\"image\":{\"@id\":\"https:\/\/werocksport.com\/gr20-broad-peak-k2-dawn-wall-programme-vertigineux-pour-montagne-en-scene-2023\/#primaryimage\"},\"thumbnailUrl\":\"https:\/\/werocksport.com\/wp-content\/uploads\/2023\/03\/Bandeau-1920x1080fond-logo.jpg\",\"keywords\":[\"montagne en sc\u00e8ne\"],\"articleSection\":[\"Aventure\"],\"inLanguage\":\"it-IT\"},{\"@type\":\"WebPage\",\"@id\":\"https:\/\/werocksport.com\/gr20-broad-peak-k2-dawn-wall-programme-vertigineux-pour-montagne-en-scene-2023\/\",\"url\":\"https:\/\/werocksport.com\/gr20-broad-peak-k2-dawn-wall-programme-vertigineux-pour-montagne-en-scene-2023\/\",\"name\":\"GR20, Broad Peak, K2, Dawn Wall\u00a0: Programme vertigineux pour Montagne en Sc\u00e8ne\u00a02023 - We Rock Sport\",\"isPartOf\":{\"@id\":\"https:\/\/werocksport.com\/#website\"},\"primaryImageOfPage\":{\"@id\":\"https:\/\/werocksport.com\/gr20-broad-peak-k2-dawn-wall-programme-vertigineux-pour-montagne-en-scene-2023\/#primaryimage\"},\"image\":{\"@id\":\"https:\/\/werocksport.com\/gr20-broad-peak-k2-dawn-wall-programme-vertigineux-pour-montagne-en-scene-2023\/#primaryimage\"},\"thumbnailUrl\":\"https:\/\/werocksport.com\/wp-content\/uploads\/2023\/03\/Bandeau-1920x1080fond-logo.jpg\",\"datePublished\":\"2023-03-20T15:50:34+00:00\",\"dateModified\":\"2023-03-20T15:50:46+00:00\",\"breadcrumb\":{\"@id\":\"https:\/\/werocksport.com\/gr20-broad-peak-k2-dawn-wall-programme-vertigineux-pour-montagne-en-scene-2023\/#breadcrumb\"},\"inLanguage\":\"it-IT\",\"potentialAction\":[{\"@type\":\"ReadAction\",\"target\":[\"https:\/\/werocksport.com\/gr20-broad-peak-k2-dawn-wall-programme-vertigineux-pour-montagne-en-scene-2023\/\"]}]},{\"@type\":\"ImageObject\",\"inLanguage\":\"it-IT\",\"@id\":\"https:\/\/werocksport.com\/gr20-broad-peak-k2-dawn-wall-programme-vertigineux-pour-montagne-en-scene-2023\/#primaryimage\",\"url\":\"https:\/\/werocksport.com\/wp-content\/uploads\/2023\/03\/Bandeau-1920x1080fond-logo.jpg\",\"contentUrl\":\"https:\/\/werocksport.com\/wp-content\/uploads\/2023\/03\/Bandeau-1920x1080fond-logo.jpg\",\"width\":1920,\"height\":1080},{\"@type\":\"BreadcrumbList\",\"@id\":\"https:\/\/werocksport.com\/gr20-broad-peak-k2-dawn-wall-programme-vertigineux-pour-montagne-en-scene-2023\/#breadcrumb\",\"itemListElement\":[{\"@type\":\"ListItem\",\"position\":1,\"name\":\"Home\",\"item\":\"https:\/\/werocksport.com\/\"},{\"@type\":\"ListItem\",\"position\":2,\"name\":\"GR20, Broad Peak, K2, Dawn Wall\u00a0: Programme vertigineux pour Montagne en Sc\u00e8ne\u00a02023\"}]},{\"@type\":\"WebSite\",\"@id\":\"https:\/\/werocksport.com\/#website\",\"url\":\"https:\/\/werocksport.com\/\",\"name\":\"We Rock Sport\",\"description\":\"le m\u00e9dia 100% outdoor !\",\"publisher\":{\"@id\":\"https:\/\/werocksport.com\/#organization\"},\"potentialAction\":[{\"@type\":\"SearchAction\",\"target\":{\"@type\":\"EntryPoint\",\"urlTemplate\":\"https:\/\/werocksport.com\/?s={search_term_string}\"},\"query-input\":{\"@type\":\"PropertyValueSpecification\",\"valueRequired\":true,\"valueName\":\"search_term_string\"}}],\"inLanguage\":\"it-IT\"},{\"@type\":\"Organization\",\"@id\":\"https:\/\/werocksport.com\/#organization\",\"name\":\"We Rock Sport\",\"url\":\"https:\/\/werocksport.com\/\",\"logo\":{\"@type\":\"ImageObject\",\"inLanguage\":\"it-IT\",\"@id\":\"https:\/\/werocksport.com\/#\/schema\/logo\/image\/\",\"url\":\"https:\/\/werocksport.com\/wp-content\/uploads\/2020\/12\/WRS-logo.png\",\"contentUrl\":\"https:\/\/werocksport.com\/wp-content\/uploads\/2020\/12\/WRS-logo.png\",\"width\":136,\"height\":60,\"caption\":\"We Rock Sport\"},\"image\":{\"@id\":\"https:\/\/werocksport.com\/#\/schema\/logo\/image\/\"}},{\"@type\":\"Person\",\"@id\":\"https:\/\/werocksport.com\/#\/schema\/person\/fda0db71bd8f31705d1685623d7ec3d9\",\"name\":\"vincent girard\",\"image\":{\"@type\":\"ImageObject\",\"inLanguage\":\"it-IT\",\"@id\":\"https:\/\/secure.gravatar.com\/avatar\/d110edb058ac132daf0a052c59f3f137e4842586bc4e35431e2ca6e70a27b393?s=96&d=mm&r=g\",\"url\":\"https:\/\/secure.gravatar.com\/avatar\/d110edb058ac132daf0a052c59f3f137e4842586bc4e35431e2ca6e70a27b393?s=96&d=mm&r=g\",\"contentUrl\":\"https:\/\/secure.gravatar.com\/avatar\/d110edb058ac132daf0a052c59f3f137e4842586bc4e35431e2ca6e70a27b393?s=96&d=mm&r=g\",\"caption\":\"vincent girard\"}}]}<\/script>\n<!-- \/ Yoast SEO plugin. -->","yoast_head_json":{"title":"GR20, Broad Peak, K2, Dawn Wall: programma vertiginoso per Montagne en Sc\u00e8ne 2023 - We Rock Sport","robots":{"index":"index","follow":"follow","max-snippet":"max-snippet:-1","max-image-preview":"max-image-preview:large","max-video-preview":"max-video-preview:-1"},"canonical":"https:\/\/werocksport.com\/it\/gr20-broad-peak-k2-dawn-wall-programme-vertigineux-pour-montagne-en-scene-2023\/","og_locale":"it_IT","og_type":"article","og_title":"GR20, Broad Peak, K2, Dawn Wall\u00a0: Programme vertigineux pour Montagne en Sc\u00e8ne\u00a02023 - We Rock Sport","og_description":"La Summer Edition de Montagne en Sc\u00e8ne\u00a0nous emm\u00e8ne sur certaines des montagnes et sentiers les plus embl\u00e9matiques de la plan\u00e8te. D\u00e9couvrez le programme de cette \u00e9dition 2023 avec quatre films projet\u00e9s. Cette ann\u00e9e encore, Montagne en Sc\u00e8ne\u00a0devrait nous faire r\u00eaver avec certaines des plus belles productions d\u00e9voil\u00e9es \u00e0 l\u2019occasion de cette Summer Edition 2023. Le [&hellip;]","og_url":"https:\/\/werocksport.com\/it\/gr20-broad-peak-k2-dawn-wall-programme-vertigineux-pour-montagne-en-scene-2023\/","og_site_name":"We Rock Sport","article_published_time":"2023-03-20T15:50:34+00:00","article_modified_time":"2023-03-20T15:50:46+00:00","og_image":[{"width":1920,"height":1080,"url":"https:\/\/werocksport.com\/wp-content\/uploads\/2023\/03\/Bandeau-1920x1080fond-logo.jpg","type":"image\/jpeg"}],"author":"vincent girard","twitter_card":"summary_large_image","twitter_misc":{"Scritto da":"vincent girard","Tempo di lettura stimato":"4 minuti"},"schema":{"@context":"https:\/\/schema.org","@graph":[{"@type":"Article","@id":"https:\/\/werocksport.com\/gr20-broad-peak-k2-dawn-wall-programme-vertigineux-pour-montagne-en-scene-2023\/#article","isPartOf":{"@id":"https:\/\/werocksport.com\/gr20-broad-peak-k2-dawn-wall-programme-vertigineux-pour-montagne-en-scene-2023\/"},"author":{"name":"vincent girard","@id":"https:\/\/werocksport.com\/#\/schema\/person\/fda0db71bd8f31705d1685623d7ec3d9"},"headline":"GR20, Broad Peak, K2, Dawn Wall\u00a0: Programme vertigineux pour Montagne en Sc\u00e8ne\u00a02023","datePublished":"2023-03-20T15:50:34+00:00","dateModified":"2023-03-20T15:50:46+00:00","mainEntityOfPage":{"@id":"https:\/\/werocksport.com\/gr20-broad-peak-k2-dawn-wall-programme-vertigineux-pour-montagne-en-scene-2023\/"},"wordCount":630,"publisher":{"@id":"https:\/\/werocksport.com\/#organization"},"image":{"@id":"https:\/\/werocksport.com\/gr20-broad-peak-k2-dawn-wall-programme-vertigineux-pour-montagne-en-scene-2023\/#primaryimage"},"thumbnailUrl":"https:\/\/werocksport.com\/wp-content\/uploads\/2023\/03\/Bandeau-1920x1080fond-logo.jpg","keywords":["montagne en sc\u00e8ne"],"articleSection":["Aventure"],"inLanguage":"it-IT"},{"@type":"WebPage","@id":"https:\/\/werocksport.com\/gr20-broad-peak-k2-dawn-wall-programme-vertigineux-pour-montagne-en-scene-2023\/","url":"https:\/\/werocksport.com\/gr20-broad-peak-k2-dawn-wall-programme-vertigineux-pour-montagne-en-scene-2023\/","name":"GR20, Broad Peak, K2, Dawn Wall: programma vertiginoso per Montagne en Sc\u00e8ne 2023 - We Rock Sport","isPartOf":{"@id":"https:\/\/werocksport.com\/#website"},"primaryImageOfPage":{"@id":"https:\/\/werocksport.com\/gr20-broad-peak-k2-dawn-wall-programme-vertigineux-pour-montagne-en-scene-2023\/#primaryimage"},"image":{"@id":"https:\/\/werocksport.com\/gr20-broad-peak-k2-dawn-wall-programme-vertigineux-pour-montagne-en-scene-2023\/#primaryimage"},"thumbnailUrl":"https:\/\/werocksport.com\/wp-content\/uploads\/2023\/03\/Bandeau-1920x1080fond-logo.jpg","datePublished":"2023-03-20T15:50:34+00:00","dateModified":"2023-03-20T15:50:46+00:00","breadcrumb":{"@id":"https:\/\/werocksport.com\/gr20-broad-peak-k2-dawn-wall-programme-vertigineux-pour-montagne-en-scene-2023\/#breadcrumb"},"inLanguage":"it-IT","potentialAction":[{"@type":"ReadAction","target":["https:\/\/werocksport.com\/gr20-broad-peak-k2-dawn-wall-programme-vertigineux-pour-montagne-en-scene-2023\/"]}]},{"@type":"ImageObject","inLanguage":"it-IT","@id":"https:\/\/werocksport.com\/gr20-broad-peak-k2-dawn-wall-programme-vertigineux-pour-montagne-en-scene-2023\/#primaryimage","url":"https:\/\/werocksport.com\/wp-content\/uploads\/2023\/03\/Bandeau-1920x1080fond-logo.jpg","contentUrl":"https:\/\/werocksport.com\/wp-content\/uploads\/2023\/03\/Bandeau-1920x1080fond-logo.jpg","width":1920,"height":1080},{"@type":"BreadcrumbList","@id":"https:\/\/werocksport.com\/gr20-broad-peak-k2-dawn-wall-programme-vertigineux-pour-montagne-en-scene-2023\/#breadcrumb","itemListElement":[{"@type":"ListItem","position":1,"name":"Home","item":"https:\/\/werocksport.com\/"},{"@type":"ListItem","position":2,"name":"GR20, Broad Peak, K2, Dawn Wall\u00a0: Programme vertigineux pour Montagne en Sc\u00e8ne\u00a02023"}]},{"@type":"WebSite","@id":"https:\/\/werocksport.com\/#website","url":"https:\/\/werocksport.com\/","name":"Noi Rock Sport","description":"100% per esterni!","publisher":{"@id":"https:\/\/werocksport.com\/#organization"},"potentialAction":[{"@type":"SearchAction","target":{"@type":"EntryPoint","urlTemplate":"https:\/\/werocksport.com\/?s={search_term_string}"},"query-input":{"@type":"PropertyValueSpecification","valueRequired":true,"valueName":"search_term_string"}}],"inLanguage":"it-IT"},{"@type":"Organization","@id":"https:\/\/werocksport.com\/#organization","name":"Noi Rock Sport","url":"https:\/\/werocksport.com\/","logo":{"@type":"ImageObject","inLanguage":"it-IT","@id":"https:\/\/werocksport.com\/#\/schema\/logo\/image\/","url":"https:\/\/werocksport.com\/wp-content\/uploads\/2020\/12\/WRS-logo.png","contentUrl":"https:\/\/werocksport.com\/wp-content\/uploads\/2020\/12\/WRS-logo.png","width":136,"height":60,"caption":"We Rock Sport"},"image":{"@id":"https:\/\/werocksport.com\/#\/schema\/logo\/image\/"}},{"@type":"Person","@id":"https:\/\/werocksport.com\/#\/schema\/person\/fda0db71bd8f31705d1685623d7ec3d9","name":"vincent girard","image":{"@type":"ImageObject","inLanguage":"it-IT","@id":"https:\/\/secure.gravatar.com\/avatar\/d110edb058ac132daf0a052c59f3f137e4842586bc4e35431e2ca6e70a27b393?s=96&d=mm&r=g","url":"https:\/\/secure.gravatar.com\/avatar\/d110edb058ac132daf0a052c59f3f137e4842586bc4e35431e2ca6e70a27b393?s=96&d=mm&r=g","contentUrl":"https:\/\/secure.gravatar.com\/avatar\/d110edb058ac132daf0a052c59f3f137e4842586bc4e35431e2ca6e70a27b393?s=96&d=mm&r=g","caption":"vincent girard"}}]}},"jetpack_featured_media_url":"https:\/\/werocksport.com\/wp-content\/uploads\/2023\/03\/Bandeau-1920x1080fond-logo.jpg","_links":{"self":[{"href":"https:\/\/werocksport.com\/it\/wp-json\/wp\/v2\/posts\/3569","targetHints":{"allow":["GET"]}}],"collection":[{"href":"https:\/\/werocksport.com\/it\/wp-json\/wp\/v2\/posts"}],"about":[{"href":"https:\/\/werocksport.com\/it\/wp-json\/wp\/v2\/types\/post"}],"author":[{"embeddable":true,"href":"https:\/\/werocksport.com\/it\/wp-json\/wp\/v2\/users\/11"}],"replies":[{"embeddable":true,"href":"https:\/\/werocksport.com\/it\/wp-json\/wp\/v2\/comments?post=3569"}],"version-history":[{"count":2,"href":"https:\/\/werocksport.com\/it\/wp-json\/wp\/v2\/posts\/3569\/revisions"}],"predecessor-version":[{"id":3576,"href":"https:\/\/werocksport.com\/it\/wp-json\/wp\/v2\/posts\/3569\/revisions\/3576"}],"wp:featuredmedia":[{"embeddable":true,"href":"https:\/\/werocksport.com\/it\/wp-json\/wp\/v2\/media\/3574"}],"wp:attachment":[{"href":"https:\/\/werocksport.com\/it\/wp-json\/wp\/v2\/media?parent=3569"}],"wp:term":[{"taxonomy":"category","embeddable":true,"href":"https:\/\/werocksport.com\/it\/wp-json\/wp\/v2\/categories?post=3569"},{"taxonomy":"post_tag","embeddable":true,"href":"https:\/\/werocksport.com\/it\/wp-json\/wp\/v2\/tags?post=3569"}],"curies":[{"name":"wp","href":"https:\/\/api.w.org\/{rel}","templated":true}]}}