{"id":3206,"date":"2023-01-10T12:41:54","date_gmt":"2023-01-10T11:41:54","guid":{"rendered":"https:\/\/werocksport.com\/?p=3206"},"modified":"2023-01-10T12:41:55","modified_gmt":"2023-01-10T11:41:55","slug":"kilian-bron-dans-un-duo-ski-vtt-sur-la-plus-haute-dune-du-monde","status":"publish","type":"post","link":"https:\/\/werocksport.com\/it\/kilian-bron-dans-un-duo-ski-vtt-sur-la-plus-haute-dune-du-monde\/","title":{"rendered":"Kilian Bron in un duo sci\/mountain bike sulla duna pi\u00f9 alta del mondo"},"content":{"rendered":"<p><strong>L'ambasciatore del Private Sport Shop ha presentato il suo prossimo documentario \"Fuego\" con questa favolosa corsa in coppia con lo sciatore Victor Broquedis.<\/strong><\/p>\n\n\n\n<p>Come sappiamo, Kilian Bron e il Sud America hanno un rapporto di lunga data. Il pilota francese ama percorrere i sentieri di questo continente e ha gi\u00e0 realizzato pi\u00f9 di un video con i paesaggi del Per\u00f9 o del Cile, quando non quelli del Messico, pi\u00f9 a nord, ma altrettanto ipnotici.<\/p>\n\n\n\n<figure class=\"wp-block-image size-large\"><img loading=\"lazy\" decoding=\"async\" width=\"1024\" height=\"683\" src=\"http:\/\/werocksport.com\/wp-content\/uploads\/2023\/01\/Photo-02-05-2022-21-32-56-1024x683.jpg\" alt=\"\" class=\"wp-image-3209\" srcset=\"https:\/\/werocksport.com\/wp-content\/uploads\/2023\/01\/Photo-02-05-2022-21-32-56-1024x683.jpg 1024w, https:\/\/werocksport.com\/wp-content\/uploads\/2023\/01\/Photo-02-05-2022-21-32-56-300x200.jpg 300w, https:\/\/werocksport.com\/wp-content\/uploads\/2023\/01\/Photo-02-05-2022-21-32-56-768x512.jpg 768w, https:\/\/werocksport.com\/wp-content\/uploads\/2023\/01\/Photo-02-05-2022-21-32-56-18x12.jpg 18w, https:\/\/werocksport.com\/wp-content\/uploads\/2023\/01\/Photo-02-05-2022-21-32-56-450x300.jpg 450w, https:\/\/werocksport.com\/wp-content\/uploads\/2023\/01\/Photo-02-05-2022-21-32-56-780x520.jpg 780w\" sizes=\"auto, (max-width: 1024px) 100vw, 1024px\" \/><\/figure>\n\n\n\n<p>\"Negli ultimi anni ho trascorso molto tempo in Sud America\", ha spiegato l'ambasciatore di Private Sport Shop nel suo ultimo libro 'Vertige Tout Terrain', presentato lo scorso anno. \"Mi sono innamorato del Per\u00f9 nel 2016, ma tutti gli altri Paesi di questo continente mi intrigano. A maggior ragione quando vi si trovano vulcani attivi e ghiacciai\". In Per\u00f9, \u00e8 stato in un ambiente sabbioso che il corridore di Commencal ha realizzato parte del suo ultimo film \"Fuego\". Mentre il documentario, realizzato nell'arco di tre mesi in Sud America, sar\u00e0 presentato tra un mese (e conterr\u00e0 filmati di lui che pedala e incontra la popolazione locale), Kilian ha rivelato un breve video girato sulla duna pi\u00f9 alta del mondo.<\/p>\n\n\n\n<figure class=\"wp-block-image size-large\"><img loading=\"lazy\" decoding=\"async\" width=\"1024\" height=\"683\" src=\"http:\/\/werocksport.com\/wp-content\/uploads\/2023\/01\/Photo-02-05-2022-22-38-00-1024x683.jpg\" alt=\"\" class=\"wp-image-3210\" srcset=\"https:\/\/werocksport.com\/wp-content\/uploads\/2023\/01\/Photo-02-05-2022-22-38-00-1024x683.jpg 1024w, https:\/\/werocksport.com\/wp-content\/uploads\/2023\/01\/Photo-02-05-2022-22-38-00-300x200.jpg 300w, https:\/\/werocksport.com\/wp-content\/uploads\/2023\/01\/Photo-02-05-2022-22-38-00-768x512.jpg 768w, https:\/\/werocksport.com\/wp-content\/uploads\/2023\/01\/Photo-02-05-2022-22-38-00-18x12.jpg 18w, https:\/\/werocksport.com\/wp-content\/uploads\/2023\/01\/Photo-02-05-2022-22-38-00-450x300.jpg 450w, https:\/\/werocksport.com\/wp-content\/uploads\/2023\/01\/Photo-02-05-2022-22-38-00-780x520.jpg 780w\" sizes=\"auto, (max-width: 1024px) 100vw, 1024px\" \/><\/figure>\n\n\n\n<p>Ed \u00e8 con lo sciatore Victor Broquedis (anch'egli sponsorizzato da Commencal, ma per le spatole) che Kilian Bron si \u00e8 recato a Nazca sulla vertiginosa pista di sabbia del Cerro Blanco. Questa duna \u00e8 semplicemente la pi\u00f9 alta del mondo e il mountain biker francese aveva gi\u00e0 avuto l'opportunit\u00e0 di discenderla come parte del primo episodio della sua web-serie intitolata \"Mission\". \"Il Cerro Blanco si innalza fino a circa duemila metri di altitudine\", aveva spiegato all'epoca. \"Si incontrano deliziosi scorpioni, perfetti per un boccone, ma anche enormi condor che volteggiano sopra di noi, in attesa di vederci asciugare in cima alla duna\".<\/p>\n\n\n\n<figure class=\"wp-block-embed is-type-video is-provider-youtube wp-block-embed-youtube wp-embed-aspect-16-9 wp-has-aspect-ratio\"><div class=\"wp-block-embed__wrapper\">\n<iframe loading=\"lazy\" title=\"DUNE - Kilian Bron &amp; Victor Broquedis\" width=\"1170\" height=\"658\" src=\"https:\/\/www.youtube.com\/embed\/YdBcemtvL94?feature=oembed\" frameborder=\"0\" allow=\"accelerometer; autoplay; clipboard-write; encrypted-media; gyroscope; picture-in-picture; web-share\" allowfullscreen><\/iframe>\n<\/div><\/figure>\n\n\n\n<p>Kilian e Victor non si sono \"asciugati\" e hanno disceso insieme questa immensa duna in un perfetto duetto tra sci e mountain bike. Il documentario completo sul Fuego sar\u00e0 presentato in anteprima al cinema Path\u00e9 di Annecy il 3 febbraio.<\/p>\n\n\n\n<figure class=\"wp-block-image size-large\"><img loading=\"lazy\" decoding=\"async\" width=\"1024\" height=\"341\" src=\"http:\/\/werocksport.com\/wp-content\/uploads\/2023\/01\/unnamed-1024x341.jpg\" alt=\"\" class=\"wp-image-3211\" srcset=\"https:\/\/werocksport.com\/wp-content\/uploads\/2023\/01\/unnamed-1024x341.jpg 1024w, https:\/\/werocksport.com\/wp-content\/uploads\/2023\/01\/unnamed-300x100.jpg 300w, https:\/\/werocksport.com\/wp-content\/uploads\/2023\/01\/unnamed-768x256.jpg 768w, https:\/\/werocksport.com\/wp-content\/uploads\/2023\/01\/unnamed-18x6.jpg 18w, https:\/\/werocksport.com\/wp-content\/uploads\/2023\/01\/unnamed-450x150.jpg 450w, https:\/\/werocksport.com\/wp-content\/uploads\/2023\/01\/unnamed-780x260.jpg 780w\" sizes=\"auto, (max-width: 1024px) 100vw, 1024px\" \/><\/figure>","protected":false},"excerpt":{"rendered":"<p>L\u2019ambassadeur Private Sport Shop a teas\u00e9 son prochain documentaire &#8220;Fuego&#8221; avec ce run fabuleux en duo avec le skieur Victor Broquedis. On le sait, Kilian Bron et l\u2019Am\u00e9rique du Sud, c\u2019est une relation qui dure depuis longtemps maintenant. Le rider fran\u00e7ais adore se rendre sur les sentiers de ce continent, et a d\u2019ailleurs d\u00e9j\u00e0 r\u00e9alis\u00e9 [&hellip;]<\/p>\n","protected":false},"author":11,"featured_media":3208,"comment_status":"closed","ping_status":"closed","sticky":false,"template":"","format":"standard","meta":{"footnotes":""},"categories":[44],"tags":[137],"class_list":{"0":"post-3206","1":"post","2":"type-post","3":"status-publish","4":"format-standard","5":"has-post-thumbnail","7":"category-aventure","8":"tag-vtt"},"yoast_head":"<!-- This site is optimized with the Yoast SEO plugin v27.2 - https:\/\/yoast.com\/product\/yoast-seo-wordpress\/ -->\n<title>Kilian Bron dans un duo ski \/ VTT sur la plus haute dune du monde - We Rock Sport<\/title>\n<meta name=\"robots\" content=\"index, follow, max-snippet:-1, max-image-preview:large, max-video-preview:-1\" \/>\n<link rel=\"canonical\" href=\"https:\/\/werocksport.com\/it\/kilian-bron-dans-un-duo-ski-vtt-sur-la-plus-haute-dune-du-monde\/\" \/>\n<meta property=\"og:locale\" content=\"it_IT\" \/>\n<meta property=\"og:type\" content=\"article\" \/>\n<meta property=\"og:title\" content=\"Kilian Bron dans un duo ski \/ VTT sur la plus haute dune du monde - We Rock Sport\" \/>\n<meta property=\"og:description\" content=\"L\u2019ambassadeur Private Sport Shop a teas\u00e9 son prochain documentaire &#8220;Fuego&#8221; avec ce run fabuleux en duo avec le skieur Victor Broquedis. On le sait, Kilian Bron et l\u2019Am\u00e9rique du Sud, c\u2019est une relation qui dure depuis longtemps maintenant. Le rider fran\u00e7ais adore se rendre sur les sentiers de ce continent, et a d\u2019ailleurs d\u00e9j\u00e0 r\u00e9alis\u00e9 [&hellip;]\" \/>\n<meta property=\"og:url\" content=\"https:\/\/werocksport.com\/it\/kilian-bron-dans-un-duo-ski-vtt-sur-la-plus-haute-dune-du-monde\/\" \/>\n<meta property=\"og:site_name\" content=\"We Rock Sport\" \/>\n<meta property=\"article:published_time\" content=\"2023-01-10T11:41:54+00:00\" \/>\n<meta property=\"article:modified_time\" content=\"2023-01-10T11:41:55+00:00\" \/>\n<meta property=\"og:image\" content=\"https:\/\/werocksport.com\/wp-content\/uploads\/2023\/01\/Photo-02-01-2023-16-58-20-scaled.jpg\" \/>\n\t<meta property=\"og:image:width\" content=\"2560\" \/>\n\t<meta property=\"og:image:height\" content=\"1440\" \/>\n\t<meta property=\"og:image:type\" content=\"image\/jpeg\" \/>\n<meta name=\"author\" content=\"vincent girard\" \/>\n<meta name=\"twitter:card\" content=\"summary_large_image\" \/>\n<meta name=\"twitter:label1\" content=\"Scritto da\" \/>\n\t<meta name=\"twitter:data1\" content=\"vincent girard\" \/>\n\t<meta name=\"twitter:label2\" content=\"Tempo di lettura stimato\" \/>\n\t<meta name=\"twitter:data2\" content=\"3 minuti\" \/>\n<script type=\"application\/ld+json\" class=\"yoast-schema-graph\">{\"@context\":\"https:\/\/schema.org\",\"@graph\":[{\"@type\":\"Article\",\"@id\":\"https:\/\/werocksport.com\/kilian-bron-dans-un-duo-ski-vtt-sur-la-plus-haute-dune-du-monde\/#article\",\"isPartOf\":{\"@id\":\"https:\/\/werocksport.com\/kilian-bron-dans-un-duo-ski-vtt-sur-la-plus-haute-dune-du-monde\/\"},\"author\":{\"name\":\"vincent girard\",\"@id\":\"https:\/\/werocksport.com\/#\/schema\/person\/fda0db71bd8f31705d1685623d7ec3d9\"},\"headline\":\"Kilian Bron dans un duo ski \/ VTT sur la plus haute dune du monde\",\"datePublished\":\"2023-01-10T11:41:54+00:00\",\"dateModified\":\"2023-01-10T11:41:55+00:00\",\"mainEntityOfPage\":{\"@id\":\"https:\/\/werocksport.com\/kilian-bron-dans-un-duo-ski-vtt-sur-la-plus-haute-dune-du-monde\/\"},\"wordCount\":427,\"publisher\":{\"@id\":\"https:\/\/werocksport.com\/#organization\"},\"image\":{\"@id\":\"https:\/\/werocksport.com\/kilian-bron-dans-un-duo-ski-vtt-sur-la-plus-haute-dune-du-monde\/#primaryimage\"},\"thumbnailUrl\":\"https:\/\/werocksport.com\/wp-content\/uploads\/2023\/01\/Photo-02-01-2023-16-58-20-scaled.jpg\",\"keywords\":[\"VTT\"],\"articleSection\":[\"Aventure\"],\"inLanguage\":\"it-IT\"},{\"@type\":\"WebPage\",\"@id\":\"https:\/\/werocksport.com\/kilian-bron-dans-un-duo-ski-vtt-sur-la-plus-haute-dune-du-monde\/\",\"url\":\"https:\/\/werocksport.com\/kilian-bron-dans-un-duo-ski-vtt-sur-la-plus-haute-dune-du-monde\/\",\"name\":\"Kilian Bron dans un duo ski \/ VTT sur la plus haute dune du monde - We Rock Sport\",\"isPartOf\":{\"@id\":\"https:\/\/werocksport.com\/#website\"},\"primaryImageOfPage\":{\"@id\":\"https:\/\/werocksport.com\/kilian-bron-dans-un-duo-ski-vtt-sur-la-plus-haute-dune-du-monde\/#primaryimage\"},\"image\":{\"@id\":\"https:\/\/werocksport.com\/kilian-bron-dans-un-duo-ski-vtt-sur-la-plus-haute-dune-du-monde\/#primaryimage\"},\"thumbnailUrl\":\"https:\/\/werocksport.com\/wp-content\/uploads\/2023\/01\/Photo-02-01-2023-16-58-20-scaled.jpg\",\"datePublished\":\"2023-01-10T11:41:54+00:00\",\"dateModified\":\"2023-01-10T11:41:55+00:00\",\"breadcrumb\":{\"@id\":\"https:\/\/werocksport.com\/kilian-bron-dans-un-duo-ski-vtt-sur-la-plus-haute-dune-du-monde\/#breadcrumb\"},\"inLanguage\":\"it-IT\",\"potentialAction\":[{\"@type\":\"ReadAction\",\"target\":[\"https:\/\/werocksport.com\/kilian-bron-dans-un-duo-ski-vtt-sur-la-plus-haute-dune-du-monde\/\"]}]},{\"@type\":\"ImageObject\",\"inLanguage\":\"it-IT\",\"@id\":\"https:\/\/werocksport.com\/kilian-bron-dans-un-duo-ski-vtt-sur-la-plus-haute-dune-du-monde\/#primaryimage\",\"url\":\"https:\/\/werocksport.com\/wp-content\/uploads\/2023\/01\/Photo-02-01-2023-16-58-20-scaled.jpg\",\"contentUrl\":\"https:\/\/werocksport.com\/wp-content\/uploads\/2023\/01\/Photo-02-01-2023-16-58-20-scaled.jpg\",\"width\":2560,\"height\":1440},{\"@type\":\"BreadcrumbList\",\"@id\":\"https:\/\/werocksport.com\/kilian-bron-dans-un-duo-ski-vtt-sur-la-plus-haute-dune-du-monde\/#breadcrumb\",\"itemListElement\":[{\"@type\":\"ListItem\",\"position\":1,\"name\":\"Home\",\"item\":\"https:\/\/werocksport.com\/\"},{\"@type\":\"ListItem\",\"position\":2,\"name\":\"Kilian Bron dans un duo ski \/ VTT sur la plus haute dune du monde\"}]},{\"@type\":\"WebSite\",\"@id\":\"https:\/\/werocksport.com\/#website\",\"url\":\"https:\/\/werocksport.com\/\",\"name\":\"We Rock Sport\",\"description\":\"le m\u00e9dia 100% outdoor !\",\"publisher\":{\"@id\":\"https:\/\/werocksport.com\/#organization\"},\"potentialAction\":[{\"@type\":\"SearchAction\",\"target\":{\"@type\":\"EntryPoint\",\"urlTemplate\":\"https:\/\/werocksport.com\/?s={search_term_string}\"},\"query-input\":{\"@type\":\"PropertyValueSpecification\",\"valueRequired\":true,\"valueName\":\"search_term_string\"}}],\"inLanguage\":\"it-IT\"},{\"@type\":\"Organization\",\"@id\":\"https:\/\/werocksport.com\/#organization\",\"name\":\"We Rock Sport\",\"url\":\"https:\/\/werocksport.com\/\",\"logo\":{\"@type\":\"ImageObject\",\"inLanguage\":\"it-IT\",\"@id\":\"https:\/\/werocksport.com\/#\/schema\/logo\/image\/\",\"url\":\"https:\/\/werocksport.com\/wp-content\/uploads\/2020\/12\/WRS-logo.png\",\"contentUrl\":\"https:\/\/werocksport.com\/wp-content\/uploads\/2020\/12\/WRS-logo.png\",\"width\":136,\"height\":60,\"caption\":\"We Rock Sport\"},\"image\":{\"@id\":\"https:\/\/werocksport.com\/#\/schema\/logo\/image\/\"}},{\"@type\":\"Person\",\"@id\":\"https:\/\/werocksport.com\/#\/schema\/person\/fda0db71bd8f31705d1685623d7ec3d9\",\"name\":\"vincent girard\",\"image\":{\"@type\":\"ImageObject\",\"inLanguage\":\"it-IT\",\"@id\":\"https:\/\/secure.gravatar.com\/avatar\/d110edb058ac132daf0a052c59f3f137e4842586bc4e35431e2ca6e70a27b393?s=96&d=mm&r=g\",\"url\":\"https:\/\/secure.gravatar.com\/avatar\/d110edb058ac132daf0a052c59f3f137e4842586bc4e35431e2ca6e70a27b393?s=96&d=mm&r=g\",\"contentUrl\":\"https:\/\/secure.gravatar.com\/avatar\/d110edb058ac132daf0a052c59f3f137e4842586bc4e35431e2ca6e70a27b393?s=96&d=mm&r=g\",\"caption\":\"vincent girard\"}}]}<\/script>\n<!-- \/ Yoast SEO plugin. -->","yoast_head_json":{"title":"Kilian Bron in un duo sci\/mountain bike sulla duna pi\u00f9 alta del mondo - We Rock Sport","robots":{"index":"index","follow":"follow","max-snippet":"max-snippet:-1","max-image-preview":"max-image-preview:large","max-video-preview":"max-video-preview:-1"},"canonical":"https:\/\/werocksport.com\/it\/kilian-bron-dans-un-duo-ski-vtt-sur-la-plus-haute-dune-du-monde\/","og_locale":"it_IT","og_type":"article","og_title":"Kilian Bron dans un duo ski \/ VTT sur la plus haute dune du monde - We Rock Sport","og_description":"L\u2019ambassadeur Private Sport Shop a teas\u00e9 son prochain documentaire &#8220;Fuego&#8221; avec ce run fabuleux en duo avec le skieur Victor Broquedis. On le sait, Kilian Bron et l\u2019Am\u00e9rique du Sud, c\u2019est une relation qui dure depuis longtemps maintenant. Le rider fran\u00e7ais adore se rendre sur les sentiers de ce continent, et a d\u2019ailleurs d\u00e9j\u00e0 r\u00e9alis\u00e9 [&hellip;]","og_url":"https:\/\/werocksport.com\/it\/kilian-bron-dans-un-duo-ski-vtt-sur-la-plus-haute-dune-du-monde\/","og_site_name":"We Rock Sport","article_published_time":"2023-01-10T11:41:54+00:00","article_modified_time":"2023-01-10T11:41:55+00:00","og_image":[{"width":2560,"height":1440,"url":"https:\/\/werocksport.com\/wp-content\/uploads\/2023\/01\/Photo-02-01-2023-16-58-20-scaled.jpg","type":"image\/jpeg"}],"author":"vincent girard","twitter_card":"summary_large_image","twitter_misc":{"Scritto da":"vincent girard","Tempo di lettura stimato":"3 minuti"},"schema":{"@context":"https:\/\/schema.org","@graph":[{"@type":"Article","@id":"https:\/\/werocksport.com\/kilian-bron-dans-un-duo-ski-vtt-sur-la-plus-haute-dune-du-monde\/#article","isPartOf":{"@id":"https:\/\/werocksport.com\/kilian-bron-dans-un-duo-ski-vtt-sur-la-plus-haute-dune-du-monde\/"},"author":{"name":"vincent girard","@id":"https:\/\/werocksport.com\/#\/schema\/person\/fda0db71bd8f31705d1685623d7ec3d9"},"headline":"Kilian Bron dans un duo ski \/ VTT sur la plus haute dune du monde","datePublished":"2023-01-10T11:41:54+00:00","dateModified":"2023-01-10T11:41:55+00:00","mainEntityOfPage":{"@id":"https:\/\/werocksport.com\/kilian-bron-dans-un-duo-ski-vtt-sur-la-plus-haute-dune-du-monde\/"},"wordCount":427,"publisher":{"@id":"https:\/\/werocksport.com\/#organization"},"image":{"@id":"https:\/\/werocksport.com\/kilian-bron-dans-un-duo-ski-vtt-sur-la-plus-haute-dune-du-monde\/#primaryimage"},"thumbnailUrl":"https:\/\/werocksport.com\/wp-content\/uploads\/2023\/01\/Photo-02-01-2023-16-58-20-scaled.jpg","keywords":["VTT"],"articleSection":["Aventure"],"inLanguage":"it-IT"},{"@type":"WebPage","@id":"https:\/\/werocksport.com\/kilian-bron-dans-un-duo-ski-vtt-sur-la-plus-haute-dune-du-monde\/","url":"https:\/\/werocksport.com\/kilian-bron-dans-un-duo-ski-vtt-sur-la-plus-haute-dune-du-monde\/","name":"Kilian Bron in un duo sci\/mountain bike sulla duna pi\u00f9 alta del mondo - We Rock Sport","isPartOf":{"@id":"https:\/\/werocksport.com\/#website"},"primaryImageOfPage":{"@id":"https:\/\/werocksport.com\/kilian-bron-dans-un-duo-ski-vtt-sur-la-plus-haute-dune-du-monde\/#primaryimage"},"image":{"@id":"https:\/\/werocksport.com\/kilian-bron-dans-un-duo-ski-vtt-sur-la-plus-haute-dune-du-monde\/#primaryimage"},"thumbnailUrl":"https:\/\/werocksport.com\/wp-content\/uploads\/2023\/01\/Photo-02-01-2023-16-58-20-scaled.jpg","datePublished":"2023-01-10T11:41:54+00:00","dateModified":"2023-01-10T11:41:55+00:00","breadcrumb":{"@id":"https:\/\/werocksport.com\/kilian-bron-dans-un-duo-ski-vtt-sur-la-plus-haute-dune-du-monde\/#breadcrumb"},"inLanguage":"it-IT","potentialAction":[{"@type":"ReadAction","target":["https:\/\/werocksport.com\/kilian-bron-dans-un-duo-ski-vtt-sur-la-plus-haute-dune-du-monde\/"]}]},{"@type":"ImageObject","inLanguage":"it-IT","@id":"https:\/\/werocksport.com\/kilian-bron-dans-un-duo-ski-vtt-sur-la-plus-haute-dune-du-monde\/#primaryimage","url":"https:\/\/werocksport.com\/wp-content\/uploads\/2023\/01\/Photo-02-01-2023-16-58-20-scaled.jpg","contentUrl":"https:\/\/werocksport.com\/wp-content\/uploads\/2023\/01\/Photo-02-01-2023-16-58-20-scaled.jpg","width":2560,"height":1440},{"@type":"BreadcrumbList","@id":"https:\/\/werocksport.com\/kilian-bron-dans-un-duo-ski-vtt-sur-la-plus-haute-dune-du-monde\/#breadcrumb","itemListElement":[{"@type":"ListItem","position":1,"name":"Home","item":"https:\/\/werocksport.com\/"},{"@type":"ListItem","position":2,"name":"Kilian Bron dans un duo ski \/ VTT sur la plus haute dune du monde"}]},{"@type":"WebSite","@id":"https:\/\/werocksport.com\/#website","url":"https:\/\/werocksport.com\/","name":"Noi Rock Sport","description":"100% per esterni!","publisher":{"@id":"https:\/\/werocksport.com\/#organization"},"potentialAction":[{"@type":"SearchAction","target":{"@type":"EntryPoint","urlTemplate":"https:\/\/werocksport.com\/?s={search_term_string}"},"query-input":{"@type":"PropertyValueSpecification","valueRequired":true,"valueName":"search_term_string"}}],"inLanguage":"it-IT"},{"@type":"Organization","@id":"https:\/\/werocksport.com\/#organization","name":"Noi Rock Sport","url":"https:\/\/werocksport.com\/","logo":{"@type":"ImageObject","inLanguage":"it-IT","@id":"https:\/\/werocksport.com\/#\/schema\/logo\/image\/","url":"https:\/\/werocksport.com\/wp-content\/uploads\/2020\/12\/WRS-logo.png","contentUrl":"https:\/\/werocksport.com\/wp-content\/uploads\/2020\/12\/WRS-logo.png","width":136,"height":60,"caption":"We Rock Sport"},"image":{"@id":"https:\/\/werocksport.com\/#\/schema\/logo\/image\/"}},{"@type":"Person","@id":"https:\/\/werocksport.com\/#\/schema\/person\/fda0db71bd8f31705d1685623d7ec3d9","name":"vincent girard","image":{"@type":"ImageObject","inLanguage":"it-IT","@id":"https:\/\/secure.gravatar.com\/avatar\/d110edb058ac132daf0a052c59f3f137e4842586bc4e35431e2ca6e70a27b393?s=96&d=mm&r=g","url":"https:\/\/secure.gravatar.com\/avatar\/d110edb058ac132daf0a052c59f3f137e4842586bc4e35431e2ca6e70a27b393?s=96&d=mm&r=g","contentUrl":"https:\/\/secure.gravatar.com\/avatar\/d110edb058ac132daf0a052c59f3f137e4842586bc4e35431e2ca6e70a27b393?s=96&d=mm&r=g","caption":"vincent girard"}}]}},"jetpack_featured_media_url":"https:\/\/werocksport.com\/wp-content\/uploads\/2023\/01\/Photo-02-01-2023-16-58-20-scaled.jpg","_links":{"self":[{"href":"https:\/\/werocksport.com\/it\/wp-json\/wp\/v2\/posts\/3206","targetHints":{"allow":["GET"]}}],"collection":[{"href":"https:\/\/werocksport.com\/it\/wp-json\/wp\/v2\/posts"}],"about":[{"href":"https:\/\/werocksport.com\/it\/wp-json\/wp\/v2\/types\/post"}],"author":[{"embeddable":true,"href":"https:\/\/werocksport.com\/it\/wp-json\/wp\/v2\/users\/11"}],"replies":[{"embeddable":true,"href":"https:\/\/werocksport.com\/it\/wp-json\/wp\/v2\/comments?post=3206"}],"version-history":[{"count":3,"href":"https:\/\/werocksport.com\/it\/wp-json\/wp\/v2\/posts\/3206\/revisions"}],"predecessor-version":[{"id":3213,"href":"https:\/\/werocksport.com\/it\/wp-json\/wp\/v2\/posts\/3206\/revisions\/3213"}],"wp:featuredmedia":[{"embeddable":true,"href":"https:\/\/werocksport.com\/it\/wp-json\/wp\/v2\/media\/3208"}],"wp:attachment":[{"href":"https:\/\/werocksport.com\/it\/wp-json\/wp\/v2\/media?parent=3206"}],"wp:term":[{"taxonomy":"category","embeddable":true,"href":"https:\/\/werocksport.com\/it\/wp-json\/wp\/v2\/categories?post=3206"},{"taxonomy":"post_tag","embeddable":true,"href":"https:\/\/werocksport.com\/it\/wp-json\/wp\/v2\/tags?post=3206"}],"curies":[{"name":"wp","href":"https:\/\/api.w.org\/{rel}","templated":true}]}}