{"id":3138,"date":"2022-12-20T09:00:00","date_gmt":"2022-12-20T08:00:00","guid":{"rendered":"https:\/\/werocksport.com\/?p=3138"},"modified":"2022-12-18T11:53:35","modified_gmt":"2022-12-18T10:53:35","slug":"saray-nkusi-khumalo-premiere-africaine-sur-le-toit-du-monde","status":"publish","type":"post","link":"https:\/\/werocksport.com\/it\/saray-nkusi-khumalo-premiere-africaine-sur-le-toit-du-monde\/","title":{"rendered":"Saray N'kusi Khumalo, prima donna africana sul tetto del mondo"},"content":{"rendered":"<p><strong>Saray N'kusi Khumalo, imprenditrice sudafricana, ha scalato con successo l'Everest nel 2019. Dopo Sibusiso Vilane nel 2003, il primo uomo di colore a scalare l'Everest, \u00e8 diventata la prima donna nera africana a raggiungere il tetto del mondo, dove a sua volta ha esposto con orgoglio la bandiera del Sudafrica. @<a href=\"https:\/\/www.instagram.com\/saraykhumalo\/\">saraykhumalo<\/a><\/strong><\/p>\n\n\n\n<figure class=\"wp-block-embed is-type-video is-provider-vimeo wp-block-embed-vimeo\"><div class=\"wp-block-embed__wrapper\">\n<iframe loading=\"lazy\" title=\"WRS-BRUT-WRS-2_Saray N&#039;kusi Khumalo, prima donna africana sul tetto del mondo_V1\" src=\"https:\/\/player.vimeo.com\/video\/774148741?h=0dd864a33a&amp;dnt=1&amp;app_id=122963\" width=\"800\" height=\"1000\" frameborder=\"0\" allow=\"autoplay; fullscreen; picture-in-picture\" allowfullscreen><\/iframe>\n<\/div><\/figure>","protected":false},"excerpt":{"rendered":"<p>Saray N'kusi Khumalo, imprenditrice sudafricana, ha scalato con successo l'Everest nel 2019. Dopo Sibusiso Vilane nel 2003, il primo uomo di colore a scalare l'Everest, \u00e8 diventata la prima donna nera africana a raggiungere il tetto del mondo, dove a sua volta ha esposto con orgoglio la bandiera del Sudafrica. @saraykhumalo<\/p>","protected":false},"author":12,"featured_media":3139,"comment_status":"closed","ping_status":"closed","sticky":false,"template":"","format":"video","meta":{"footnotes":""},"categories":[48],"tags":[],"class_list":{"0":"post-3138","1":"post","2":"type-post","3":"status-publish","4":"format-video","5":"has-post-thumbnail","7":"category-inspiration","8":"post_format-post-format-video"},"yoast_head":"<!-- This site is optimized with the Yoast SEO plugin v27.2 - https:\/\/yoast.com\/product\/yoast-seo-wordpress\/ -->\n<title>Saray N\u2019kusi Khumalo, premi\u00e8re Africaine sur le toit du monde - We Rock Sport<\/title>\n<meta name=\"robots\" content=\"index, follow, max-snippet:-1, max-image-preview:large, max-video-preview:-1\" \/>\n<link rel=\"canonical\" href=\"https:\/\/werocksport.com\/it\/saray-nkusi-khumalo-premiere-africaine-sur-le-toit-du-monde\/\" \/>\n<meta property=\"og:locale\" content=\"it_IT\" \/>\n<meta property=\"og:type\" content=\"article\" \/>\n<meta property=\"og:title\" content=\"Saray N\u2019kusi Khumalo, premi\u00e8re Africaine sur le toit du monde - We Rock Sport\" \/>\n<meta property=\"og:description\" content=\"Saray N\u2019kusi Khumalo, chef d\u2019entreprise sud-africaine a r\u00e9ussi en 2019, l\u2019ascension de l\u2019Everest. Apr\u00e8s Sibusiso Vilane, en 2003, premier homme noir \u00e0 gravir l\u2019Everest, elle devient la premi\u00e8re femme africaine noire \u00e0 atteindre le toit du monde o\u00f9 elle a, \u00e0 son tour, pos\u00e9 fi\u00e8rement le drapeau de l\u2019Afrique du Sud. @saraykhumalo\" \/>\n<meta property=\"og:url\" content=\"https:\/\/werocksport.com\/it\/saray-nkusi-khumalo-premiere-africaine-sur-le-toit-du-monde\/\" \/>\n<meta property=\"og:site_name\" content=\"We Rock Sport\" \/>\n<meta property=\"article:published_time\" content=\"2022-12-20T08:00:00+00:00\" \/>\n<meta property=\"og:image\" content=\"https:\/\/werocksport.com\/wp-content\/uploads\/2022\/12\/280238354_3279872242338769_311295682706402105_n.jpg\" \/>\n\t<meta property=\"og:image:width\" content=\"1073\" \/>\n\t<meta property=\"og:image:height\" content=\"681\" \/>\n\t<meta property=\"og:image:type\" content=\"image\/jpeg\" \/>\n<meta name=\"author\" content=\"Emmanuel Morell\" \/>\n<meta name=\"twitter:card\" content=\"summary_large_image\" \/>\n<meta name=\"twitter:label1\" content=\"Scritto da\" \/>\n\t<meta name=\"twitter:data1\" content=\"Emmanuel Morell\" \/>\n\t<meta name=\"twitter:label2\" content=\"Tempo di lettura stimato\" \/>\n\t<meta name=\"twitter:data2\" content=\"1 minuto\" \/>\n<script type=\"application\/ld+json\" class=\"yoast-schema-graph\">{\"@context\":\"https:\/\/schema.org\",\"@graph\":[{\"@type\":\"Article\",\"@id\":\"https:\/\/werocksport.com\/saray-nkusi-khumalo-premiere-africaine-sur-le-toit-du-monde\/#article\",\"isPartOf\":{\"@id\":\"https:\/\/werocksport.com\/saray-nkusi-khumalo-premiere-africaine-sur-le-toit-du-monde\/\"},\"author\":{\"name\":\"Emmanuel Morell\",\"@id\":\"https:\/\/werocksport.com\/#\/schema\/person\/dd296d720f707d08adeaf8cb80afb9ec\"},\"headline\":\"Saray N\u2019kusi Khumalo, premi\u00e8re Africaine sur le toit du monde\",\"datePublished\":\"2022-12-20T08:00:00+00:00\",\"mainEntityOfPage\":{\"@id\":\"https:\/\/werocksport.com\/saray-nkusi-khumalo-premiere-africaine-sur-le-toit-du-monde\/\"},\"wordCount\":74,\"publisher\":{\"@id\":\"https:\/\/werocksport.com\/#organization\"},\"image\":{\"@id\":\"https:\/\/werocksport.com\/saray-nkusi-khumalo-premiere-africaine-sur-le-toit-du-monde\/#primaryimage\"},\"thumbnailUrl\":\"https:\/\/werocksport.com\/wp-content\/uploads\/2022\/12\/280238354_3279872242338769_311295682706402105_n.jpg\",\"articleSection\":[\"Inspiration\"],\"inLanguage\":\"it-IT\"},{\"@type\":\"WebPage\",\"@id\":\"https:\/\/werocksport.com\/saray-nkusi-khumalo-premiere-africaine-sur-le-toit-du-monde\/\",\"url\":\"https:\/\/werocksport.com\/saray-nkusi-khumalo-premiere-africaine-sur-le-toit-du-monde\/\",\"name\":\"Saray N\u2019kusi Khumalo, premi\u00e8re Africaine sur le toit du monde - We Rock Sport\",\"isPartOf\":{\"@id\":\"https:\/\/werocksport.com\/#website\"},\"primaryImageOfPage\":{\"@id\":\"https:\/\/werocksport.com\/saray-nkusi-khumalo-premiere-africaine-sur-le-toit-du-monde\/#primaryimage\"},\"image\":{\"@id\":\"https:\/\/werocksport.com\/saray-nkusi-khumalo-premiere-africaine-sur-le-toit-du-monde\/#primaryimage\"},\"thumbnailUrl\":\"https:\/\/werocksport.com\/wp-content\/uploads\/2022\/12\/280238354_3279872242338769_311295682706402105_n.jpg\",\"datePublished\":\"2022-12-20T08:00:00+00:00\",\"breadcrumb\":{\"@id\":\"https:\/\/werocksport.com\/saray-nkusi-khumalo-premiere-africaine-sur-le-toit-du-monde\/#breadcrumb\"},\"inLanguage\":\"it-IT\",\"potentialAction\":[{\"@type\":\"ReadAction\",\"target\":[\"https:\/\/werocksport.com\/saray-nkusi-khumalo-premiere-africaine-sur-le-toit-du-monde\/\"]}]},{\"@type\":\"ImageObject\",\"inLanguage\":\"it-IT\",\"@id\":\"https:\/\/werocksport.com\/saray-nkusi-khumalo-premiere-africaine-sur-le-toit-du-monde\/#primaryimage\",\"url\":\"https:\/\/werocksport.com\/wp-content\/uploads\/2022\/12\/280238354_3279872242338769_311295682706402105_n.jpg\",\"contentUrl\":\"https:\/\/werocksport.com\/wp-content\/uploads\/2022\/12\/280238354_3279872242338769_311295682706402105_n.jpg\",\"width\":1073,\"height\":681},{\"@type\":\"BreadcrumbList\",\"@id\":\"https:\/\/werocksport.com\/saray-nkusi-khumalo-premiere-africaine-sur-le-toit-du-monde\/#breadcrumb\",\"itemListElement\":[{\"@type\":\"ListItem\",\"position\":1,\"name\":\"Home\",\"item\":\"https:\/\/werocksport.com\/\"},{\"@type\":\"ListItem\",\"position\":2,\"name\":\"Saray N\u2019kusi Khumalo, premi\u00e8re Africaine sur le toit du monde\"}]},{\"@type\":\"WebSite\",\"@id\":\"https:\/\/werocksport.com\/#website\",\"url\":\"https:\/\/werocksport.com\/\",\"name\":\"We Rock Sport\",\"description\":\"le m\u00e9dia 100% outdoor !\",\"publisher\":{\"@id\":\"https:\/\/werocksport.com\/#organization\"},\"potentialAction\":[{\"@type\":\"SearchAction\",\"target\":{\"@type\":\"EntryPoint\",\"urlTemplate\":\"https:\/\/werocksport.com\/?s={search_term_string}\"},\"query-input\":{\"@type\":\"PropertyValueSpecification\",\"valueRequired\":true,\"valueName\":\"search_term_string\"}}],\"inLanguage\":\"it-IT\"},{\"@type\":\"Organization\",\"@id\":\"https:\/\/werocksport.com\/#organization\",\"name\":\"We Rock Sport\",\"url\":\"https:\/\/werocksport.com\/\",\"logo\":{\"@type\":\"ImageObject\",\"inLanguage\":\"it-IT\",\"@id\":\"https:\/\/werocksport.com\/#\/schema\/logo\/image\/\",\"url\":\"https:\/\/werocksport.com\/wp-content\/uploads\/2020\/12\/WRS-logo.png\",\"contentUrl\":\"https:\/\/werocksport.com\/wp-content\/uploads\/2020\/12\/WRS-logo.png\",\"width\":136,\"height\":60,\"caption\":\"We Rock Sport\"},\"image\":{\"@id\":\"https:\/\/werocksport.com\/#\/schema\/logo\/image\/\"}},{\"@type\":\"Person\",\"@id\":\"https:\/\/werocksport.com\/#\/schema\/person\/dd296d720f707d08adeaf8cb80afb9ec\",\"name\":\"Emmanuel Morell\",\"image\":{\"@type\":\"ImageObject\",\"inLanguage\":\"it-IT\",\"@id\":\"https:\/\/secure.gravatar.com\/avatar\/de044757faaba64b0534f56a73332e8dea9b4e61cea3c751cba5b277b625215e?s=96&d=mm&r=g\",\"url\":\"https:\/\/secure.gravatar.com\/avatar\/de044757faaba64b0534f56a73332e8dea9b4e61cea3c751cba5b277b625215e?s=96&d=mm&r=g\",\"contentUrl\":\"https:\/\/secure.gravatar.com\/avatar\/de044757faaba64b0534f56a73332e8dea9b4e61cea3c751cba5b277b625215e?s=96&d=mm&r=g\",\"caption\":\"Emmanuel Morell\"}}]}<\/script>\n<!-- \/ Yoast SEO plugin. -->","yoast_head_json":{"title":"Saray N'kusi Khumalo, la prima donna africana sul tetto del mondo - We Rock Sport","robots":{"index":"index","follow":"follow","max-snippet":"max-snippet:-1","max-image-preview":"max-image-preview:large","max-video-preview":"max-video-preview:-1"},"canonical":"https:\/\/werocksport.com\/it\/saray-nkusi-khumalo-premiere-africaine-sur-le-toit-du-monde\/","og_locale":"it_IT","og_type":"article","og_title":"Saray N\u2019kusi Khumalo, premi\u00e8re Africaine sur le toit du monde - We Rock Sport","og_description":"Saray N\u2019kusi Khumalo, chef d\u2019entreprise sud-africaine a r\u00e9ussi en 2019, l\u2019ascension de l\u2019Everest. Apr\u00e8s Sibusiso Vilane, en 2003, premier homme noir \u00e0 gravir l\u2019Everest, elle devient la premi\u00e8re femme africaine noire \u00e0 atteindre le toit du monde o\u00f9 elle a, \u00e0 son tour, pos\u00e9 fi\u00e8rement le drapeau de l\u2019Afrique du Sud. @saraykhumalo","og_url":"https:\/\/werocksport.com\/it\/saray-nkusi-khumalo-premiere-africaine-sur-le-toit-du-monde\/","og_site_name":"We Rock Sport","article_published_time":"2022-12-20T08:00:00+00:00","og_image":[{"width":1073,"height":681,"url":"https:\/\/werocksport.com\/wp-content\/uploads\/2022\/12\/280238354_3279872242338769_311295682706402105_n.jpg","type":"image\/jpeg"}],"author":"Emmanuel Morell","twitter_card":"summary_large_image","twitter_misc":{"Scritto da":"Emmanuel Morell","Tempo di lettura stimato":"1 minuto"},"schema":{"@context":"https:\/\/schema.org","@graph":[{"@type":"Article","@id":"https:\/\/werocksport.com\/saray-nkusi-khumalo-premiere-africaine-sur-le-toit-du-monde\/#article","isPartOf":{"@id":"https:\/\/werocksport.com\/saray-nkusi-khumalo-premiere-africaine-sur-le-toit-du-monde\/"},"author":{"name":"Emmanuel Morell","@id":"https:\/\/werocksport.com\/#\/schema\/person\/dd296d720f707d08adeaf8cb80afb9ec"},"headline":"Saray N\u2019kusi Khumalo, premi\u00e8re Africaine sur le toit du monde","datePublished":"2022-12-20T08:00:00+00:00","mainEntityOfPage":{"@id":"https:\/\/werocksport.com\/saray-nkusi-khumalo-premiere-africaine-sur-le-toit-du-monde\/"},"wordCount":74,"publisher":{"@id":"https:\/\/werocksport.com\/#organization"},"image":{"@id":"https:\/\/werocksport.com\/saray-nkusi-khumalo-premiere-africaine-sur-le-toit-du-monde\/#primaryimage"},"thumbnailUrl":"https:\/\/werocksport.com\/wp-content\/uploads\/2022\/12\/280238354_3279872242338769_311295682706402105_n.jpg","articleSection":["Inspiration"],"inLanguage":"it-IT"},{"@type":"WebPage","@id":"https:\/\/werocksport.com\/saray-nkusi-khumalo-premiere-africaine-sur-le-toit-du-monde\/","url":"https:\/\/werocksport.com\/saray-nkusi-khumalo-premiere-africaine-sur-le-toit-du-monde\/","name":"Saray N'kusi Khumalo, la prima donna africana sul tetto del mondo - We Rock Sport","isPartOf":{"@id":"https:\/\/werocksport.com\/#website"},"primaryImageOfPage":{"@id":"https:\/\/werocksport.com\/saray-nkusi-khumalo-premiere-africaine-sur-le-toit-du-monde\/#primaryimage"},"image":{"@id":"https:\/\/werocksport.com\/saray-nkusi-khumalo-premiere-africaine-sur-le-toit-du-monde\/#primaryimage"},"thumbnailUrl":"https:\/\/werocksport.com\/wp-content\/uploads\/2022\/12\/280238354_3279872242338769_311295682706402105_n.jpg","datePublished":"2022-12-20T08:00:00+00:00","breadcrumb":{"@id":"https:\/\/werocksport.com\/saray-nkusi-khumalo-premiere-africaine-sur-le-toit-du-monde\/#breadcrumb"},"inLanguage":"it-IT","potentialAction":[{"@type":"ReadAction","target":["https:\/\/werocksport.com\/saray-nkusi-khumalo-premiere-africaine-sur-le-toit-du-monde\/"]}]},{"@type":"ImageObject","inLanguage":"it-IT","@id":"https:\/\/werocksport.com\/saray-nkusi-khumalo-premiere-africaine-sur-le-toit-du-monde\/#primaryimage","url":"https:\/\/werocksport.com\/wp-content\/uploads\/2022\/12\/280238354_3279872242338769_311295682706402105_n.jpg","contentUrl":"https:\/\/werocksport.com\/wp-content\/uploads\/2022\/12\/280238354_3279872242338769_311295682706402105_n.jpg","width":1073,"height":681},{"@type":"BreadcrumbList","@id":"https:\/\/werocksport.com\/saray-nkusi-khumalo-premiere-africaine-sur-le-toit-du-monde\/#breadcrumb","itemListElement":[{"@type":"ListItem","position":1,"name":"Home","item":"https:\/\/werocksport.com\/"},{"@type":"ListItem","position":2,"name":"Saray N\u2019kusi Khumalo, premi\u00e8re Africaine sur le toit du monde"}]},{"@type":"WebSite","@id":"https:\/\/werocksport.com\/#website","url":"https:\/\/werocksport.com\/","name":"Noi Rock Sport","description":"100% per esterni!","publisher":{"@id":"https:\/\/werocksport.com\/#organization"},"potentialAction":[{"@type":"SearchAction","target":{"@type":"EntryPoint","urlTemplate":"https:\/\/werocksport.com\/?s={search_term_string}"},"query-input":{"@type":"PropertyValueSpecification","valueRequired":true,"valueName":"search_term_string"}}],"inLanguage":"it-IT"},{"@type":"Organization","@id":"https:\/\/werocksport.com\/#organization","name":"Noi Rock Sport","url":"https:\/\/werocksport.com\/","logo":{"@type":"ImageObject","inLanguage":"it-IT","@id":"https:\/\/werocksport.com\/#\/schema\/logo\/image\/","url":"https:\/\/werocksport.com\/wp-content\/uploads\/2020\/12\/WRS-logo.png","contentUrl":"https:\/\/werocksport.com\/wp-content\/uploads\/2020\/12\/WRS-logo.png","width":136,"height":60,"caption":"We Rock Sport"},"image":{"@id":"https:\/\/werocksport.com\/#\/schema\/logo\/image\/"}},{"@type":"Person","@id":"https:\/\/werocksport.com\/#\/schema\/person\/dd296d720f707d08adeaf8cb80afb9ec","name":"Emmanuel Morell","image":{"@type":"ImageObject","inLanguage":"it-IT","@id":"https:\/\/secure.gravatar.com\/avatar\/de044757faaba64b0534f56a73332e8dea9b4e61cea3c751cba5b277b625215e?s=96&d=mm&r=g","url":"https:\/\/secure.gravatar.com\/avatar\/de044757faaba64b0534f56a73332e8dea9b4e61cea3c751cba5b277b625215e?s=96&d=mm&r=g","contentUrl":"https:\/\/secure.gravatar.com\/avatar\/de044757faaba64b0534f56a73332e8dea9b4e61cea3c751cba5b277b625215e?s=96&d=mm&r=g","caption":"Emmanuel Morell"}}]}},"jetpack_featured_media_url":"https:\/\/werocksport.com\/wp-content\/uploads\/2022\/12\/280238354_3279872242338769_311295682706402105_n.jpg","_links":{"self":[{"href":"https:\/\/werocksport.com\/it\/wp-json\/wp\/v2\/posts\/3138","targetHints":{"allow":["GET"]}}],"collection":[{"href":"https:\/\/werocksport.com\/it\/wp-json\/wp\/v2\/posts"}],"about":[{"href":"https:\/\/werocksport.com\/it\/wp-json\/wp\/v2\/types\/post"}],"author":[{"embeddable":true,"href":"https:\/\/werocksport.com\/it\/wp-json\/wp\/v2\/users\/12"}],"replies":[{"embeddable":true,"href":"https:\/\/werocksport.com\/it\/wp-json\/wp\/v2\/comments?post=3138"}],"version-history":[{"count":1,"href":"https:\/\/werocksport.com\/it\/wp-json\/wp\/v2\/posts\/3138\/revisions"}],"predecessor-version":[{"id":3140,"href":"https:\/\/werocksport.com\/it\/wp-json\/wp\/v2\/posts\/3138\/revisions\/3140"}],"wp:featuredmedia":[{"embeddable":true,"href":"https:\/\/werocksport.com\/it\/wp-json\/wp\/v2\/media\/3139"}],"wp:attachment":[{"href":"https:\/\/werocksport.com\/it\/wp-json\/wp\/v2\/media?parent=3138"}],"wp:term":[{"taxonomy":"category","embeddable":true,"href":"https:\/\/werocksport.com\/it\/wp-json\/wp\/v2\/categories?post=3138"},{"taxonomy":"post_tag","embeddable":true,"href":"https:\/\/werocksport.com\/it\/wp-json\/wp\/v2\/tags?post=3138"}],"curies":[{"name":"wp","href":"https:\/\/api.w.org\/{rel}","templated":true}]}}