{"id":2729,"date":"2022-10-21T07:00:00","date_gmt":"2022-10-21T05:00:00","guid":{"rendered":"https:\/\/werocksport.com\/?p=2729"},"modified":"2022-10-21T08:10:30","modified_gmt":"2022-10-21T06:10:30","slug":"xplore-alpes-festival-la-montagne-en-fete-du-21-au-30-octobre-2022","status":"publish","type":"post","link":"https:\/\/werocksport.com\/it\/xplore-alpes-festival-la-montagne-en-fete-du-21-au-30-octobre-2022\/","title":{"rendered":"Xplore Alpes Festival - Il festival della montagna dal 21 al 30 ottobre 2022"},"content":{"rendered":"<p><strong>Nel cuore della Tarentaise, Xplore Alpes Festival \u00e8 un evento amichevole con film sull'outdoor, l'avventura e gli sport di montagna presentati alla presenza dei protagonisti. \u00c8 anche una \"Accademia\" con attivit\u00e0 all'aperto supervisionate da professionisti della disciplina. Talks\" per discutere della montagna, delle sue sfide attuali e future. E un \"Villaggio\" con marchi, designer, associazioni, un'area dedicata ai giovani, concerti e DJ set per godersi le serate con la famiglia e gli amici. Save the date, la montagna festeggia dal 21 al 30 ottobre 2022!<\/strong><\/p>\n\n\n\n<p><a href=\"https:\/\/www.xplore-alpes-festival.com\/\">www.xplore-alpes-festival.com<\/a><\/p>\n\n\n\n<p>@<a href=\"https:\/\/www.instagram.com\/xplorealpesfestival\/?hl=fr\">xplorealpesfestival<\/a><\/p>\n\n\n\n<figure class=\"wp-block-embed is-type-video is-provider-vimeo wp-block-embed-vimeo\"><div class=\"wp-block-embed__wrapper\">\n<iframe loading=\"lazy\" title=\"2022-10 WRS - BRUT COMM - Festival Xplore Alpes - La montagna in festa dal 21 al 30 ottobre 2022_V1.mp4\" src=\"https:\/\/player.vimeo.com\/video\/761060921?h=348a953406&amp;dnt=1&amp;app_id=122963\" width=\"800\" height=\"1000\" frameborder=\"0\" allow=\"autoplay; fullscreen; picture-in-picture\" allowfullscreen><\/iframe>\n<\/div><\/figure>","protected":false},"excerpt":{"rendered":"<p>Au c\u0153ur de la Tarentaise, Xplore Alpes Festival est un \u00e9v\u00e9nement convivial avec des films de sport outdoor, d\u2019aventure et de montagne pr\u00e9sent\u00e9s en pr\u00e9sence des protagonistes. C\u2019est aussi une \u00ab Acad\u00e9mie \u00bb avec des activit\u00e9s plein air encadr\u00e9es par des professionnels de la discipline. Des \u00ab Causeries \u00bb pour \u00e9changer sur la montagne, ses [&hellip;]<\/p>\n","protected":false},"author":12,"featured_media":2732,"comment_status":"closed","ping_status":"closed","sticky":false,"template":"","format":"video","meta":{"footnotes":""},"categories":[99],"tags":[431,442,441,419,440,439],"class_list":{"0":"post-2729","1":"post","2":"type-post","3":"status-publish","4":"format-video","5":"has-post-thumbnail","7":"category-culture","8":"tag-festival-2","9":"tag-fete","10":"tag-films","11":"tag-montagne-2","12":"tag-outdoor-2","13":"tag-xplorealpesfestival","14":"post_format-post-format-video"},"yoast_head":"<!-- This site is optimized with the Yoast SEO plugin v27.2 - https:\/\/yoast.com\/product\/yoast-seo-wordpress\/ -->\n<title>Xplore Alpes Festival - La montagne en f\u00eate du 21 au 30 octobre 2022 - We Rock Sport<\/title>\n<meta name=\"robots\" content=\"index, follow, max-snippet:-1, max-image-preview:large, max-video-preview:-1\" \/>\n<link rel=\"canonical\" href=\"https:\/\/werocksport.com\/it\/xplore-alpes-festival-la-montagne-en-fete-du-21-au-30-octobre-2022\/\" \/>\n<meta property=\"og:locale\" content=\"it_IT\" \/>\n<meta property=\"og:type\" content=\"article\" \/>\n<meta property=\"og:title\" content=\"Xplore Alpes Festival - La montagne en f\u00eate du 21 au 30 octobre 2022 - We Rock Sport\" \/>\n<meta property=\"og:description\" content=\"Au c\u0153ur de la Tarentaise, Xplore Alpes Festival est un \u00e9v\u00e9nement convivial avec des films de sport outdoor, d\u2019aventure et de montagne pr\u00e9sent\u00e9s en pr\u00e9sence des protagonistes. C\u2019est aussi une \u00ab Acad\u00e9mie \u00bb avec des activit\u00e9s plein air encadr\u00e9es par des professionnels de la discipline. Des \u00ab Causeries \u00bb pour \u00e9changer sur la montagne, ses [&hellip;]\" \/>\n<meta property=\"og:url\" content=\"https:\/\/werocksport.com\/it\/xplore-alpes-festival-la-montagne-en-fete-du-21-au-30-octobre-2022\/\" \/>\n<meta property=\"og:site_name\" content=\"We Rock Sport\" \/>\n<meta property=\"article:published_time\" content=\"2022-10-21T05:00:00+00:00\" \/>\n<meta property=\"article:modified_time\" content=\"2022-10-21T06:10:30+00:00\" \/>\n<meta property=\"og:image\" content=\"https:\/\/werocksport.com\/wp-content\/uploads\/2022\/10\/296736392_407506884691821_8614670049663553525_n-1.jpg\" \/>\n\t<meta property=\"og:image:width\" content=\"1072\" \/>\n\t<meta property=\"og:image:height\" content=\"629\" \/>\n\t<meta property=\"og:image:type\" content=\"image\/jpeg\" \/>\n<meta name=\"author\" content=\"Emmanuel Morell\" \/>\n<meta name=\"twitter:card\" content=\"summary_large_image\" \/>\n<meta name=\"twitter:label1\" content=\"Scritto da\" \/>\n\t<meta name=\"twitter:data1\" content=\"Emmanuel Morell\" \/>\n\t<meta name=\"twitter:label2\" content=\"Tempo di lettura stimato\" \/>\n\t<meta name=\"twitter:data2\" content=\"1 minuto\" \/>\n<script type=\"application\/ld+json\" class=\"yoast-schema-graph\">{\"@context\":\"https:\/\/schema.org\",\"@graph\":[{\"@type\":\"Article\",\"@id\":\"https:\/\/werocksport.com\/xplore-alpes-festival-la-montagne-en-fete-du-21-au-30-octobre-2022\/#article\",\"isPartOf\":{\"@id\":\"https:\/\/werocksport.com\/xplore-alpes-festival-la-montagne-en-fete-du-21-au-30-octobre-2022\/\"},\"author\":{\"name\":\"Emmanuel Morell\",\"@id\":\"https:\/\/werocksport.com\/#\/schema\/person\/dd296d720f707d08adeaf8cb80afb9ec\"},\"headline\":\"Xplore Alpes Festival &#8211; La montagne en f\u00eate du 21 au 30 octobre 2022\",\"datePublished\":\"2022-10-21T05:00:00+00:00\",\"dateModified\":\"2022-10-21T06:10:30+00:00\",\"mainEntityOfPage\":{\"@id\":\"https:\/\/werocksport.com\/xplore-alpes-festival-la-montagne-en-fete-du-21-au-30-octobre-2022\/\"},\"wordCount\":131,\"publisher\":{\"@id\":\"https:\/\/werocksport.com\/#organization\"},\"image\":{\"@id\":\"https:\/\/werocksport.com\/xplore-alpes-festival-la-montagne-en-fete-du-21-au-30-octobre-2022\/#primaryimage\"},\"thumbnailUrl\":\"https:\/\/werocksport.com\/wp-content\/uploads\/2022\/10\/296736392_407506884691821_8614670049663553525_n-1.jpg\",\"keywords\":[\"#festival\",\"#F\u00eate\",\"#Films\",\"#montagne\",\"#Outdoor\",\"#XploreAlpesFestival\"],\"articleSection\":[\"Culture\"],\"inLanguage\":\"it-IT\"},{\"@type\":\"WebPage\",\"@id\":\"https:\/\/werocksport.com\/xplore-alpes-festival-la-montagne-en-fete-du-21-au-30-octobre-2022\/\",\"url\":\"https:\/\/werocksport.com\/xplore-alpes-festival-la-montagne-en-fete-du-21-au-30-octobre-2022\/\",\"name\":\"Xplore Alpes Festival - La montagne en f\u00eate du 21 au 30 octobre 2022 - We Rock Sport\",\"isPartOf\":{\"@id\":\"https:\/\/werocksport.com\/#website\"},\"primaryImageOfPage\":{\"@id\":\"https:\/\/werocksport.com\/xplore-alpes-festival-la-montagne-en-fete-du-21-au-30-octobre-2022\/#primaryimage\"},\"image\":{\"@id\":\"https:\/\/werocksport.com\/xplore-alpes-festival-la-montagne-en-fete-du-21-au-30-octobre-2022\/#primaryimage\"},\"thumbnailUrl\":\"https:\/\/werocksport.com\/wp-content\/uploads\/2022\/10\/296736392_407506884691821_8614670049663553525_n-1.jpg\",\"datePublished\":\"2022-10-21T05:00:00+00:00\",\"dateModified\":\"2022-10-21T06:10:30+00:00\",\"breadcrumb\":{\"@id\":\"https:\/\/werocksport.com\/xplore-alpes-festival-la-montagne-en-fete-du-21-au-30-octobre-2022\/#breadcrumb\"},\"inLanguage\":\"it-IT\",\"potentialAction\":[{\"@type\":\"ReadAction\",\"target\":[\"https:\/\/werocksport.com\/xplore-alpes-festival-la-montagne-en-fete-du-21-au-30-octobre-2022\/\"]}]},{\"@type\":\"ImageObject\",\"inLanguage\":\"it-IT\",\"@id\":\"https:\/\/werocksport.com\/xplore-alpes-festival-la-montagne-en-fete-du-21-au-30-octobre-2022\/#primaryimage\",\"url\":\"https:\/\/werocksport.com\/wp-content\/uploads\/2022\/10\/296736392_407506884691821_8614670049663553525_n-1.jpg\",\"contentUrl\":\"https:\/\/werocksport.com\/wp-content\/uploads\/2022\/10\/296736392_407506884691821_8614670049663553525_n-1.jpg\",\"width\":1072,\"height\":629},{\"@type\":\"BreadcrumbList\",\"@id\":\"https:\/\/werocksport.com\/xplore-alpes-festival-la-montagne-en-fete-du-21-au-30-octobre-2022\/#breadcrumb\",\"itemListElement\":[{\"@type\":\"ListItem\",\"position\":1,\"name\":\"Home\",\"item\":\"https:\/\/werocksport.com\/\"},{\"@type\":\"ListItem\",\"position\":2,\"name\":\"Xplore Alpes Festival &#8211; La montagne en f\u00eate du 21 au 30 octobre 2022\"}]},{\"@type\":\"WebSite\",\"@id\":\"https:\/\/werocksport.com\/#website\",\"url\":\"https:\/\/werocksport.com\/\",\"name\":\"We Rock Sport\",\"description\":\"le m\u00e9dia 100% outdoor !\",\"publisher\":{\"@id\":\"https:\/\/werocksport.com\/#organization\"},\"potentialAction\":[{\"@type\":\"SearchAction\",\"target\":{\"@type\":\"EntryPoint\",\"urlTemplate\":\"https:\/\/werocksport.com\/?s={search_term_string}\"},\"query-input\":{\"@type\":\"PropertyValueSpecification\",\"valueRequired\":true,\"valueName\":\"search_term_string\"}}],\"inLanguage\":\"it-IT\"},{\"@type\":\"Organization\",\"@id\":\"https:\/\/werocksport.com\/#organization\",\"name\":\"We Rock Sport\",\"url\":\"https:\/\/werocksport.com\/\",\"logo\":{\"@type\":\"ImageObject\",\"inLanguage\":\"it-IT\",\"@id\":\"https:\/\/werocksport.com\/#\/schema\/logo\/image\/\",\"url\":\"https:\/\/werocksport.com\/wp-content\/uploads\/2020\/12\/WRS-logo.png\",\"contentUrl\":\"https:\/\/werocksport.com\/wp-content\/uploads\/2020\/12\/WRS-logo.png\",\"width\":136,\"height\":60,\"caption\":\"We Rock Sport\"},\"image\":{\"@id\":\"https:\/\/werocksport.com\/#\/schema\/logo\/image\/\"}},{\"@type\":\"Person\",\"@id\":\"https:\/\/werocksport.com\/#\/schema\/person\/dd296d720f707d08adeaf8cb80afb9ec\",\"name\":\"Emmanuel Morell\",\"image\":{\"@type\":\"ImageObject\",\"inLanguage\":\"it-IT\",\"@id\":\"https:\/\/secure.gravatar.com\/avatar\/de044757faaba64b0534f56a73332e8dea9b4e61cea3c751cba5b277b625215e?s=96&d=mm&r=g\",\"url\":\"https:\/\/secure.gravatar.com\/avatar\/de044757faaba64b0534f56a73332e8dea9b4e61cea3c751cba5b277b625215e?s=96&d=mm&r=g\",\"contentUrl\":\"https:\/\/secure.gravatar.com\/avatar\/de044757faaba64b0534f56a73332e8dea9b4e61cea3c751cba5b277b625215e?s=96&d=mm&r=g\",\"caption\":\"Emmanuel Morell\"}}]}<\/script>\n<!-- \/ Yoast SEO plugin. -->","yoast_head_json":{"title":"Xplore Alpes Festival - Il Festival della Montagna dal 21 al 30 ottobre 2022 - We Rock Sport","robots":{"index":"index","follow":"follow","max-snippet":"max-snippet:-1","max-image-preview":"max-image-preview:large","max-video-preview":"max-video-preview:-1"},"canonical":"https:\/\/werocksport.com\/it\/xplore-alpes-festival-la-montagne-en-fete-du-21-au-30-octobre-2022\/","og_locale":"it_IT","og_type":"article","og_title":"Xplore Alpes Festival - La montagne en f\u00eate du 21 au 30 octobre 2022 - We Rock Sport","og_description":"Au c\u0153ur de la Tarentaise, Xplore Alpes Festival est un \u00e9v\u00e9nement convivial avec des films de sport outdoor, d\u2019aventure et de montagne pr\u00e9sent\u00e9s en pr\u00e9sence des protagonistes. C\u2019est aussi une \u00ab Acad\u00e9mie \u00bb avec des activit\u00e9s plein air encadr\u00e9es par des professionnels de la discipline. Des \u00ab Causeries \u00bb pour \u00e9changer sur la montagne, ses [&hellip;]","og_url":"https:\/\/werocksport.com\/it\/xplore-alpes-festival-la-montagne-en-fete-du-21-au-30-octobre-2022\/","og_site_name":"We Rock Sport","article_published_time":"2022-10-21T05:00:00+00:00","article_modified_time":"2022-10-21T06:10:30+00:00","og_image":[{"width":1072,"height":629,"url":"https:\/\/werocksport.com\/wp-content\/uploads\/2022\/10\/296736392_407506884691821_8614670049663553525_n-1.jpg","type":"image\/jpeg"}],"author":"Emmanuel Morell","twitter_card":"summary_large_image","twitter_misc":{"Scritto da":"Emmanuel Morell","Tempo di lettura stimato":"1 minuto"},"schema":{"@context":"https:\/\/schema.org","@graph":[{"@type":"Article","@id":"https:\/\/werocksport.com\/xplore-alpes-festival-la-montagne-en-fete-du-21-au-30-octobre-2022\/#article","isPartOf":{"@id":"https:\/\/werocksport.com\/xplore-alpes-festival-la-montagne-en-fete-du-21-au-30-octobre-2022\/"},"author":{"name":"Emmanuel Morell","@id":"https:\/\/werocksport.com\/#\/schema\/person\/dd296d720f707d08adeaf8cb80afb9ec"},"headline":"Xplore Alpes Festival &#8211; La montagne en f\u00eate du 21 au 30 octobre 2022","datePublished":"2022-10-21T05:00:00+00:00","dateModified":"2022-10-21T06:10:30+00:00","mainEntityOfPage":{"@id":"https:\/\/werocksport.com\/xplore-alpes-festival-la-montagne-en-fete-du-21-au-30-octobre-2022\/"},"wordCount":131,"publisher":{"@id":"https:\/\/werocksport.com\/#organization"},"image":{"@id":"https:\/\/werocksport.com\/xplore-alpes-festival-la-montagne-en-fete-du-21-au-30-octobre-2022\/#primaryimage"},"thumbnailUrl":"https:\/\/werocksport.com\/wp-content\/uploads\/2022\/10\/296736392_407506884691821_8614670049663553525_n-1.jpg","keywords":["#festival","#F\u00eate","#Films","#montagne","#Outdoor","#XploreAlpesFestival"],"articleSection":["Culture"],"inLanguage":"it-IT"},{"@type":"WebPage","@id":"https:\/\/werocksport.com\/xplore-alpes-festival-la-montagne-en-fete-du-21-au-30-octobre-2022\/","url":"https:\/\/werocksport.com\/xplore-alpes-festival-la-montagne-en-fete-du-21-au-30-octobre-2022\/","name":"Xplore Alpes Festival - Il Festival della Montagna dal 21 al 30 ottobre 2022 - We Rock Sport","isPartOf":{"@id":"https:\/\/werocksport.com\/#website"},"primaryImageOfPage":{"@id":"https:\/\/werocksport.com\/xplore-alpes-festival-la-montagne-en-fete-du-21-au-30-octobre-2022\/#primaryimage"},"image":{"@id":"https:\/\/werocksport.com\/xplore-alpes-festival-la-montagne-en-fete-du-21-au-30-octobre-2022\/#primaryimage"},"thumbnailUrl":"https:\/\/werocksport.com\/wp-content\/uploads\/2022\/10\/296736392_407506884691821_8614670049663553525_n-1.jpg","datePublished":"2022-10-21T05:00:00+00:00","dateModified":"2022-10-21T06:10:30+00:00","breadcrumb":{"@id":"https:\/\/werocksport.com\/xplore-alpes-festival-la-montagne-en-fete-du-21-au-30-octobre-2022\/#breadcrumb"},"inLanguage":"it-IT","potentialAction":[{"@type":"ReadAction","target":["https:\/\/werocksport.com\/xplore-alpes-festival-la-montagne-en-fete-du-21-au-30-octobre-2022\/"]}]},{"@type":"ImageObject","inLanguage":"it-IT","@id":"https:\/\/werocksport.com\/xplore-alpes-festival-la-montagne-en-fete-du-21-au-30-octobre-2022\/#primaryimage","url":"https:\/\/werocksport.com\/wp-content\/uploads\/2022\/10\/296736392_407506884691821_8614670049663553525_n-1.jpg","contentUrl":"https:\/\/werocksport.com\/wp-content\/uploads\/2022\/10\/296736392_407506884691821_8614670049663553525_n-1.jpg","width":1072,"height":629},{"@type":"BreadcrumbList","@id":"https:\/\/werocksport.com\/xplore-alpes-festival-la-montagne-en-fete-du-21-au-30-octobre-2022\/#breadcrumb","itemListElement":[{"@type":"ListItem","position":1,"name":"Home","item":"https:\/\/werocksport.com\/"},{"@type":"ListItem","position":2,"name":"Xplore Alpes Festival &#8211; La montagne en f\u00eate du 21 au 30 octobre 2022"}]},{"@type":"WebSite","@id":"https:\/\/werocksport.com\/#website","url":"https:\/\/werocksport.com\/","name":"Noi Rock Sport","description":"100% per esterni!","publisher":{"@id":"https:\/\/werocksport.com\/#organization"},"potentialAction":[{"@type":"SearchAction","target":{"@type":"EntryPoint","urlTemplate":"https:\/\/werocksport.com\/?s={search_term_string}"},"query-input":{"@type":"PropertyValueSpecification","valueRequired":true,"valueName":"search_term_string"}}],"inLanguage":"it-IT"},{"@type":"Organization","@id":"https:\/\/werocksport.com\/#organization","name":"Noi Rock Sport","url":"https:\/\/werocksport.com\/","logo":{"@type":"ImageObject","inLanguage":"it-IT","@id":"https:\/\/werocksport.com\/#\/schema\/logo\/image\/","url":"https:\/\/werocksport.com\/wp-content\/uploads\/2020\/12\/WRS-logo.png","contentUrl":"https:\/\/werocksport.com\/wp-content\/uploads\/2020\/12\/WRS-logo.png","width":136,"height":60,"caption":"We Rock Sport"},"image":{"@id":"https:\/\/werocksport.com\/#\/schema\/logo\/image\/"}},{"@type":"Person","@id":"https:\/\/werocksport.com\/#\/schema\/person\/dd296d720f707d08adeaf8cb80afb9ec","name":"Emmanuel Morell","image":{"@type":"ImageObject","inLanguage":"it-IT","@id":"https:\/\/secure.gravatar.com\/avatar\/de044757faaba64b0534f56a73332e8dea9b4e61cea3c751cba5b277b625215e?s=96&d=mm&r=g","url":"https:\/\/secure.gravatar.com\/avatar\/de044757faaba64b0534f56a73332e8dea9b4e61cea3c751cba5b277b625215e?s=96&d=mm&r=g","contentUrl":"https:\/\/secure.gravatar.com\/avatar\/de044757faaba64b0534f56a73332e8dea9b4e61cea3c751cba5b277b625215e?s=96&d=mm&r=g","caption":"Emmanuel Morell"}}]}},"jetpack_featured_media_url":"https:\/\/werocksport.com\/wp-content\/uploads\/2022\/10\/296736392_407506884691821_8614670049663553525_n-1.jpg","_links":{"self":[{"href":"https:\/\/werocksport.com\/it\/wp-json\/wp\/v2\/posts\/2729","targetHints":{"allow":["GET"]}}],"collection":[{"href":"https:\/\/werocksport.com\/it\/wp-json\/wp\/v2\/posts"}],"about":[{"href":"https:\/\/werocksport.com\/it\/wp-json\/wp\/v2\/types\/post"}],"author":[{"embeddable":true,"href":"https:\/\/werocksport.com\/it\/wp-json\/wp\/v2\/users\/12"}],"replies":[{"embeddable":true,"href":"https:\/\/werocksport.com\/it\/wp-json\/wp\/v2\/comments?post=2729"}],"version-history":[{"count":1,"href":"https:\/\/werocksport.com\/it\/wp-json\/wp\/v2\/posts\/2729\/revisions"}],"predecessor-version":[{"id":2730,"href":"https:\/\/werocksport.com\/it\/wp-json\/wp\/v2\/posts\/2729\/revisions\/2730"}],"wp:featuredmedia":[{"embeddable":true,"href":"https:\/\/werocksport.com\/it\/wp-json\/wp\/v2\/media\/2732"}],"wp:attachment":[{"href":"https:\/\/werocksport.com\/it\/wp-json\/wp\/v2\/media?parent=2729"}],"wp:term":[{"taxonomy":"category","embeddable":true,"href":"https:\/\/werocksport.com\/it\/wp-json\/wp\/v2\/categories?post=2729"},{"taxonomy":"post_tag","embeddable":true,"href":"https:\/\/werocksport.com\/it\/wp-json\/wp\/v2\/tags?post=2729"}],"curies":[{"name":"wp","href":"https:\/\/api.w.org\/{rel}","templated":true}]}}