{"id":5927,"date":"2024-07-02T15:36:14","date_gmt":"2024-07-02T13:36:14","guid":{"rendered":"https:\/\/werocksport.com\/?p=5927"},"modified":"2025-01-20T16:24:20","modified_gmt":"2025-01-20T15:24:20","slug":"gruissan-quand-le-sport-se-conjugue-entre-terre-et-mer","status":"publish","type":"post","link":"https:\/\/werocksport.com\/es\/gruissan-quand-le-sport-se-conjugue-entre-terre-et-mer\/","title":{"rendered":"Gruissan: Cuando el deporte se une a la tierra y al mar"},"content":{"rendered":"<p><strong>Gruissan, magn\u00edfico pueblo portuario del departamento de Aude, acoge desde hace 20 a\u00f1os el Wind Challenge. Pero m\u00e1s all\u00e1 de esta cita ineludible en el calendario del kitesurf, el windsurf y el wingfoil, el lugar ofrece un entorno natural perfecto para un sinf\u00edn de actividades deportivas, como pudo comprobar de primera mano We Rock Sport.<\/strong><\/p>\n\n\n\n<p>Hay muy pocas competiciones en las que aficionados y profesionales puedan competir juntos en el mismo lugar. Pero eso es exactamente lo que <a href=\"https:\/\/www.gruissan-mediterranee.com\/\">Gruissan<\/a> con su famoso Desaf\u00edo del Viento, una importante competici\u00f3n de windsurf que este a\u00f1o se celebra durante la segunda semana de mayo. Este a\u00f1o estuvimos presentes para admirar a los miles de windsurfistas, wingfoilers y kitesurfistas que compet\u00edan en esta 22\u00aa edici\u00f3n. Aunque el viento jug\u00f3 al escondite con los organizadores, fueron los wingfoilers quienes sacaron lo mejor de s\u00ed antes de dos divertidas regatas no oficiales que enfrentaron a 1.500 windsurfistas profesionales y aficionados (todo un r\u00e9cord). Los participantes tambi\u00e9n pudieron disfrutar de todo lo que ofrece Gruissan, lejos de limitarse a los deportes n\u00e1uticos.<\/p>\n\n\n\n<figure class=\"wp-block-image size-large\"><img loading=\"lazy\" decoding=\"async\" width=\"1024\" height=\"683\" src=\"https:\/\/werocksport.com\/wp-content\/uploads\/2024\/07\/Gruissandepart-defiwind-creditSouville-1024x683.jpg\" alt=\"\" class=\"wp-image-5944\" srcset=\"https:\/\/werocksport.com\/wp-content\/uploads\/2024\/07\/Gruissandepart-defiwind-creditSouville-1024x683.jpg 1024w, https:\/\/werocksport.com\/wp-content\/uploads\/2024\/07\/Gruissandepart-defiwind-creditSouville-300x200.jpg 300w, https:\/\/werocksport.com\/wp-content\/uploads\/2024\/07\/Gruissandepart-defiwind-creditSouville-768x512.jpg 768w, https:\/\/werocksport.com\/wp-content\/uploads\/2024\/07\/Gruissandepart-defiwind-creditSouville-18x12.jpg 18w, https:\/\/werocksport.com\/wp-content\/uploads\/2024\/07\/Gruissandepart-defiwind-creditSouville-450x300.jpg 450w, https:\/\/werocksport.com\/wp-content\/uploads\/2024\/07\/Gruissandepart-defiwind-creditSouville-780x520.jpg 780w\" sizes=\"auto, (max-width: 1024px) 100vw, 1024px\" \/><figcaption class=\"wp-element-caption\">Souville<\/figcaption><\/figure>\n\n\n\n<p><strong>\u00bfD\u00f3nde estamos?<\/strong><\/p>\n\n\n\n<p>Gruissan se encuentra en la regi\u00f3n de Occitanie, en el departamento de Aude. Esta estaci\u00f3n balnearia del Golf du Lion se encuentra a unos quince kil\u00f3metros al sureste de la ciudad de Narbona, entre el Macizo de la Clape y el mar Mediterr\u00e1neo. La estaci\u00f3n de ferrocarril m\u00e1s cercana est\u00e1 en Narbona (con servicios regulares de autob\u00fas a Gruissan). Los aeropuertos de B\u00e9ziers, Carcasona y Perpi\u00f1\u00e1n se encuentran a menos de 100 km de Gruissan. Este antiguo pueblo de pescadores est\u00e1 construido en forma circular alrededor de un castillo de m\u00e1s de mil a\u00f1os, del que s\u00f3lo queda una torre, a la que se accede por un sendero que lleva a una plataforma situada a unos 35 metros sobre el nivel del mar. Es una buena manera de entrar en calor y disfrutar de una vista de 360\u00b0 antes de recorrer los senderos del Macizo de la Clape.<\/p>\n\n\n\n<figure class=\"wp-block-image size-large\"><img loading=\"lazy\" decoding=\"async\" width=\"1024\" height=\"607\" src=\"https:\/\/werocksport.com\/wp-content\/uploads\/2024\/07\/2-gruissan-la-circulade_OT-GRUISSAN-1024x607.jpg\" alt=\"\" class=\"wp-image-5929\" srcset=\"https:\/\/werocksport.com\/wp-content\/uploads\/2024\/07\/2-gruissan-la-circulade_OT-GRUISSAN-1024x607.jpg 1024w, https:\/\/werocksport.com\/wp-content\/uploads\/2024\/07\/2-gruissan-la-circulade_OT-GRUISSAN-300x178.jpg 300w, https:\/\/werocksport.com\/wp-content\/uploads\/2024\/07\/2-gruissan-la-circulade_OT-GRUISSAN-768x455.jpg 768w, https:\/\/werocksport.com\/wp-content\/uploads\/2024\/07\/2-gruissan-la-circulade_OT-GRUISSAN-18x12.jpg 18w, https:\/\/werocksport.com\/wp-content\/uploads\/2024\/07\/2-gruissan-la-circulade_OT-GRUISSAN-450x267.jpg 450w, https:\/\/werocksport.com\/wp-content\/uploads\/2024\/07\/2-gruissan-la-circulade_OT-GRUISSAN-780x462.jpg 780w\" sizes=\"auto, (max-width: 1024px) 100vw, 1024px\" \/><figcaption class=\"wp-element-caption\">OT Gruissan<\/figcaption><\/figure>\n\n\n\n<p><strong>\u00bfHacia d\u00f3nde corremos?<\/strong><\/p>\n\n\n\n<p>Los miembros del club Gruissan Sports \u00c9v\u00e9nements (GSE) nos ayudaron a descubrir los senderos utilizados en los <a href=\"https:\/\/www.facebook.com\/p\/Gruissan-POLI-Trail-100057636961581\/?locale=fr_FR\">Gruissan Poli Trail<\/a>. La carrera, que este a\u00f1o se celebrar\u00e1 los d\u00edas 7 y 8 de diciembre, ofrece diferentes formatos que van desde los 12 km (250 D+) hasta los 50 km (1800 D+). La mayor\u00eda de los recorridos tendr\u00e1n lugar en el Macizo de la Clape. La Clape, que significa \"mont\u00f3n de guijarros\" en occitano, hace honor a su nombre, ofreciendo un atractivo terreno de juego para los exigentes y desafiantes como a nosotros nos gusta. Este lugar Natura 2000 combina vi\u00f1edos, meseta de garriga, valles boscosos, pechs y combes. En este macizo calc\u00e1reo de 15.000 hect\u00e1reas abundan los tramos sencillos, siempre muy desafiantes. Algunos tramos son bastante t\u00e9cnicos, hasta el punto de necesitar cuerdas en algunos tramos muy empinados. La zona tambi\u00e9n es ideal para la escalada, con 300 v\u00edas catalogadas en la zona de Gruissan.<\/p>\n\n\n\n<figure class=\"wp-block-image size-large is-resized\"><img loading=\"lazy\" decoding=\"async\" width=\"1024\" height=\"558\" src=\"https:\/\/werocksport.com\/wp-content\/uploads\/2024\/07\/hswerfwsef-1024x558.png\" alt=\"\" class=\"wp-image-5947\" style=\"width:771px;height:auto\" srcset=\"https:\/\/werocksport.com\/wp-content\/uploads\/2024\/07\/hswerfwsef-1024x558.png 1024w, https:\/\/werocksport.com\/wp-content\/uploads\/2024\/07\/hswerfwsef-300x163.png 300w, https:\/\/werocksport.com\/wp-content\/uploads\/2024\/07\/hswerfwsef-768x418.png 768w, https:\/\/werocksport.com\/wp-content\/uploads\/2024\/07\/hswerfwsef-18x10.png 18w, https:\/\/werocksport.com\/wp-content\/uploads\/2024\/07\/hswerfwsef-450x245.png 450w, https:\/\/werocksport.com\/wp-content\/uploads\/2024\/07\/hswerfwsef-780x425.png 780w, https:\/\/werocksport.com\/wp-content\/uploads\/2024\/07\/hswerfwsef.png 1146w\" sizes=\"auto, (max-width: 1024px) 100vw, 1024px\" \/><figcaption class=\"wp-element-caption\">Vincent Girard<\/figcaption><\/figure>\n\n\n\n<p>Y a diferencia de la costa, donde el viento azota regularmente la regi\u00f3n, es mucho menos frecuente en el Macizo de la Clape, donde el relieve y la vegetaci\u00f3n nos protegen de la tramontana. Seis rutas de senderismo que figuran en la lista de la oficina de turismo (con tracks GPX descargables) le permitir\u00e1n apreciar la belleza de la zona. Aseg\u00farese previamente de que el macizo de la Clape est\u00e1 abierto. El macizo es especialmente sensible a los incendios, por lo que est\u00e1 cerrado durante los meses de verano (en 2023, el macizo estuvo cerrado del 15 de julio al 15 de septiembre).<\/p>\n\n\n\n<figure class=\"wp-block-image size-large\"><img loading=\"lazy\" decoding=\"async\" width=\"1024\" height=\"767\" src=\"https:\/\/werocksport.com\/wp-content\/uploads\/2024\/07\/IMG_3906-1024x767.jpg\" alt=\"\" class=\"wp-image-5948\" srcset=\"https:\/\/werocksport.com\/wp-content\/uploads\/2024\/07\/IMG_3906-1024x767.jpg 1024w, https:\/\/werocksport.com\/wp-content\/uploads\/2024\/07\/IMG_3906-300x225.jpg 300w, https:\/\/werocksport.com\/wp-content\/uploads\/2024\/07\/IMG_3906-768x575.jpg 768w, https:\/\/werocksport.com\/wp-content\/uploads\/2024\/07\/IMG_3906-16x12.jpg 16w, https:\/\/werocksport.com\/wp-content\/uploads\/2024\/07\/IMG_3906-280x210.jpg 280w, https:\/\/werocksport.com\/wp-content\/uploads\/2024\/07\/IMG_3906-560x420.jpg 560w, https:\/\/werocksport.com\/wp-content\/uploads\/2024\/07\/IMG_3906-450x337.jpg 450w, https:\/\/werocksport.com\/wp-content\/uploads\/2024\/07\/IMG_3906-780x584.jpg 780w\" sizes=\"auto, (max-width: 1024px) 100vw, 1024px\" \/><\/figure>\n\n\n\n<p><strong>\u00bfPor d\u00f3nde conducimos?<\/strong><\/p>\n\n\n\n<p>Dado que el viento es enemigo de los ciclistas, necesitar\u00e1 cierta experiencia para aventurarse en una salida larga en bicicleta de carretera por la regi\u00f3n. As\u00ed que aseg\u00farese de consultar las previsiones y volver a casa con el viento a favor. Pero el Tour de Francia pasar\u00e1 por la zona este verano en una etapa de 187 km de Gruissan a N\u00eemes, lo que demuestra que la zona es un buen lugar para el ciclismo. En cuanto a la grava, Gruissan apuesta por esta disciplina organizando una etapa de las GravelMan Series y siendo el socio principal del equipo Gruissan Groove Gravel (v\u00e9ase m\u00e1s abajo), <a href=\"https:\/\/werocksport.com\/groove-gravel-le-nouveau-team-de-gravel-a-gruissan\/\">Hace poco entrevistamos a dos de sus atletas, Axelle Dubau-Pr\u00e9vot y Hugo Drechou.<\/a>.<\/p>\n\n\n<blockquote class=\"instagram-media\" style=\"background: #FFF; border: 0; border-radius: 3px; box-shadow: 0 0 1px 0 rgba(0,0,0,0.5),0 1px 10px 0 rgba(0,0,0,0.15); margin: 1px; max-width: 540px; min-width: 326px; padding: 0; width: calc(100% - 2px);\" data-instgrm-permalink=\"https:\/\/www.instagram.com\/reel\/C8Z9J99serK\/?utm_source=ig_embed&amp;utm_campaign=loading\" data-instgrm-version=\"14\">\n<div style=\"padding: 16px;\">\n<div style=\"display: flex; flex-direction: row; align-items: center;\">\n<div style=\"background-color: #f4f4f4; border-radius: 50%; flex-grow: 0; height: 40px; margin-right: 14px; width: 40px;\">\u00a0<\/div>\n<div style=\"display: flex; flex-direction: column; flex-grow: 1; justify-content: center;\">\n<div style=\"background-color: #f4f4f4; border-radius: 4px; flex-grow: 0; height: 14px; margin-bottom: 6px; width: 100px;\">\u00a0<\/div>\n<div style=\"background-color: #f4f4f4; border-radius: 4px; flex-grow: 0; height: 14px; width: 60px;\">\u00a0<\/div>\n<\/div>\n<\/div>\n<div style=\"padding: 19% 0;\">\u00a0<\/div>\n<div style=\"display: block; height: 50px; margin: 0 auto 12px; width: 50px;\">\u00a0<\/div>\n<div style=\"padding-top: 8px;\">\n<div style=\"color: #3897f0; font-family: Arial,sans-serif; font-size: 14px; font-style: normal; font-weight: 550; line-height: 18px;\">Ver este post en Instagram<\/div>\n<\/div>\n<div style=\"padding: 12.5% 0;\">\u00a0<\/div>\n<div style=\"display: flex; flex-direction: row; margin-bottom: 14px; align-items: center;\">\n<div>\n<div style=\"background-color: #f4f4f4; border-radius: 50%; height: 12.5px; width: 12.5px; transform: translateX(0px) translateY(7px);\">\u00a0<\/div>\n<div style=\"background-color: #f4f4f4; height: 12.5px; transform: rotate(-45deg) translateX(3px) translateY(1px); width: 12.5px; flex-grow: 0; margin-right: 14px; margin-left: 2px;\">\u00a0<\/div>\n<div style=\"background-color: #f4f4f4; border-radius: 50%; height: 12.5px; width: 12.5px; transform: translateX(9px) translateY(-18px);\">\u00a0<\/div>\n<\/div>\n<div style=\"margin-left: 8px;\">\n<div style=\"background-color: #f4f4f4; border-radius: 50%; flex-grow: 0; height: 20px; width: 20px;\">\u00a0<\/div>\n<div style=\"width: 0; height: 0; border-top: 2px solid transparent; border-left: 6px solid #f4f4f4; border-bottom: 2px solid transparent; transform: translateX(16px) translateY(-4px) rotate(30deg);\">\u00a0<\/div>\n<\/div>\n<div style=\"margin-left: auto;\">\n<div style=\"width: 0px; border-top: 8px solid #F4F4F4; border-right: 8px solid transparent; transform: translateY(16px);\">\u00a0<\/div>\n<div style=\"background-color: #f4f4f4; flex-grow: 0; height: 12px; width: 16px; transform: translateY(-4px);\">\u00a0<\/div>\n<div style=\"width: 0; height: 0; border-top: 8px solid #F4F4F4; border-left: 8px solid transparent; transform: translateY(-4px) translateX(8px);\">\u00a0<\/div>\n<\/div>\n<\/div>\n<div style=\"display: flex; flex-direction: column; flex-grow: 1; justify-content: center; margin-bottom: 24px;\">\n<div style=\"background-color: #f4f4f4; border-radius: 4px; flex-grow: 0; height: 14px; margin-bottom: 6px; width: 224px;\">\u00a0<\/div>\n<div style=\"background-color: #f4f4f4; border-radius: 4px; flex-grow: 0; height: 14px; width: 144px;\">\u00a0<\/div>\n<\/div>\n<p style=\"color: #c9c8cd; font-family: Arial,sans-serif; font-size: 14px; line-height: 17px; margin-bottom: 0; margin-top: 8px; overflow: hidden; padding: 8px 0 7px; text-align: center; text-overflow: ellipsis; white-space: nowrap;\"><a style=\"color: #c9c8cd; font-family: Arial,sans-serif; font-size: 14px; font-style: normal; font-weight: normal; line-height: 17px; text-decoration: none;\" href=\"https:\/\/www.instagram.com\/reel\/C8Z9J99serK\/?utm_source=ig_embed&amp;utm_campaign=loading\" target=\"_blank\" rel=\"noopener\">Una publicaci\u00f3n compartida por Groove Gravel x Gruissan (@groovegravel)<\/a><\/p>\n<\/div>\n<\/blockquote>\n<p><script async src=\"\/\/www.instagram.com\/embed.js\"><\/script><\/p>\n\n\n<p>Para la bicicleta de monta\u00f1a, Gruissan ofrece seis circuitos de entre 10 y 31 km, con pistas GPS disponibles para descargar en <a href=\"https:\/\/www.gruissan-mediterranee.com\/mon-sejour\/activites-a-terre\/a-velo\/itineraires\/\">Sitio web de la Oficina de Turismo<\/a>. En total, hay 110 km de rutas bastante f\u00e1ciles y le aconsejamos que tome un gu\u00eda para encontrar los individuales m\u00e1s desafiantes en el Macizo de la Clape, como hicimos con Hugo Blanquier de <a href=\"https:\/\/www.gruissan-mediterranee.com\/activites-gruissan\/languedoc-vtt-evasion\/\">Evasi\u00f3n BTT Languedoc<\/a>. Con una bicicleta de monta\u00f1a el\u00e9ctrica, disfrutar\u00e1 de una r\u00e1pida sucesi\u00f3n de senderos que serpentean a trav\u00e9s de La Clape, antes de relajarse en la subida a las mesetas y disfrutar de las magn\u00edficas vistas panor\u00e1micas desde el Vigie.<\/p>\n\n\n\n<figure class=\"wp-block-image size-large\"><img loading=\"lazy\" decoding=\"async\" width=\"1024\" height=\"467\" src=\"https:\/\/werocksport.com\/wp-content\/uploads\/2024\/07\/hjsergswdrfg-1024x467.png\" alt=\"\" class=\"wp-image-5946\" srcset=\"https:\/\/werocksport.com\/wp-content\/uploads\/2024\/07\/hjsergswdrfg-1024x467.png 1024w, https:\/\/werocksport.com\/wp-content\/uploads\/2024\/07\/hjsergswdrfg-300x137.png 300w, https:\/\/werocksport.com\/wp-content\/uploads\/2024\/07\/hjsergswdrfg-768x350.png 768w, https:\/\/werocksport.com\/wp-content\/uploads\/2024\/07\/hjsergswdrfg-18x8.png 18w, https:\/\/werocksport.com\/wp-content\/uploads\/2024\/07\/hjsergswdrfg-450x205.png 450w, https:\/\/werocksport.com\/wp-content\/uploads\/2024\/07\/hjsergswdrfg-780x355.png 780w\" sizes=\"auto, (max-width: 1024px) 100vw, 1024px\" \/><figcaption class=\"wp-element-caption\">Vincent Girard<\/figcaption><\/figure>\n\n\n\n<p>En general, no es necesario llevar una gran enduro para disfrutar de las singles locales (siguen siendo razonablemente dif\u00edciles). Una bicicleta de cross-country con suspensi\u00f3n integral te servir\u00e1 perfectamente y te permitir\u00e1 rodar durante m\u00e1s tiempo que con una bicicleta de monta\u00f1a grande (a menos que sea el\u00e9ctrica, claro).<\/p>\n\n\n\n<figure class=\"wp-block-image size-large\"><img loading=\"lazy\" decoding=\"async\" width=\"1024\" height=\"684\" src=\"https:\/\/werocksport.com\/wp-content\/uploads\/2024\/07\/OT-Gruissan-1024x684.jpg\" alt=\"\" class=\"wp-image-5952\" srcset=\"https:\/\/werocksport.com\/wp-content\/uploads\/2024\/07\/OT-Gruissan-1024x684.jpg 1024w, https:\/\/werocksport.com\/wp-content\/uploads\/2024\/07\/OT-Gruissan-300x200.jpg 300w, https:\/\/werocksport.com\/wp-content\/uploads\/2024\/07\/OT-Gruissan-768x513.jpg 768w, https:\/\/werocksport.com\/wp-content\/uploads\/2024\/07\/OT-Gruissan-18x12.jpg 18w, https:\/\/werocksport.com\/wp-content\/uploads\/2024\/07\/OT-Gruissan-450x300.jpg 450w, https:\/\/werocksport.com\/wp-content\/uploads\/2024\/07\/OT-Gruissan-780x521.jpg 780w\" sizes=\"auto, (max-width: 1024px) 100vw, 1024px\" \/><figcaption class=\"wp-element-caption\">OT Gruissan<\/figcaption><\/figure>\n\n\n\n<p>Para los que prefieran un paseo m\u00e1s tranquilo, la opci\u00f3n del patinete el\u00e9ctrico (a trav\u00e9s de la empresa <a href=\"https:\/\/www.gruissan-mediterranee.com\/activites-gruissan\/trottup\/\">Trottup<\/a>) permite descubrir la zona de otra manera, pasando f\u00e1cilmente por la marisma salada de Gruissan (cuyo color puede volverse a veces rosa fluorescente seg\u00fan el viento y la estaci\u00f3n, y recuerda el plumaje de los flamencos rosas que se ven all\u00ed), los lagos de Gruissan y Grazel, los vi\u00f1edos y los macizos calc\u00e1reos. Con un peso de s\u00f3lo 3,5 kg, la bicicleta est\u00e1 equipada con suspensi\u00f3n delantera, por lo que puede circular por la mayor\u00eda de los senderos y es f\u00e1cil de conducir. As\u00ed podr\u00e1 concentrarse en seguir las instrucciones del gu\u00eda (que le acompa\u00f1ar\u00e1 en su scooter el\u00e9ctrico) y admirar el entorno salvaje y diverso que rodea Gruissan.<\/p>\n\n\n\n<figure class=\"wp-block-embed is-type-video is-provider-youtube wp-block-embed-youtube wp-embed-aspect-16-9 wp-has-aspect-ratio\"><div class=\"wp-block-embed__wrapper\">\n<iframe loading=\"lazy\" title=\"Scooter el\u00e9ctrico todo terreno Gruissan\" width=\"1170\" height=\"658\" src=\"https:\/\/www.youtube.com\/embed\/6DZq2R0-haI?feature=oembed\" frameborder=\"0\" allow=\"accelerometer; autoplay; clipboard-write; encrypted-media; gyroscope; picture-in-picture; web-share\" referrerpolicy=\"strict-origin-when-cross-origin\" allowfullscreen><\/iframe>\n<\/div><\/figure>\n\n\n\n<p><strong>\u00bfY en el mar?<\/strong><\/p>\n\n\n\n<p>El Wind Challenge lo demuestra: Gruissan tiene los spots perfectos para practicar kitesurf, windsurf y wingfoiling. El viento es omnipresente en el Aude y Gruissan no es una excepci\u00f3n. Aqu\u00ed sopla fuerte y durante buena parte del a\u00f1o. Las grandes extensiones de playa hacen que no haya aglomeraciones en ning\u00fan punto. Para los principiantes, es posible aprovechar unas condiciones menos dif\u00edciles que en el mar dirigi\u00e9ndose al Etang de Mateille, donde la empresa <a href=\"https:\/\/www.gruissan-mediterranee.com\/activites-gruissan\/akila-gruissan-pole-etang\/\">Akila Gruissan<\/a> ofrece cursos de iniciaci\u00f3n a diversas actividades (Wingfoil, windsurf, stand-up paddle, optimist, kayak de mar, kayak canoa). Pudimos probar el windsurf in situ y apreciar la ausencia de olas, la poca profundidad de las aguas y el viento algo m\u00e1s flojo que a bordo. Unas condiciones perfectas para iniciarse en este deporte.<\/p>\n\n\n\n<figure class=\"wp-block-embed is-type-video is-provider-youtube wp-block-embed-youtube wp-embed-aspect-16-9 wp-has-aspect-ratio\"><div class=\"wp-block-embed__wrapper\">\n<iframe loading=\"lazy\" title=\"El centro n\u00e1utico Akila de Gruissan\" width=\"1170\" height=\"658\" src=\"https:\/\/www.youtube.com\/embed\/KT_DjfuLaGU?feature=oembed\" frameborder=\"0\" allow=\"accelerometer; autoplay; clipboard-write; encrypted-media; gyroscope; picture-in-picture; web-share\" referrerpolicy=\"strict-origin-when-cross-origin\" allowfullscreen><\/iframe>\n<\/div><\/figure>\n\n\n\n<p>Para los m\u00e1s experimentados, dir\u00edjase al P\u00f4le Mer, a la entrada de la famosa Plage des Chalets. Aqu\u00ed podr\u00e1 admirar las 1.330 casas construidas sobre pilotes, que se hicieron famosas por la pel\u00edcula \"37\u00b02 le matin\". Esta playa, que se extiende a lo largo de casi 1,8 km, est\u00e1 considerada como una de las m\u00e1s bellas del Aude. En general, las cinco playas de Gruissan (cuatro de ellas vigiladas) constituyen un terreno de juego ideal para disfrutar del viento tramontano. De hecho, fue aqu\u00ed donde Fr\u00e9d\u00e9ric Houdier recorri\u00f3 837 km en una sola sesi\u00f3n de windsurf en 2020. Este franc\u00e9s de 51 a\u00f1os pas\u00f3 24 horas en el agua entre Gruissan y Port-La-Nouvelle para batir el r\u00e9cord.<\/p>\n\n\n\n<figure class=\"wp-block-image size-large\"><img loading=\"lazy\" decoding=\"async\" width=\"1024\" height=\"683\" src=\"https:\/\/werocksport.com\/wp-content\/uploads\/2024\/07\/defiwind-jour3-funrace1-souville-BD-13-1024x683.jpg\" alt=\"\" class=\"wp-image-5940\" srcset=\"https:\/\/werocksport.com\/wp-content\/uploads\/2024\/07\/defiwind-jour3-funrace1-souville-BD-13-1024x683.jpg 1024w, https:\/\/werocksport.com\/wp-content\/uploads\/2024\/07\/defiwind-jour3-funrace1-souville-BD-13-300x200.jpg 300w, https:\/\/werocksport.com\/wp-content\/uploads\/2024\/07\/defiwind-jour3-funrace1-souville-BD-13-768x512.jpg 768w, https:\/\/werocksport.com\/wp-content\/uploads\/2024\/07\/defiwind-jour3-funrace1-souville-BD-13-18x12.jpg 18w, https:\/\/werocksport.com\/wp-content\/uploads\/2024\/07\/defiwind-jour3-funrace1-souville-BD-13-450x300.jpg 450w, https:\/\/werocksport.com\/wp-content\/uploads\/2024\/07\/defiwind-jour3-funrace1-souville-BD-13-780x520.jpg 780w, https:\/\/werocksport.com\/wp-content\/uploads\/2024\/07\/defiwind-jour3-funrace1-souville-BD-13.jpg 1200w\" sizes=\"auto, (max-width: 1024px) 100vw, 1024px\" \/><\/figure>\n\n\n\n<p><strong>\u00bfD\u00f3nde comemos?<\/strong><\/p>\n\n\n\n<p>Con el mar, los estanques y los vi\u00f1edos que rodean Gruissan, la zona tambi\u00e9n es famosa por su gastronom\u00eda. Pruebe el moscatel de Gruissan, condimente sus platos con azafr\u00e1n de la isla Saint-Martin y siga la etiqueta \"Mon restaurant favorise la p\u00eache locale\" (Mi restaurante favorece la pesca local) para disfrutar de las lubinas, salmonetes, doradas y otras anguilas que se pescan a lo largo de las temporadas. En cuanto a restaurantes, hay mucho donde elegir, pero le recomendamos \"La Perle Gruissanaise\" por su marisco, \"Le Grand Soleil\" (con vistas desde su terraza a la salida del Desaf\u00edo del Viento), \"La Petite Brasserie\" (situada en el coraz\u00f3n de Gruissan y que ofrece una cocina generosa y tradicional) o \"Les Chalets\" (cocina m\u00e1s sofisticada).<\/p>\n\n\n<blockquote class=\"instagram-media\" style=\"background: #FFF; border: 0; border-radius: 3px; box-shadow: 0 0 1px 0 rgba(0,0,0,0.5),0 1px 10px 0 rgba(0,0,0,0.15); margin: 1px; max-width: 540px; min-width: 326px; padding: 0; width: calc(100% - 2px);\" data-instgrm-permalink=\"https:\/\/www.instagram.com\/p\/C5StiJ6IF5X\/?utm_source=ig_embed&amp;utm_campaign=loading\" data-instgrm-version=\"14\">\n<div style=\"padding: 16px;\">\n<div style=\"display: flex; flex-direction: row; align-items: center;\">\n<div style=\"background-color: #f4f4f4; border-radius: 50%; flex-grow: 0; height: 40px; margin-right: 14px; width: 40px;\">\u00a0<\/div>\n<div style=\"display: flex; flex-direction: column; flex-grow: 1; justify-content: center;\">\n<div style=\"background-color: #f4f4f4; border-radius: 4px; flex-grow: 0; height: 14px; margin-bottom: 6px; width: 100px;\">\u00a0<\/div>\n<div style=\"background-color: #f4f4f4; border-radius: 4px; flex-grow: 0; height: 14px; width: 60px;\">\u00a0<\/div>\n<\/div>\n<\/div>\n<div style=\"padding: 19% 0;\">\u00a0<\/div>\n<div style=\"display: block; height: 50px; margin: 0 auto 12px; width: 50px;\">\u00a0<\/div>\n<div style=\"padding-top: 8px;\">\n<div style=\"color: #3897f0; font-family: Arial,sans-serif; font-size: 14px; font-style: normal; font-weight: 550; line-height: 18px;\">Ver este post en Instagram<\/div>\n<\/div>\n<div style=\"padding: 12.5% 0;\">\u00a0<\/div>\n<div style=\"display: flex; flex-direction: row; margin-bottom: 14px; align-items: center;\">\n<div>\n<div style=\"background-color: #f4f4f4; border-radius: 50%; height: 12.5px; width: 12.5px; transform: translateX(0px) translateY(7px);\">\u00a0<\/div>\n<div style=\"background-color: #f4f4f4; height: 12.5px; transform: rotate(-45deg) translateX(3px) translateY(1px); width: 12.5px; flex-grow: 0; margin-right: 14px; margin-left: 2px;\">\u00a0<\/div>\n<div style=\"background-color: #f4f4f4; border-radius: 50%; height: 12.5px; width: 12.5px; transform: translateX(9px) translateY(-18px);\">\u00a0<\/div>\n<\/div>\n<div style=\"margin-left: 8px;\">\n<div style=\"background-color: #f4f4f4; border-radius: 50%; flex-grow: 0; height: 20px; width: 20px;\">\u00a0<\/div>\n<div style=\"width: 0; height: 0; border-top: 2px solid transparent; border-left: 6px solid #f4f4f4; border-bottom: 2px solid transparent; transform: translateX(16px) translateY(-4px) rotate(30deg);\">\u00a0<\/div>\n<\/div>\n<div style=\"margin-left: auto;\">\n<div style=\"width: 0px; border-top: 8px solid #F4F4F4; border-right: 8px solid transparent; transform: translateY(16px);\">\u00a0<\/div>\n<div style=\"background-color: #f4f4f4; flex-grow: 0; height: 12px; width: 16px; transform: translateY(-4px);\">\u00a0<\/div>\n<div style=\"width: 0; height: 0; border-top: 8px solid #F4F4F4; border-left: 8px solid transparent; transform: translateY(-4px) translateX(8px);\">\u00a0<\/div>\n<\/div>\n<\/div>\n<div style=\"display: flex; flex-direction: column; flex-grow: 1; justify-content: center; margin-bottom: 24px;\">\n<div style=\"background-color: #f4f4f4; border-radius: 4px; flex-grow: 0; height: 14px; margin-bottom: 6px; width: 224px;\">\u00a0<\/div>\n<div style=\"background-color: #f4f4f4; border-radius: 4px; flex-grow: 0; height: 14px; width: 144px;\">\u00a0<\/div>\n<\/div>\n<p style=\"color: #c9c8cd; font-family: Arial,sans-serif; font-size: 14px; line-height: 17px; margin-bottom: 0; margin-top: 8px; overflow: hidden; padding: 8px 0 7px; text-align: center; text-overflow: ellipsis; white-space: nowrap;\"><a style=\"color: #c9c8cd; font-family: Arial,sans-serif; font-size: 14px; font-style: normal; font-weight: normal; line-height: 17px; text-decoration: none;\" href=\"https:\/\/www.instagram.com\/p\/C5StiJ6IF5X\/?utm_source=ig_embed&amp;utm_campaign=loading\" target=\"_blank\" rel=\"noopener\">Una publicaci\u00f3n compartida por La Perle gruissanaise (@laperlegruissanaise)<\/a><\/p>\n<\/div>\n<\/blockquote>\n<p><script async src=\"\/\/www.instagram.com\/embed.js\"><\/script><\/p>\n\n\n<p><strong>\u00bfD\u00f3nde dormimos?<\/strong><\/p>\n\n\n\n<p>Casas rurales, pensiones, campings, hoteles... Gruissan, como estaci\u00f3n balnearia, est\u00e1 obviamente bien dotada de alojamientos. Pero para vivir una experiencia original e intemporal, le aconsejamos que opte por el <a href=\"https:\/\/www.gruissan-mediterranee.com\/residence-gruissan\/les-ilots-de-gruissan-by-alliance-plaisance\/\">Islas de Gruissan<\/a>. Estos 35 LodgeBoats est\u00e1n amarrados a un pont\u00f3n triangular en el puerto de Gruissan. Cada uno de ellos dispone de su propio cuarto de ba\u00f1o, cocina y aseo. Estas peque\u00f1as casas flotantes ofrecen cierta tranquilidad, con terrazas orientadas al mar y a la playa de Chalets. Ideales para recuperarse despu\u00e9s de explorar la belleza de la zona en bicicleta, a pie o en el agua.<\/p>\n\n\n\n<figure class=\"wp-block-image size-large\"><img loading=\"lazy\" decoding=\"async\" width=\"1024\" height=\"682\" src=\"https:\/\/werocksport.com\/wp-content\/uploads\/2024\/07\/Gruissan-vue-aerienne_O2Drone-1024x682.jpg\" alt=\"\" class=\"wp-image-5945\" srcset=\"https:\/\/werocksport.com\/wp-content\/uploads\/2024\/07\/Gruissan-vue-aerienne_O2Drone-1024x682.jpg 1024w, https:\/\/werocksport.com\/wp-content\/uploads\/2024\/07\/Gruissan-vue-aerienne_O2Drone-300x200.jpg 300w, https:\/\/werocksport.com\/wp-content\/uploads\/2024\/07\/Gruissan-vue-aerienne_O2Drone-768x512.jpg 768w, https:\/\/werocksport.com\/wp-content\/uploads\/2024\/07\/Gruissan-vue-aerienne_O2Drone-18x12.jpg 18w, https:\/\/werocksport.com\/wp-content\/uploads\/2024\/07\/Gruissan-vue-aerienne_O2Drone-450x300.jpg 450w, https:\/\/werocksport.com\/wp-content\/uploads\/2024\/07\/Gruissan-vue-aerienne_O2Drone-780x520.jpg 780w\" sizes=\"auto, (max-width: 1024px) 100vw, 1024px\" \/><figcaption class=\"wp-element-caption\">Drone O2<\/figcaption><\/figure>\n\n\n\n<p><strong>De Vincent Girard - 16\/05\/24<\/strong><\/p>","protected":false},"excerpt":{"rendered":"<p>Superbe village portuaire de l\u2019Aude, Gruissan accueille depuis 20 ans le D\u00e9fi Wind. Mais au-del\u00e0 de ce rendez-vous incontournable du calendrier kitesurf, windsurf et wingfoil, l&#8217;endroit offre un environnement naturel parfait pour de nombreuses activit\u00e9s sportives comme We Rock Sport a pu le v\u00e9rifier sur place. Rares sont les comp\u00e9titions o\u00f9 amateurs et professionnels peuvent [&hellip;]<\/p>\n","protected":false},"author":11,"featured_media":5941,"comment_status":"closed","ping_status":"closed","sticky":false,"template":"","format":"standard","meta":{"footnotes":""},"categories":[44],"tags":[539,320,223,137,540,319],"class_list":{"0":"post-5927","1":"post","2":"type-post","3":"status-publish","4":"format-standard","5":"has-post-thumbnail","7":"category-aventure","8":"tag-gruissan","9":"tag-kitesurf","10":"tag-trail","11":"tag-vtt","12":"tag-windsurf","13":"tag-wingfoil"},"yoast_head":"<!-- This site is optimized with the Yoast SEO plugin v27.2 - https:\/\/yoast.com\/product\/yoast-seo-wordpress\/ -->\n<title>Gruissan\u00a0: Quand le sport se conjugue entre terre et mer - We Rock Sport<\/title>\n<meta name=\"robots\" content=\"index, follow, max-snippet:-1, max-image-preview:large, max-video-preview:-1\" \/>\n<link rel=\"canonical\" href=\"https:\/\/werocksport.com\/es\/gruissan-quand-le-sport-se-conjugue-entre-terre-et-mer\/\" \/>\n<meta property=\"og:locale\" content=\"es_ES\" \/>\n<meta property=\"og:type\" content=\"article\" \/>\n<meta property=\"og:title\" content=\"Gruissan\u00a0: Quand le sport se conjugue entre terre et mer - We Rock Sport\" \/>\n<meta property=\"og:description\" content=\"Superbe village portuaire de l\u2019Aude, Gruissan accueille depuis 20 ans le D\u00e9fi Wind. Mais au-del\u00e0 de ce rendez-vous incontournable du calendrier kitesurf, windsurf et wingfoil, l&#8217;endroit offre un environnement naturel parfait pour de nombreuses activit\u00e9s sportives comme We Rock Sport a pu le v\u00e9rifier sur place. Rares sont les comp\u00e9titions o\u00f9 amateurs et professionnels peuvent [&hellip;]\" \/>\n<meta property=\"og:url\" content=\"https:\/\/werocksport.com\/es\/gruissan-quand-le-sport-se-conjugue-entre-terre-et-mer\/\" \/>\n<meta property=\"og:site_name\" content=\"We Rock Sport\" \/>\n<meta property=\"article:published_time\" content=\"2024-07-02T13:36:14+00:00\" \/>\n<meta property=\"article:modified_time\" content=\"2025-01-20T15:24:20+00:00\" \/>\n<meta property=\"og:image\" content=\"https:\/\/werocksport.com\/wp-content\/uploads\/2024\/07\/DJI_0620-1-1536x838-1.jpg\" \/>\n\t<meta property=\"og:image:width\" content=\"1536\" \/>\n\t<meta property=\"og:image:height\" content=\"838\" \/>\n\t<meta property=\"og:image:type\" content=\"image\/jpeg\" \/>\n<meta name=\"author\" content=\"vincent girard\" \/>\n<meta name=\"twitter:card\" content=\"summary_large_image\" \/>\n<meta name=\"twitter:label1\" content=\"Escrito por\" \/>\n\t<meta name=\"twitter:data1\" content=\"vincent girard\" \/>\n\t<meta name=\"twitter:label2\" content=\"Tiempo de lectura\" \/>\n\t<meta name=\"twitter:data2\" content=\"10 minutos\" \/>\n<script type=\"application\/ld+json\" class=\"yoast-schema-graph\">{\"@context\":\"https:\/\/schema.org\",\"@graph\":[{\"@type\":\"Article\",\"@id\":\"https:\/\/werocksport.com\/gruissan-quand-le-sport-se-conjugue-entre-terre-et-mer\/#article\",\"isPartOf\":{\"@id\":\"https:\/\/werocksport.com\/gruissan-quand-le-sport-se-conjugue-entre-terre-et-mer\/\"},\"author\":{\"name\":\"vincent girard\",\"@id\":\"https:\/\/werocksport.com\/#\/schema\/person\/fda0db71bd8f31705d1685623d7ec3d9\"},\"headline\":\"Gruissan\u00a0: Quand le sport se conjugue entre terre et mer\",\"datePublished\":\"2024-07-02T13:36:14+00:00\",\"dateModified\":\"2025-01-20T15:24:20+00:00\",\"mainEntityOfPage\":{\"@id\":\"https:\/\/werocksport.com\/gruissan-quand-le-sport-se-conjugue-entre-terre-et-mer\/\"},\"wordCount\":1704,\"publisher\":{\"@id\":\"https:\/\/werocksport.com\/#organization\"},\"image\":{\"@id\":\"https:\/\/werocksport.com\/gruissan-quand-le-sport-se-conjugue-entre-terre-et-mer\/#primaryimage\"},\"thumbnailUrl\":\"https:\/\/werocksport.com\/wp-content\/uploads\/2024\/07\/DJI_0620-1-1536x838-1.jpg\",\"keywords\":[\"gruissan\",\"Kitesurf\",\"trail\",\"VTT\",\"windsurf\",\"Wingfoil\"],\"articleSection\":[\"Aventure\"],\"inLanguage\":\"es\"},{\"@type\":\"WebPage\",\"@id\":\"https:\/\/werocksport.com\/gruissan-quand-le-sport-se-conjugue-entre-terre-et-mer\/\",\"url\":\"https:\/\/werocksport.com\/gruissan-quand-le-sport-se-conjugue-entre-terre-et-mer\/\",\"name\":\"Gruissan\u00a0: Quand le sport se conjugue entre terre et mer - We Rock Sport\",\"isPartOf\":{\"@id\":\"https:\/\/werocksport.com\/#website\"},\"primaryImageOfPage\":{\"@id\":\"https:\/\/werocksport.com\/gruissan-quand-le-sport-se-conjugue-entre-terre-et-mer\/#primaryimage\"},\"image\":{\"@id\":\"https:\/\/werocksport.com\/gruissan-quand-le-sport-se-conjugue-entre-terre-et-mer\/#primaryimage\"},\"thumbnailUrl\":\"https:\/\/werocksport.com\/wp-content\/uploads\/2024\/07\/DJI_0620-1-1536x838-1.jpg\",\"datePublished\":\"2024-07-02T13:36:14+00:00\",\"dateModified\":\"2025-01-20T15:24:20+00:00\",\"breadcrumb\":{\"@id\":\"https:\/\/werocksport.com\/gruissan-quand-le-sport-se-conjugue-entre-terre-et-mer\/#breadcrumb\"},\"inLanguage\":\"es\",\"potentialAction\":[{\"@type\":\"ReadAction\",\"target\":[\"https:\/\/werocksport.com\/gruissan-quand-le-sport-se-conjugue-entre-terre-et-mer\/\"]}]},{\"@type\":\"ImageObject\",\"inLanguage\":\"es\",\"@id\":\"https:\/\/werocksport.com\/gruissan-quand-le-sport-se-conjugue-entre-terre-et-mer\/#primaryimage\",\"url\":\"https:\/\/werocksport.com\/wp-content\/uploads\/2024\/07\/DJI_0620-1-1536x838-1.jpg\",\"contentUrl\":\"https:\/\/werocksport.com\/wp-content\/uploads\/2024\/07\/DJI_0620-1-1536x838-1.jpg\",\"width\":1536,\"height\":838},{\"@type\":\"BreadcrumbList\",\"@id\":\"https:\/\/werocksport.com\/gruissan-quand-le-sport-se-conjugue-entre-terre-et-mer\/#breadcrumb\",\"itemListElement\":[{\"@type\":\"ListItem\",\"position\":1,\"name\":\"Home\",\"item\":\"https:\/\/werocksport.com\/\"},{\"@type\":\"ListItem\",\"position\":2,\"name\":\"Gruissan\u00a0: Quand le sport se conjugue entre terre et mer\"}]},{\"@type\":\"WebSite\",\"@id\":\"https:\/\/werocksport.com\/#website\",\"url\":\"https:\/\/werocksport.com\/\",\"name\":\"We Rock Sport\",\"description\":\"le m\u00e9dia 100% outdoor !\",\"publisher\":{\"@id\":\"https:\/\/werocksport.com\/#organization\"},\"potentialAction\":[{\"@type\":\"SearchAction\",\"target\":{\"@type\":\"EntryPoint\",\"urlTemplate\":\"https:\/\/werocksport.com\/?s={search_term_string}\"},\"query-input\":{\"@type\":\"PropertyValueSpecification\",\"valueRequired\":true,\"valueName\":\"search_term_string\"}}],\"inLanguage\":\"es\"},{\"@type\":\"Organization\",\"@id\":\"https:\/\/werocksport.com\/#organization\",\"name\":\"We Rock Sport\",\"url\":\"https:\/\/werocksport.com\/\",\"logo\":{\"@type\":\"ImageObject\",\"inLanguage\":\"es\",\"@id\":\"https:\/\/werocksport.com\/#\/schema\/logo\/image\/\",\"url\":\"https:\/\/werocksport.com\/wp-content\/uploads\/2020\/12\/WRS-logo.png\",\"contentUrl\":\"https:\/\/werocksport.com\/wp-content\/uploads\/2020\/12\/WRS-logo.png\",\"width\":136,\"height\":60,\"caption\":\"We Rock Sport\"},\"image\":{\"@id\":\"https:\/\/werocksport.com\/#\/schema\/logo\/image\/\"}},{\"@type\":\"Person\",\"@id\":\"https:\/\/werocksport.com\/#\/schema\/person\/fda0db71bd8f31705d1685623d7ec3d9\",\"name\":\"vincent girard\",\"image\":{\"@type\":\"ImageObject\",\"inLanguage\":\"es\",\"@id\":\"https:\/\/secure.gravatar.com\/avatar\/d110edb058ac132daf0a052c59f3f137e4842586bc4e35431e2ca6e70a27b393?s=96&d=mm&r=g\",\"url\":\"https:\/\/secure.gravatar.com\/avatar\/d110edb058ac132daf0a052c59f3f137e4842586bc4e35431e2ca6e70a27b393?s=96&d=mm&r=g\",\"contentUrl\":\"https:\/\/secure.gravatar.com\/avatar\/d110edb058ac132daf0a052c59f3f137e4842586bc4e35431e2ca6e70a27b393?s=96&d=mm&r=g\",\"caption\":\"vincent girard\"}}]}<\/script>\n<!-- \/ Yoast SEO plugin. -->","yoast_head_json":{"title":"Gruissan\u00a0: Quand le sport se conjugue entre terre et mer - We Rock Sport","robots":{"index":"index","follow":"follow","max-snippet":"max-snippet:-1","max-image-preview":"max-image-preview:large","max-video-preview":"max-video-preview:-1"},"canonical":"https:\/\/werocksport.com\/es\/gruissan-quand-le-sport-se-conjugue-entre-terre-et-mer\/","og_locale":"es_ES","og_type":"article","og_title":"Gruissan\u00a0: Quand le sport se conjugue entre terre et mer - We Rock Sport","og_description":"Superbe village portuaire de l\u2019Aude, Gruissan accueille depuis 20 ans le D\u00e9fi Wind. Mais au-del\u00e0 de ce rendez-vous incontournable du calendrier kitesurf, windsurf et wingfoil, l&#8217;endroit offre un environnement naturel parfait pour de nombreuses activit\u00e9s sportives comme We Rock Sport a pu le v\u00e9rifier sur place. Rares sont les comp\u00e9titions o\u00f9 amateurs et professionnels peuvent [&hellip;]","og_url":"https:\/\/werocksport.com\/es\/gruissan-quand-le-sport-se-conjugue-entre-terre-et-mer\/","og_site_name":"We Rock Sport","article_published_time":"2024-07-02T13:36:14+00:00","article_modified_time":"2025-01-20T15:24:20+00:00","og_image":[{"width":1536,"height":838,"url":"https:\/\/werocksport.com\/wp-content\/uploads\/2024\/07\/DJI_0620-1-1536x838-1.jpg","type":"image\/jpeg"}],"author":"vincent girard","twitter_card":"summary_large_image","twitter_misc":{"Escrito por":"vincent girard","Tiempo de lectura":"10 minutos"},"schema":{"@context":"https:\/\/schema.org","@graph":[{"@type":"Article","@id":"https:\/\/werocksport.com\/gruissan-quand-le-sport-se-conjugue-entre-terre-et-mer\/#article","isPartOf":{"@id":"https:\/\/werocksport.com\/gruissan-quand-le-sport-se-conjugue-entre-terre-et-mer\/"},"author":{"name":"vincent girard","@id":"https:\/\/werocksport.com\/#\/schema\/person\/fda0db71bd8f31705d1685623d7ec3d9"},"headline":"Gruissan\u00a0: Quand le sport se conjugue entre terre et mer","datePublished":"2024-07-02T13:36:14+00:00","dateModified":"2025-01-20T15:24:20+00:00","mainEntityOfPage":{"@id":"https:\/\/werocksport.com\/gruissan-quand-le-sport-se-conjugue-entre-terre-et-mer\/"},"wordCount":1704,"publisher":{"@id":"https:\/\/werocksport.com\/#organization"},"image":{"@id":"https:\/\/werocksport.com\/gruissan-quand-le-sport-se-conjugue-entre-terre-et-mer\/#primaryimage"},"thumbnailUrl":"https:\/\/werocksport.com\/wp-content\/uploads\/2024\/07\/DJI_0620-1-1536x838-1.jpg","keywords":["gruissan","Kitesurf","trail","VTT","windsurf","Wingfoil"],"articleSection":["Aventure"],"inLanguage":"es"},{"@type":"WebPage","@id":"https:\/\/werocksport.com\/gruissan-quand-le-sport-se-conjugue-entre-terre-et-mer\/","url":"https:\/\/werocksport.com\/gruissan-quand-le-sport-se-conjugue-entre-terre-et-mer\/","name":"Gruissan\u00a0: Quand le sport se conjugue entre terre et mer - We Rock Sport","isPartOf":{"@id":"https:\/\/werocksport.com\/#website"},"primaryImageOfPage":{"@id":"https:\/\/werocksport.com\/gruissan-quand-le-sport-se-conjugue-entre-terre-et-mer\/#primaryimage"},"image":{"@id":"https:\/\/werocksport.com\/gruissan-quand-le-sport-se-conjugue-entre-terre-et-mer\/#primaryimage"},"thumbnailUrl":"https:\/\/werocksport.com\/wp-content\/uploads\/2024\/07\/DJI_0620-1-1536x838-1.jpg","datePublished":"2024-07-02T13:36:14+00:00","dateModified":"2025-01-20T15:24:20+00:00","breadcrumb":{"@id":"https:\/\/werocksport.com\/gruissan-quand-le-sport-se-conjugue-entre-terre-et-mer\/#breadcrumb"},"inLanguage":"es","potentialAction":[{"@type":"ReadAction","target":["https:\/\/werocksport.com\/gruissan-quand-le-sport-se-conjugue-entre-terre-et-mer\/"]}]},{"@type":"ImageObject","inLanguage":"es","@id":"https:\/\/werocksport.com\/gruissan-quand-le-sport-se-conjugue-entre-terre-et-mer\/#primaryimage","url":"https:\/\/werocksport.com\/wp-content\/uploads\/2024\/07\/DJI_0620-1-1536x838-1.jpg","contentUrl":"https:\/\/werocksport.com\/wp-content\/uploads\/2024\/07\/DJI_0620-1-1536x838-1.jpg","width":1536,"height":838},{"@type":"BreadcrumbList","@id":"https:\/\/werocksport.com\/gruissan-quand-le-sport-se-conjugue-entre-terre-et-mer\/#breadcrumb","itemListElement":[{"@type":"ListItem","position":1,"name":"Home","item":"https:\/\/werocksport.com\/"},{"@type":"ListItem","position":2,"name":"Gruissan\u00a0: Quand le sport se conjugue entre terre et mer"}]},{"@type":"WebSite","@id":"https:\/\/werocksport.com\/#website","url":"https:\/\/werocksport.com\/","name":"We Rock Sport","description":"\u00a1100% medios de comunicaci\u00f3n al aire libre!","publisher":{"@id":"https:\/\/werocksport.com\/#organization"},"potentialAction":[{"@type":"SearchAction","target":{"@type":"EntryPoint","urlTemplate":"https:\/\/werocksport.com\/?s={search_term_string}"},"query-input":{"@type":"PropertyValueSpecification","valueRequired":true,"valueName":"search_term_string"}}],"inLanguage":"es"},{"@type":"Organization","@id":"https:\/\/werocksport.com\/#organization","name":"We Rock Sport","url":"https:\/\/werocksport.com\/","logo":{"@type":"ImageObject","inLanguage":"es","@id":"https:\/\/werocksport.com\/#\/schema\/logo\/image\/","url":"https:\/\/werocksport.com\/wp-content\/uploads\/2020\/12\/WRS-logo.png","contentUrl":"https:\/\/werocksport.com\/wp-content\/uploads\/2020\/12\/WRS-logo.png","width":136,"height":60,"caption":"We Rock Sport"},"image":{"@id":"https:\/\/werocksport.com\/#\/schema\/logo\/image\/"}},{"@type":"Person","@id":"https:\/\/werocksport.com\/#\/schema\/person\/fda0db71bd8f31705d1685623d7ec3d9","name":"vincent girard","image":{"@type":"ImageObject","inLanguage":"es","@id":"https:\/\/secure.gravatar.com\/avatar\/d110edb058ac132daf0a052c59f3f137e4842586bc4e35431e2ca6e70a27b393?s=96&d=mm&r=g","url":"https:\/\/secure.gravatar.com\/avatar\/d110edb058ac132daf0a052c59f3f137e4842586bc4e35431e2ca6e70a27b393?s=96&d=mm&r=g","contentUrl":"https:\/\/secure.gravatar.com\/avatar\/d110edb058ac132daf0a052c59f3f137e4842586bc4e35431e2ca6e70a27b393?s=96&d=mm&r=g","caption":"vincent girard"}}]}},"jetpack_featured_media_url":"https:\/\/werocksport.com\/wp-content\/uploads\/2024\/07\/DJI_0620-1-1536x838-1.jpg","_links":{"self":[{"href":"https:\/\/werocksport.com\/es\/wp-json\/wp\/v2\/posts\/5927","targetHints":{"allow":["GET"]}}],"collection":[{"href":"https:\/\/werocksport.com\/es\/wp-json\/wp\/v2\/posts"}],"about":[{"href":"https:\/\/werocksport.com\/es\/wp-json\/wp\/v2\/types\/post"}],"author":[{"embeddable":true,"href":"https:\/\/werocksport.com\/es\/wp-json\/wp\/v2\/users\/11"}],"replies":[{"embeddable":true,"href":"https:\/\/werocksport.com\/es\/wp-json\/wp\/v2\/comments?post=5927"}],"version-history":[{"count":5,"href":"https:\/\/werocksport.com\/es\/wp-json\/wp\/v2\/posts\/5927\/revisions"}],"predecessor-version":[{"id":7135,"href":"https:\/\/werocksport.com\/es\/wp-json\/wp\/v2\/posts\/5927\/revisions\/7135"}],"wp:featuredmedia":[{"embeddable":true,"href":"https:\/\/werocksport.com\/es\/wp-json\/wp\/v2\/media\/5941"}],"wp:attachment":[{"href":"https:\/\/werocksport.com\/es\/wp-json\/wp\/v2\/media?parent=5927"}],"wp:term":[{"taxonomy":"category","embeddable":true,"href":"https:\/\/werocksport.com\/es\/wp-json\/wp\/v2\/categories?post=5927"},{"taxonomy":"post_tag","embeddable":true,"href":"https:\/\/werocksport.com\/es\/wp-json\/wp\/v2\/tags?post=5927"}],"curies":[{"name":"wp","href":"https:\/\/api.w.org\/{rel}","templated":true}]}}