{"id":5438,"date":"2024-04-08T18:27:56","date_gmt":"2024-04-08T16:27:56","guid":{"rendered":"https:\/\/werocksport.com\/?p=5438"},"modified":"2024-04-08T18:32:08","modified_gmt":"2024-04-08T16:32:08","slug":"vtt-une-annee-de-coupes-du-monde-et-de-jo","status":"publish","type":"post","link":"https:\/\/werocksport.com\/es\/vtt-une-annee-de-coupes-du-monde-et-de-jo\/","title":{"rendered":"MTB: Un a\u00f1o de Copas del Mundo... y Juegos Ol\u00edmpicos"},"content":{"rendered":"<p><strong>Esta semana arranca la Copa del Mundo de MTB con la primera etapa de cross country en Brasil. Sin duda ser\u00e1 un a\u00f1o especial para los corredores de esta disciplina, con los Juegos Ol\u00edmpicos de Par\u00eds en el punto de mira.<\/strong><\/p>\n\n\n\n<p>Del 12 al 14 de abril, la etapa de Maripora, en Brasil, dar\u00e1 el pistoletazo de salida a la Copa del Mundo de MTB Cross-Country. Ser\u00e1 la primera vez que los atletas se re\u00fanan en este punto de Sudam\u00e9rica, y permanecer\u00e1n en Brasil durante varias semanas, ya que la segunda etapa del a\u00f1o tambi\u00e9n est\u00e1 programada en el pa\u00eds, en Araxa del 19 al 21 de abril. A continuaci\u00f3n, los corredores volver\u00e1n a Europa para una larga serie de pruebas hasta finales de septiembre, cuando la etapa de Lake Placid, en Estados Unidos, y la de Mont-Sainte-Anne, en Canad\u00e1, completar\u00e1n la temporada.<\/p>\n\n\n\n<figure class=\"wp-block-image size-large\"><img loading=\"lazy\" decoding=\"async\" width=\"1024\" height=\"683\" src=\"https:\/\/werocksport.com\/wp-content\/uploads\/2024\/04\/SI202310090022_hires_jpeg_24bit_rgb-1024x683.jpg\" alt=\"\" class=\"wp-image-5439\" srcset=\"https:\/\/werocksport.com\/wp-content\/uploads\/2024\/04\/SI202310090022_hires_jpeg_24bit_rgb-1024x683.jpg 1024w, https:\/\/werocksport.com\/wp-content\/uploads\/2024\/04\/SI202310090022_hires_jpeg_24bit_rgb-300x200.jpg 300w, https:\/\/werocksport.com\/wp-content\/uploads\/2024\/04\/SI202310090022_hires_jpeg_24bit_rgb-768x512.jpg 768w, https:\/\/werocksport.com\/wp-content\/uploads\/2024\/04\/SI202310090022_hires_jpeg_24bit_rgb-18x12.jpg 18w, https:\/\/werocksport.com\/wp-content\/uploads\/2024\/04\/SI202310090022_hires_jpeg_24bit_rgb-450x300.jpg 450w, https:\/\/werocksport.com\/wp-content\/uploads\/2024\/04\/SI202310090022_hires_jpeg_24bit_rgb-780x520.jpg 780w\" sizes=\"auto, (max-width: 1024px) 100vw, 1024px\" \/><figcaption class=\"wp-element-caption\"><strong>Red Bull Content Pool<\/strong><\/figcaption><\/figure>\n\n\n\n<p>La disciplina de campo a trav\u00e9s estar\u00e1 obviamente marcada este a\u00f1o por los Juegos Ol\u00edmpicos de Par\u00eds en pleno verano (28 de julio para la prueba femenina y 29 de julio para la masculina). La carrera de bicicleta de monta\u00f1a tendr\u00e1 lugar en la colina de \u00c9lancourt, en la regi\u00f3n de Yvelines. La colina se eleva a 231 metros de altitud y ofrece un recorrido en el que los franceses brillaron durante la prueba test del pasado septiembre, ganando tanto la prueba femenina (Loana Lecomte) como la masculina (Victor Koretzky). Los ciclistas de monta\u00f1a franceses estar\u00e1n entre los favoritos en una disciplina que ha sido regularmente un \u00e9xito para Francia (recu\u00e9rdese la doble medalla de oro de Julien Absalon en Atenas y Pek\u00edn). Entre ellos estar\u00e1n la vigente campeona del mundo Pauline Ferrand-Pr\u00e9vot, Loana Lecomte y Victor Koretzky (que muy probablemente ser\u00e1 uno de los dos franceses que compitan en categor\u00eda masculina).<\/p>\n\n\n\n<figure class=\"wp-block-embed is-type-video is-provider-youtube wp-block-embed-youtube wp-embed-aspect-16-9 wp-has-aspect-ratio\"><div class=\"wp-block-embed__wrapper\">\n<iframe loading=\"lazy\" title=\"WHOOP X Series Mundiales UCI de Bicicleta de Monta\u00f1a\" width=\"1170\" height=\"658\" src=\"https:\/\/www.youtube.com\/embed\/MHl0SxQD9PY?feature=oembed&#038;enablejsapi=1&#038;origin=https:\/\/werocksport.com\" frameborder=\"0\" allow=\"accelerometer; autoplay; clipboard-write; encrypted-media; gyroscope; picture-in-picture; web-share\" referrerpolicy=\"strict-origin-when-cross-origin\" allowfullscreen><\/iframe>\n<\/div><\/figure>\n\n\n\n<p>La temporada de enduro, en la que participar\u00e1 Isabeau Courdurier, embajadora de Private Sport Shop, empezar\u00e1 un poco m\u00e1s tarde que la de cross-country. La francesa volver\u00e1 a poner en juego su t\u00edtulo de campeona del mundo el 12 de mayo en la prueba de Finale Ligure (Italia). La particularidad de este a\u00f1o es que los enduristas permanecer\u00e1n en Europa para todas sus pruebas. Por \u00faltimo, el descenso en bicicleta de monta\u00f1a iniciar\u00e1 su temporada del 3 al 5 de mayo en Fort William (Escocia). Tambi\u00e9n aqu\u00ed los franceses estar\u00e1n entre los favoritos, en particular Lo\u00efc Bruni, ganador de la clasificaci\u00f3n general en 2023 y cinco veces campe\u00f3n del mundo.<\/p>\n\n\n\n<figure class=\"wp-block-image size-large\"><img loading=\"lazy\" decoding=\"async\" width=\"1024\" height=\"683\" src=\"https:\/\/werocksport.com\/wp-content\/uploads\/2024\/04\/SI202309030637_hires_jpeg_24bit_rgb-1-1024x683.jpg\" alt=\"\" class=\"wp-image-5441\" srcset=\"https:\/\/werocksport.com\/wp-content\/uploads\/2024\/04\/SI202309030637_hires_jpeg_24bit_rgb-1-1024x683.jpg 1024w, https:\/\/werocksport.com\/wp-content\/uploads\/2024\/04\/SI202309030637_hires_jpeg_24bit_rgb-1-300x200.jpg 300w, https:\/\/werocksport.com\/wp-content\/uploads\/2024\/04\/SI202309030637_hires_jpeg_24bit_rgb-1-768x512.jpg 768w, https:\/\/werocksport.com\/wp-content\/uploads\/2024\/04\/SI202309030637_hires_jpeg_24bit_rgb-1-18x12.jpg 18w, https:\/\/werocksport.com\/wp-content\/uploads\/2024\/04\/SI202309030637_hires_jpeg_24bit_rgb-1-450x300.jpg 450w, https:\/\/werocksport.com\/wp-content\/uploads\/2024\/04\/SI202309030637_hires_jpeg_24bit_rgb-1-780x520.jpg 780w\" sizes=\"auto, (max-width: 1024px) 100vw, 1024px\" \/><figcaption class=\"wp-element-caption\"><strong>Red Bull Content Pool<\/strong><\/figcaption><\/figure>\n\n\n\n<p><strong>El calendario de la Copa del Mundo de BTT XC (campo a trav\u00e9s), EDR (enduro) y DH (descenso): <\/strong><\/p>\n\n\n\n<ul class=\"wp-block-list\">\n<li>12 al 14 de abril de 2024 - Maripora (BRA) - XC<\/li>\n\n\n\n<li>19 al 21 de abril de 2024 - Araxa (BRA) - XC<\/li>\n\n\n\n<li>Del 3 al 5 de mayo de 2024 - Fort William (ECO) - DH<\/li>\n\n\n\n<li>Del 10 al 12 de mayo de 2024 - Ligure Final (ITA) - EDR<\/li>\n\n\n\n<li>Del 17 al 19 de mayo de 2024 - Bielsko-Biala (POL) - DH &amp; EDR<\/li>\n\n\n\n<li>Del 24 al 26 de mayo de 2024 - Nove Mesto (CZE) - XC<\/li>\n\n\n\n<li>Del 7 al 9 de junio de 2024 - Leogang (AUT) - DH &amp; EDR<\/li>\n\n\n\n<li>Del 14 al 16 de junio de 2024 - Val di Sole (ITA) - DH &amp; XC<\/li>\n\n\n\n<li>Del 21 al 23 de junio de 2024 - Crans Montana (SUI) - XC<\/li>\n\n\n\n<li>Del 28 de junio al 7 de julio de 2024 - Haute Savoie (FRA) - XC, DH &amp; EDR<\/li>\n\n\n\n<li>Del 12 al 14 de julio de 2024 - Aletch (SUI) - EDR<\/li>\n\n\n\n<li>28 y 29 de julio de 2024 - Par\u00eds (FRA) - Olimpiadas XC<\/li>\n\n\n\n<li>Del 28 de agosto al 1 de septiembre - Pal Arinsal (AND) - Campeonatos del Mundo de XC y DH<\/li>\n\n\n\n<li>Del 6 al 8 de septiembre de 2024 - Loudenvielle (FRA) - DH &amp; BDU<\/li>\n\n\n\n<li>Del 27 al 29 de septiembre de 2024 - Lake Placid (EE.UU.) - XC<\/li>\n\n\n\n<li>Del 4 al 6 de octubre de 2024 - Mont Sainte-Anne (CAN) - XC &amp; DH  <\/li>\n<\/ul>","protected":false},"excerpt":{"rendered":"<p>Cette semaine, la Coupe du Monde de VTT d\u00e9bute avec la premi\u00e8re \u00e9tape du cross-country au Br\u00e9sil. Une ann\u00e9e forc\u00e9ment particuli\u00e8re pour les riders de cette discipline avec les JO de Paris en ligne de mire. Du 12 au 14 avril, l\u2019\u00e9tape de Maripora au Br\u00e9sil lancera la Coupe du Monde de VTT cross-country. Les [&hellip;]<\/p>\n","protected":false},"author":11,"featured_media":5445,"comment_status":"closed","ping_status":"closed","sticky":false,"template":"","format":"standard","meta":{"footnotes":""},"categories":[46],"tags":[525,485,484,137],"class_list":{"0":"post-5438","1":"post","2":"type-post","3":"status-publish","4":"format-standard","5":"has-post-thumbnail","7":"category-adrenaline","8":"tag-cross-country","9":"tag-enduro","10":"tag-isabeau-courdurier","11":"tag-vtt"},"yoast_head":"<!-- This site is optimized with the Yoast SEO plugin v27.2 - https:\/\/yoast.com\/product\/yoast-seo-wordpress\/ -->\n<title>VTT\u00a0: Une ann\u00e9e de Coupes du Monde\u2026 et de JO - We Rock Sport<\/title>\n<meta name=\"robots\" content=\"index, follow, max-snippet:-1, max-image-preview:large, max-video-preview:-1\" \/>\n<link rel=\"canonical\" href=\"https:\/\/werocksport.com\/es\/vtt-une-annee-de-coupes-du-monde-et-de-jo\/\" \/>\n<meta property=\"og:locale\" content=\"es_ES\" \/>\n<meta property=\"og:type\" content=\"article\" \/>\n<meta property=\"og:title\" content=\"VTT\u00a0: Une ann\u00e9e de Coupes du Monde\u2026 et de JO - We Rock Sport\" \/>\n<meta property=\"og:description\" content=\"Cette semaine, la Coupe du Monde de VTT d\u00e9bute avec la premi\u00e8re \u00e9tape du cross-country au Br\u00e9sil. Une ann\u00e9e forc\u00e9ment particuli\u00e8re pour les riders de cette discipline avec les JO de Paris en ligne de mire. Du 12 au 14 avril, l\u2019\u00e9tape de Maripora au Br\u00e9sil lancera la Coupe du Monde de VTT cross-country. Les [&hellip;]\" \/>\n<meta property=\"og:url\" content=\"https:\/\/werocksport.com\/es\/vtt-une-annee-de-coupes-du-monde-et-de-jo\/\" \/>\n<meta property=\"og:site_name\" content=\"We Rock Sport\" \/>\n<meta property=\"article:published_time\" content=\"2024-04-08T16:27:56+00:00\" \/>\n<meta property=\"article:modified_time\" content=\"2024-04-08T16:32:08+00:00\" \/>\n<meta property=\"og:image\" content=\"https:\/\/werocksport.com\/wp-content\/uploads\/2024\/04\/SI202308271013-scaled.jpg\" \/>\n\t<meta property=\"og:image:width\" content=\"2560\" \/>\n\t<meta property=\"og:image:height\" content=\"1707\" \/>\n\t<meta property=\"og:image:type\" content=\"image\/jpeg\" \/>\n<meta name=\"author\" content=\"vincent girard\" \/>\n<meta name=\"twitter:card\" content=\"summary_large_image\" \/>\n<meta name=\"twitter:label1\" content=\"Escrito por\" \/>\n\t<meta name=\"twitter:data1\" content=\"vincent girard\" \/>\n\t<meta name=\"twitter:label2\" content=\"Tiempo de lectura\" \/>\n\t<meta name=\"twitter:data2\" content=\"4 minutos\" \/>\n<script type=\"application\/ld+json\" class=\"yoast-schema-graph\">{\"@context\":\"https:\/\/schema.org\",\"@graph\":[{\"@type\":\"Article\",\"@id\":\"https:\/\/werocksport.com\/vtt-une-annee-de-coupes-du-monde-et-de-jo\/#article\",\"isPartOf\":{\"@id\":\"https:\/\/werocksport.com\/vtt-une-annee-de-coupes-du-monde-et-de-jo\/\"},\"author\":{\"name\":\"vincent girard\",\"@id\":\"https:\/\/werocksport.com\/#\/schema\/person\/fda0db71bd8f31705d1685623d7ec3d9\"},\"headline\":\"VTT\u00a0: Une ann\u00e9e de Coupes du Monde\u2026 et de JO\",\"datePublished\":\"2024-04-08T16:27:56+00:00\",\"dateModified\":\"2024-04-08T16:32:08+00:00\",\"mainEntityOfPage\":{\"@id\":\"https:\/\/werocksport.com\/vtt-une-annee-de-coupes-du-monde-et-de-jo\/\"},\"wordCount\":570,\"publisher\":{\"@id\":\"https:\/\/werocksport.com\/#organization\"},\"image\":{\"@id\":\"https:\/\/werocksport.com\/vtt-une-annee-de-coupes-du-monde-et-de-jo\/#primaryimage\"},\"thumbnailUrl\":\"https:\/\/werocksport.com\/wp-content\/uploads\/2024\/04\/SI202308271013-scaled.jpg\",\"keywords\":[\"cross-country\",\"enduro\",\"isabeau courdurier\",\"VTT\"],\"articleSection\":[\"Adr\u00e9naline\"],\"inLanguage\":\"es\"},{\"@type\":\"WebPage\",\"@id\":\"https:\/\/werocksport.com\/vtt-une-annee-de-coupes-du-monde-et-de-jo\/\",\"url\":\"https:\/\/werocksport.com\/vtt-une-annee-de-coupes-du-monde-et-de-jo\/\",\"name\":\"VTT\u00a0: Une ann\u00e9e de Coupes du Monde\u2026 et de JO - We Rock Sport\",\"isPartOf\":{\"@id\":\"https:\/\/werocksport.com\/#website\"},\"primaryImageOfPage\":{\"@id\":\"https:\/\/werocksport.com\/vtt-une-annee-de-coupes-du-monde-et-de-jo\/#primaryimage\"},\"image\":{\"@id\":\"https:\/\/werocksport.com\/vtt-une-annee-de-coupes-du-monde-et-de-jo\/#primaryimage\"},\"thumbnailUrl\":\"https:\/\/werocksport.com\/wp-content\/uploads\/2024\/04\/SI202308271013-scaled.jpg\",\"datePublished\":\"2024-04-08T16:27:56+00:00\",\"dateModified\":\"2024-04-08T16:32:08+00:00\",\"breadcrumb\":{\"@id\":\"https:\/\/werocksport.com\/vtt-une-annee-de-coupes-du-monde-et-de-jo\/#breadcrumb\"},\"inLanguage\":\"es\",\"potentialAction\":[{\"@type\":\"ReadAction\",\"target\":[\"https:\/\/werocksport.com\/vtt-une-annee-de-coupes-du-monde-et-de-jo\/\"]}]},{\"@type\":\"ImageObject\",\"inLanguage\":\"es\",\"@id\":\"https:\/\/werocksport.com\/vtt-une-annee-de-coupes-du-monde-et-de-jo\/#primaryimage\",\"url\":\"https:\/\/werocksport.com\/wp-content\/uploads\/2024\/04\/SI202308271013-scaled.jpg\",\"contentUrl\":\"https:\/\/werocksport.com\/wp-content\/uploads\/2024\/04\/SI202308271013-scaled.jpg\",\"width\":2560,\"height\":1707,\"caption\":\"\u00a9 Red Bull Content Pool\"},{\"@type\":\"BreadcrumbList\",\"@id\":\"https:\/\/werocksport.com\/vtt-une-annee-de-coupes-du-monde-et-de-jo\/#breadcrumb\",\"itemListElement\":[{\"@type\":\"ListItem\",\"position\":1,\"name\":\"Home\",\"item\":\"https:\/\/werocksport.com\/\"},{\"@type\":\"ListItem\",\"position\":2,\"name\":\"VTT\u00a0: Une ann\u00e9e de Coupes du Monde\u2026 et de JO\"}]},{\"@type\":\"WebSite\",\"@id\":\"https:\/\/werocksport.com\/#website\",\"url\":\"https:\/\/werocksport.com\/\",\"name\":\"We Rock Sport\",\"description\":\"le m\u00e9dia 100% outdoor !\",\"publisher\":{\"@id\":\"https:\/\/werocksport.com\/#organization\"},\"potentialAction\":[{\"@type\":\"SearchAction\",\"target\":{\"@type\":\"EntryPoint\",\"urlTemplate\":\"https:\/\/werocksport.com\/?s={search_term_string}\"},\"query-input\":{\"@type\":\"PropertyValueSpecification\",\"valueRequired\":true,\"valueName\":\"search_term_string\"}}],\"inLanguage\":\"es\"},{\"@type\":\"Organization\",\"@id\":\"https:\/\/werocksport.com\/#organization\",\"name\":\"We Rock Sport\",\"url\":\"https:\/\/werocksport.com\/\",\"logo\":{\"@type\":\"ImageObject\",\"inLanguage\":\"es\",\"@id\":\"https:\/\/werocksport.com\/#\/schema\/logo\/image\/\",\"url\":\"https:\/\/werocksport.com\/wp-content\/uploads\/2020\/12\/WRS-logo.png\",\"contentUrl\":\"https:\/\/werocksport.com\/wp-content\/uploads\/2020\/12\/WRS-logo.png\",\"width\":136,\"height\":60,\"caption\":\"We Rock Sport\"},\"image\":{\"@id\":\"https:\/\/werocksport.com\/#\/schema\/logo\/image\/\"}},{\"@type\":\"Person\",\"@id\":\"https:\/\/werocksport.com\/#\/schema\/person\/fda0db71bd8f31705d1685623d7ec3d9\",\"name\":\"vincent girard\",\"image\":{\"@type\":\"ImageObject\",\"inLanguage\":\"es\",\"@id\":\"https:\/\/secure.gravatar.com\/avatar\/d110edb058ac132daf0a052c59f3f137e4842586bc4e35431e2ca6e70a27b393?s=96&d=mm&r=g\",\"url\":\"https:\/\/secure.gravatar.com\/avatar\/d110edb058ac132daf0a052c59f3f137e4842586bc4e35431e2ca6e70a27b393?s=96&d=mm&r=g\",\"contentUrl\":\"https:\/\/secure.gravatar.com\/avatar\/d110edb058ac132daf0a052c59f3f137e4842586bc4e35431e2ca6e70a27b393?s=96&d=mm&r=g\",\"caption\":\"vincent girard\"}}]}<\/script>\n<!-- \/ Yoast SEO plugin. -->","yoast_head_json":{"title":"VTT\u00a0: Une ann\u00e9e de Coupes du Monde\u2026 et de JO - We Rock Sport","robots":{"index":"index","follow":"follow","max-snippet":"max-snippet:-1","max-image-preview":"max-image-preview:large","max-video-preview":"max-video-preview:-1"},"canonical":"https:\/\/werocksport.com\/es\/vtt-une-annee-de-coupes-du-monde-et-de-jo\/","og_locale":"es_ES","og_type":"article","og_title":"VTT\u00a0: Une ann\u00e9e de Coupes du Monde\u2026 et de JO - We Rock Sport","og_description":"Cette semaine, la Coupe du Monde de VTT d\u00e9bute avec la premi\u00e8re \u00e9tape du cross-country au Br\u00e9sil. Une ann\u00e9e forc\u00e9ment particuli\u00e8re pour les riders de cette discipline avec les JO de Paris en ligne de mire. Du 12 au 14 avril, l\u2019\u00e9tape de Maripora au Br\u00e9sil lancera la Coupe du Monde de VTT cross-country. Les [&hellip;]","og_url":"https:\/\/werocksport.com\/es\/vtt-une-annee-de-coupes-du-monde-et-de-jo\/","og_site_name":"We Rock Sport","article_published_time":"2024-04-08T16:27:56+00:00","article_modified_time":"2024-04-08T16:32:08+00:00","og_image":[{"width":2560,"height":1707,"url":"https:\/\/werocksport.com\/wp-content\/uploads\/2024\/04\/SI202308271013-scaled.jpg","type":"image\/jpeg"}],"author":"vincent girard","twitter_card":"summary_large_image","twitter_misc":{"Escrito por":"vincent girard","Tiempo de lectura":"4 minutos"},"schema":{"@context":"https:\/\/schema.org","@graph":[{"@type":"Article","@id":"https:\/\/werocksport.com\/vtt-une-annee-de-coupes-du-monde-et-de-jo\/#article","isPartOf":{"@id":"https:\/\/werocksport.com\/vtt-une-annee-de-coupes-du-monde-et-de-jo\/"},"author":{"name":"vincent girard","@id":"https:\/\/werocksport.com\/#\/schema\/person\/fda0db71bd8f31705d1685623d7ec3d9"},"headline":"VTT\u00a0: Une ann\u00e9e de Coupes du Monde\u2026 et de JO","datePublished":"2024-04-08T16:27:56+00:00","dateModified":"2024-04-08T16:32:08+00:00","mainEntityOfPage":{"@id":"https:\/\/werocksport.com\/vtt-une-annee-de-coupes-du-monde-et-de-jo\/"},"wordCount":570,"publisher":{"@id":"https:\/\/werocksport.com\/#organization"},"image":{"@id":"https:\/\/werocksport.com\/vtt-une-annee-de-coupes-du-monde-et-de-jo\/#primaryimage"},"thumbnailUrl":"https:\/\/werocksport.com\/wp-content\/uploads\/2024\/04\/SI202308271013-scaled.jpg","keywords":["cross-country","enduro","isabeau courdurier","VTT"],"articleSection":["Adr\u00e9naline"],"inLanguage":"es"},{"@type":"WebPage","@id":"https:\/\/werocksport.com\/vtt-une-annee-de-coupes-du-monde-et-de-jo\/","url":"https:\/\/werocksport.com\/vtt-une-annee-de-coupes-du-monde-et-de-jo\/","name":"VTT\u00a0: Une ann\u00e9e de Coupes du Monde\u2026 et de JO - We Rock Sport","isPartOf":{"@id":"https:\/\/werocksport.com\/#website"},"primaryImageOfPage":{"@id":"https:\/\/werocksport.com\/vtt-une-annee-de-coupes-du-monde-et-de-jo\/#primaryimage"},"image":{"@id":"https:\/\/werocksport.com\/vtt-une-annee-de-coupes-du-monde-et-de-jo\/#primaryimage"},"thumbnailUrl":"https:\/\/werocksport.com\/wp-content\/uploads\/2024\/04\/SI202308271013-scaled.jpg","datePublished":"2024-04-08T16:27:56+00:00","dateModified":"2024-04-08T16:32:08+00:00","breadcrumb":{"@id":"https:\/\/werocksport.com\/vtt-une-annee-de-coupes-du-monde-et-de-jo\/#breadcrumb"},"inLanguage":"es","potentialAction":[{"@type":"ReadAction","target":["https:\/\/werocksport.com\/vtt-une-annee-de-coupes-du-monde-et-de-jo\/"]}]},{"@type":"ImageObject","inLanguage":"es","@id":"https:\/\/werocksport.com\/vtt-une-annee-de-coupes-du-monde-et-de-jo\/#primaryimage","url":"https:\/\/werocksport.com\/wp-content\/uploads\/2024\/04\/SI202308271013-scaled.jpg","contentUrl":"https:\/\/werocksport.com\/wp-content\/uploads\/2024\/04\/SI202308271013-scaled.jpg","width":2560,"height":1707,"caption":"\u00a9 Red Bull Content Pool"},{"@type":"BreadcrumbList","@id":"https:\/\/werocksport.com\/vtt-une-annee-de-coupes-du-monde-et-de-jo\/#breadcrumb","itemListElement":[{"@type":"ListItem","position":1,"name":"Home","item":"https:\/\/werocksport.com\/"},{"@type":"ListItem","position":2,"name":"VTT\u00a0: Une ann\u00e9e de Coupes du Monde\u2026 et de JO"}]},{"@type":"WebSite","@id":"https:\/\/werocksport.com\/#website","url":"https:\/\/werocksport.com\/","name":"We Rock Sport","description":"\u00a1100% medios de comunicaci\u00f3n al aire libre!","publisher":{"@id":"https:\/\/werocksport.com\/#organization"},"potentialAction":[{"@type":"SearchAction","target":{"@type":"EntryPoint","urlTemplate":"https:\/\/werocksport.com\/?s={search_term_string}"},"query-input":{"@type":"PropertyValueSpecification","valueRequired":true,"valueName":"search_term_string"}}],"inLanguage":"es"},{"@type":"Organization","@id":"https:\/\/werocksport.com\/#organization","name":"We Rock Sport","url":"https:\/\/werocksport.com\/","logo":{"@type":"ImageObject","inLanguage":"es","@id":"https:\/\/werocksport.com\/#\/schema\/logo\/image\/","url":"https:\/\/werocksport.com\/wp-content\/uploads\/2020\/12\/WRS-logo.png","contentUrl":"https:\/\/werocksport.com\/wp-content\/uploads\/2020\/12\/WRS-logo.png","width":136,"height":60,"caption":"We Rock Sport"},"image":{"@id":"https:\/\/werocksport.com\/#\/schema\/logo\/image\/"}},{"@type":"Person","@id":"https:\/\/werocksport.com\/#\/schema\/person\/fda0db71bd8f31705d1685623d7ec3d9","name":"vincent girard","image":{"@type":"ImageObject","inLanguage":"es","@id":"https:\/\/secure.gravatar.com\/avatar\/d110edb058ac132daf0a052c59f3f137e4842586bc4e35431e2ca6e70a27b393?s=96&d=mm&r=g","url":"https:\/\/secure.gravatar.com\/avatar\/d110edb058ac132daf0a052c59f3f137e4842586bc4e35431e2ca6e70a27b393?s=96&d=mm&r=g","contentUrl":"https:\/\/secure.gravatar.com\/avatar\/d110edb058ac132daf0a052c59f3f137e4842586bc4e35431e2ca6e70a27b393?s=96&d=mm&r=g","caption":"vincent girard"}}]}},"jetpack_featured_media_url":"https:\/\/werocksport.com\/wp-content\/uploads\/2024\/04\/SI202308271013-scaled.jpg","_links":{"self":[{"href":"https:\/\/werocksport.com\/es\/wp-json\/wp\/v2\/posts\/5438","targetHints":{"allow":["GET"]}}],"collection":[{"href":"https:\/\/werocksport.com\/es\/wp-json\/wp\/v2\/posts"}],"about":[{"href":"https:\/\/werocksport.com\/es\/wp-json\/wp\/v2\/types\/post"}],"author":[{"embeddable":true,"href":"https:\/\/werocksport.com\/es\/wp-json\/wp\/v2\/users\/11"}],"replies":[{"embeddable":true,"href":"https:\/\/werocksport.com\/es\/wp-json\/wp\/v2\/comments?post=5438"}],"version-history":[{"count":3,"href":"https:\/\/werocksport.com\/es\/wp-json\/wp\/v2\/posts\/5438\/revisions"}],"predecessor-version":[{"id":5447,"href":"https:\/\/werocksport.com\/es\/wp-json\/wp\/v2\/posts\/5438\/revisions\/5447"}],"wp:featuredmedia":[{"embeddable":true,"href":"https:\/\/werocksport.com\/es\/wp-json\/wp\/v2\/media\/5445"}],"wp:attachment":[{"href":"https:\/\/werocksport.com\/es\/wp-json\/wp\/v2\/media?parent=5438"}],"wp:term":[{"taxonomy":"category","embeddable":true,"href":"https:\/\/werocksport.com\/es\/wp-json\/wp\/v2\/categories?post=5438"},{"taxonomy":"post_tag","embeddable":true,"href":"https:\/\/werocksport.com\/es\/wp-json\/wp\/v2\/tags?post=5438"}],"curies":[{"name":"wp","href":"https:\/\/api.w.org\/{rel}","templated":true}]}}