{"id":479,"date":"2021-01-22T09:00:00","date_gmt":"2021-01-22T08:00:00","guid":{"rendered":"http:\/\/werocksport.com\/?p=479"},"modified":"2021-01-21T21:48:52","modified_gmt":"2021-01-21T20:48:52","slug":"mickael-mawem-en-route-pour-les-jo-de-tokyo","status":"publish","type":"post","link":"https:\/\/werocksport.com\/es\/mickael-mawem-en-route-pour-les-jo-de-tokyo\/","title":{"rendered":"MICKAEL MAWEM - DE CAMINO A LOS JUEGOS OL\u00cdMPICOS DE TOKIO"},"content":{"rendered":"<iframe loading=\"lazy\" src=\"https:\/\/www.facebook.com\/plugins\/video.php?height=476&#038;href=https%3A%2F%2Fwww.facebook.com%2Fwerocksport%2Fvideos%2F794009517880470%2F&#038;show_text=false&#038;width=380\" width=\"380\" height=\"476\" style=\"border:none;overflow:hidden\" scrolling=\"no\" frameborder=\"0\" allowfullscreen=\"true\" allow=\"autoplay; clipboard-write; encrypted-media; picture-in-picture; web-share\"><\/iframe>\n\n\n\n<p>Massy, salida del RER B, un coche se detiene, la puerta se abre, Mickael Mawem nos invita a seguirle para una jornada de formaci\u00f3n. En pocas palabras, Mickael Mawem, de 30 a\u00f1os, escalador del equipo franc\u00e9s, es uno de los dos \u00fanicos escaladores franceses que, junto con su hermano mayor Bassa, se han clasificado para los Juegos Ol\u00edmpicos de Tokio.<\/p>\n\n\n\n<p>La escalada en la familia Mawem es una historia familiar. Sin tiempo para entretenerse, Mickael nos lleva a un primer gimnasio de escalada en Massy para trabajar en la prueba de velocidad: s\u00f3lo necesita 6s para alcanzar la cima de una pared de 10m. \u00a1Impresionante! Aprovech\u00f3 la oportunidad para dar algunos consejos a la generaci\u00f3n m\u00e1s joven presente esa ma\u00f1ana, para compartir su entrenamiento y nos fuimos de nuevo, \u00a1a la sala de entrenamiento para el evento de boulder! 5-6 horas de entrenamiento sin parar, Mickael Mawem es un gran trabajador, y entendemos por qu\u00e9 hizo de los Juegos Ol\u00edmpicos el mayor objetivo de su ya ajetreada carrera.<\/p>\n\n\n\n<p>Mickael Mawem es uno de los \"monstruos\" de la escalada francesa, pero tambi\u00e9n es una persona muy agradable a la que le gusta compartir su pasi\u00f3n con la gente que le rodea.<\/p>","protected":false},"excerpt":{"rendered":"<p>Massy, sortie du RER B, une voiture s\u2019arr\u00eate, la porti\u00e8re s\u2019ouvre, Mickael Mawem nous invite \u00e0 le suivre pour une journ\u00e9e d\u2019entrainement. En quelques mots, Mickael Mawem, 30 ans, grimpeur de l\u2019\u00e9quipe de France fait partie des 2 seuls grimpeurs homme fran\u00e7ais avec son fr\u00e8re a\u00een\u00e9 Bassa qualifi\u00e9 pour les JO de Tokyo. L\u2019escalade chez [&hellip;]<\/p>\n","protected":false},"author":12,"featured_media":0,"comment_status":"closed","ping_status":"closed","sticky":false,"template":"","format":"video","meta":{"footnotes":""},"categories":[48],"tags":[185,53,186,184,183,9],"class_list":{"0":"post-479","1":"post","2":"type-post","3":"status-publish","4":"format-video","6":"category-inspiration","7":"tag-entrainement","8":"tag-escalade","9":"tag-francais","10":"tag-jo-tokyo","11":"tag-mickael-mawem","12":"tag-sport","13":"post_format-post-format-video"},"yoast_head":"<!-- This site is optimized with the Yoast SEO plugin v27.2 - https:\/\/yoast.com\/product\/yoast-seo-wordpress\/ -->\n<title>MICKAEL MAWEM - EN ROUTE POUR LES JO DE TOKYO - We Rock Sport<\/title>\n<meta name=\"robots\" content=\"index, follow, max-snippet:-1, max-image-preview:large, max-video-preview:-1\" \/>\n<link rel=\"canonical\" href=\"https:\/\/werocksport.com\/es\/mickael-mawem-en-route-pour-les-jo-de-tokyo\/\" \/>\n<meta property=\"og:locale\" content=\"es_ES\" \/>\n<meta property=\"og:type\" content=\"article\" \/>\n<meta property=\"og:title\" content=\"MICKAEL MAWEM - EN ROUTE POUR LES JO DE TOKYO - We Rock Sport\" \/>\n<meta property=\"og:description\" content=\"Massy, sortie du RER B, une voiture s\u2019arr\u00eate, la porti\u00e8re s\u2019ouvre, Mickael Mawem nous invite \u00e0 le suivre pour une journ\u00e9e d\u2019entrainement. En quelques mots, Mickael Mawem, 30 ans, grimpeur de l\u2019\u00e9quipe de France fait partie des 2 seuls grimpeurs homme fran\u00e7ais avec son fr\u00e8re a\u00een\u00e9 Bassa qualifi\u00e9 pour les JO de Tokyo. L\u2019escalade chez [&hellip;]\" \/>\n<meta property=\"og:url\" content=\"https:\/\/werocksport.com\/es\/mickael-mawem-en-route-pour-les-jo-de-tokyo\/\" \/>\n<meta property=\"og:site_name\" content=\"We Rock Sport\" \/>\n<meta property=\"article:published_time\" content=\"2021-01-22T08:00:00+00:00\" \/>\n<meta property=\"og:image\" content=\"https:\/\/werocksport.com\/wp-content\/uploads\/2021\/01\/WRS_MICKAEL_MAWEM-photo.jpg\" \/>\n\t<meta property=\"og:image:width\" content=\"1920\" \/>\n\t<meta property=\"og:image:height\" content=\"1080\" \/>\n\t<meta property=\"og:image:type\" content=\"image\/jpeg\" \/>\n<meta name=\"author\" content=\"Emmanuel Morell\" \/>\n<meta name=\"twitter:card\" content=\"summary_large_image\" \/>\n<meta name=\"twitter:label1\" content=\"Escrito por\" \/>\n\t<meta name=\"twitter:data1\" content=\"Emmanuel Morell\" \/>\n\t<meta name=\"twitter:label2\" content=\"Tiempo de lectura\" \/>\n\t<meta name=\"twitter:data2\" content=\"1 minuto\" \/>\n<script type=\"application\/ld+json\" class=\"yoast-schema-graph\">{\"@context\":\"https:\/\/schema.org\",\"@graph\":[{\"@type\":\"Article\",\"@id\":\"https:\/\/werocksport.com\/mickael-mawem-en-route-pour-les-jo-de-tokyo\/#article\",\"isPartOf\":{\"@id\":\"https:\/\/werocksport.com\/mickael-mawem-en-route-pour-les-jo-de-tokyo\/\"},\"author\":{\"name\":\"Emmanuel Morell\",\"@id\":\"https:\/\/werocksport.com\/#\/schema\/person\/dd296d720f707d08adeaf8cb80afb9ec\"},\"headline\":\"MICKAEL MAWEM &#8211; EN ROUTE POUR LES JO DE TOKYO\",\"datePublished\":\"2021-01-22T08:00:00+00:00\",\"mainEntityOfPage\":{\"@id\":\"https:\/\/werocksport.com\/mickael-mawem-en-route-pour-les-jo-de-tokyo\/\"},\"wordCount\":229,\"publisher\":{\"@id\":\"https:\/\/werocksport.com\/#organization\"},\"keywords\":[\"entrainement\",\"Escalade\",\"Fran\u00e7ais\",\"JO tokyo\",\"Mickael Mawem\",\"Sport\"],\"articleSection\":[\"Inspiration\"],\"inLanguage\":\"es\"},{\"@type\":\"WebPage\",\"@id\":\"https:\/\/werocksport.com\/mickael-mawem-en-route-pour-les-jo-de-tokyo\/\",\"url\":\"https:\/\/werocksport.com\/mickael-mawem-en-route-pour-les-jo-de-tokyo\/\",\"name\":\"MICKAEL MAWEM - EN ROUTE POUR LES JO DE TOKYO - We Rock Sport\",\"isPartOf\":{\"@id\":\"https:\/\/werocksport.com\/#website\"},\"datePublished\":\"2021-01-22T08:00:00+00:00\",\"breadcrumb\":{\"@id\":\"https:\/\/werocksport.com\/mickael-mawem-en-route-pour-les-jo-de-tokyo\/#breadcrumb\"},\"inLanguage\":\"es\",\"potentialAction\":[{\"@type\":\"ReadAction\",\"target\":[\"https:\/\/werocksport.com\/mickael-mawem-en-route-pour-les-jo-de-tokyo\/\"]}]},{\"@type\":\"BreadcrumbList\",\"@id\":\"https:\/\/werocksport.com\/mickael-mawem-en-route-pour-les-jo-de-tokyo\/#breadcrumb\",\"itemListElement\":[{\"@type\":\"ListItem\",\"position\":1,\"name\":\"Home\",\"item\":\"https:\/\/werocksport.com\/\"},{\"@type\":\"ListItem\",\"position\":2,\"name\":\"MICKAEL MAWEM &#8211; EN ROUTE POUR LES JO DE TOKYO\"}]},{\"@type\":\"WebSite\",\"@id\":\"https:\/\/werocksport.com\/#website\",\"url\":\"https:\/\/werocksport.com\/\",\"name\":\"We Rock Sport\",\"description\":\"le m\u00e9dia 100% outdoor !\",\"publisher\":{\"@id\":\"https:\/\/werocksport.com\/#organization\"},\"potentialAction\":[{\"@type\":\"SearchAction\",\"target\":{\"@type\":\"EntryPoint\",\"urlTemplate\":\"https:\/\/werocksport.com\/?s={search_term_string}\"},\"query-input\":{\"@type\":\"PropertyValueSpecification\",\"valueRequired\":true,\"valueName\":\"search_term_string\"}}],\"inLanguage\":\"es\"},{\"@type\":\"Organization\",\"@id\":\"https:\/\/werocksport.com\/#organization\",\"name\":\"We Rock Sport\",\"url\":\"https:\/\/werocksport.com\/\",\"logo\":{\"@type\":\"ImageObject\",\"inLanguage\":\"es\",\"@id\":\"https:\/\/werocksport.com\/#\/schema\/logo\/image\/\",\"url\":\"https:\/\/werocksport.com\/wp-content\/uploads\/2020\/12\/WRS-logo.png\",\"contentUrl\":\"https:\/\/werocksport.com\/wp-content\/uploads\/2020\/12\/WRS-logo.png\",\"width\":136,\"height\":60,\"caption\":\"We Rock Sport\"},\"image\":{\"@id\":\"https:\/\/werocksport.com\/#\/schema\/logo\/image\/\"}},{\"@type\":\"Person\",\"@id\":\"https:\/\/werocksport.com\/#\/schema\/person\/dd296d720f707d08adeaf8cb80afb9ec\",\"name\":\"Emmanuel Morell\",\"image\":{\"@type\":\"ImageObject\",\"inLanguage\":\"es\",\"@id\":\"https:\/\/secure.gravatar.com\/avatar\/de044757faaba64b0534f56a73332e8dea9b4e61cea3c751cba5b277b625215e?s=96&d=mm&r=g\",\"url\":\"https:\/\/secure.gravatar.com\/avatar\/de044757faaba64b0534f56a73332e8dea9b4e61cea3c751cba5b277b625215e?s=96&d=mm&r=g\",\"contentUrl\":\"https:\/\/secure.gravatar.com\/avatar\/de044757faaba64b0534f56a73332e8dea9b4e61cea3c751cba5b277b625215e?s=96&d=mm&r=g\",\"caption\":\"Emmanuel Morell\"}}]}<\/script>\n<!-- \/ Yoast SEO plugin. -->","yoast_head_json":{"title":"MICKAEL MAWEM - DE CAMINO A TOKIO - We Rock Sport","robots":{"index":"index","follow":"follow","max-snippet":"max-snippet:-1","max-image-preview":"max-image-preview:large","max-video-preview":"max-video-preview:-1"},"canonical":"https:\/\/werocksport.com\/es\/mickael-mawem-en-route-pour-les-jo-de-tokyo\/","og_locale":"es_ES","og_type":"article","og_title":"MICKAEL MAWEM - EN ROUTE POUR LES JO DE TOKYO - We Rock Sport","og_description":"Massy, sortie du RER B, une voiture s\u2019arr\u00eate, la porti\u00e8re s\u2019ouvre, Mickael Mawem nous invite \u00e0 le suivre pour une journ\u00e9e d\u2019entrainement. En quelques mots, Mickael Mawem, 30 ans, grimpeur de l\u2019\u00e9quipe de France fait partie des 2 seuls grimpeurs homme fran\u00e7ais avec son fr\u00e8re a\u00een\u00e9 Bassa qualifi\u00e9 pour les JO de Tokyo. L\u2019escalade chez [&hellip;]","og_url":"https:\/\/werocksport.com\/es\/mickael-mawem-en-route-pour-les-jo-de-tokyo\/","og_site_name":"We Rock Sport","article_published_time":"2021-01-22T08:00:00+00:00","og_image":[{"width":1920,"height":1080,"url":"https:\/\/werocksport.com\/wp-content\/uploads\/2021\/01\/WRS_MICKAEL_MAWEM-photo.jpg","type":"image\/jpeg"}],"author":"Emmanuel Morell","twitter_card":"summary_large_image","twitter_misc":{"Escrito por":"Emmanuel Morell","Tiempo de lectura":"1 minuto"},"schema":{"@context":"https:\/\/schema.org","@graph":[{"@type":"Article","@id":"https:\/\/werocksport.com\/mickael-mawem-en-route-pour-les-jo-de-tokyo\/#article","isPartOf":{"@id":"https:\/\/werocksport.com\/mickael-mawem-en-route-pour-les-jo-de-tokyo\/"},"author":{"name":"Emmanuel Morell","@id":"https:\/\/werocksport.com\/#\/schema\/person\/dd296d720f707d08adeaf8cb80afb9ec"},"headline":"MICKAEL MAWEM &#8211; EN ROUTE POUR LES JO DE TOKYO","datePublished":"2021-01-22T08:00:00+00:00","mainEntityOfPage":{"@id":"https:\/\/werocksport.com\/mickael-mawem-en-route-pour-les-jo-de-tokyo\/"},"wordCount":229,"publisher":{"@id":"https:\/\/werocksport.com\/#organization"},"keywords":["entrainement","Escalade","Fran\u00e7ais","JO tokyo","Mickael Mawem","Sport"],"articleSection":["Inspiration"],"inLanguage":"es"},{"@type":"WebPage","@id":"https:\/\/werocksport.com\/mickael-mawem-en-route-pour-les-jo-de-tokyo\/","url":"https:\/\/werocksport.com\/mickael-mawem-en-route-pour-les-jo-de-tokyo\/","name":"MICKAEL MAWEM - DE CAMINO A TOKIO - We Rock Sport","isPartOf":{"@id":"https:\/\/werocksport.com\/#website"},"datePublished":"2021-01-22T08:00:00+00:00","breadcrumb":{"@id":"https:\/\/werocksport.com\/mickael-mawem-en-route-pour-les-jo-de-tokyo\/#breadcrumb"},"inLanguage":"es","potentialAction":[{"@type":"ReadAction","target":["https:\/\/werocksport.com\/mickael-mawem-en-route-pour-les-jo-de-tokyo\/"]}]},{"@type":"BreadcrumbList","@id":"https:\/\/werocksport.com\/mickael-mawem-en-route-pour-les-jo-de-tokyo\/#breadcrumb","itemListElement":[{"@type":"ListItem","position":1,"name":"Home","item":"https:\/\/werocksport.com\/"},{"@type":"ListItem","position":2,"name":"MICKAEL MAWEM &#8211; EN ROUTE POUR LES JO DE TOKYO"}]},{"@type":"WebSite","@id":"https:\/\/werocksport.com\/#website","url":"https:\/\/werocksport.com\/","name":"We Rock Sport","description":"\u00a1100% medios de comunicaci\u00f3n al aire libre!","publisher":{"@id":"https:\/\/werocksport.com\/#organization"},"potentialAction":[{"@type":"SearchAction","target":{"@type":"EntryPoint","urlTemplate":"https:\/\/werocksport.com\/?s={search_term_string}"},"query-input":{"@type":"PropertyValueSpecification","valueRequired":true,"valueName":"search_term_string"}}],"inLanguage":"es"},{"@type":"Organization","@id":"https:\/\/werocksport.com\/#organization","name":"We Rock Sport","url":"https:\/\/werocksport.com\/","logo":{"@type":"ImageObject","inLanguage":"es","@id":"https:\/\/werocksport.com\/#\/schema\/logo\/image\/","url":"https:\/\/werocksport.com\/wp-content\/uploads\/2020\/12\/WRS-logo.png","contentUrl":"https:\/\/werocksport.com\/wp-content\/uploads\/2020\/12\/WRS-logo.png","width":136,"height":60,"caption":"We Rock Sport"},"image":{"@id":"https:\/\/werocksport.com\/#\/schema\/logo\/image\/"}},{"@type":"Person","@id":"https:\/\/werocksport.com\/#\/schema\/person\/dd296d720f707d08adeaf8cb80afb9ec","name":"Emmanuel Morell","image":{"@type":"ImageObject","inLanguage":"es","@id":"https:\/\/secure.gravatar.com\/avatar\/de044757faaba64b0534f56a73332e8dea9b4e61cea3c751cba5b277b625215e?s=96&d=mm&r=g","url":"https:\/\/secure.gravatar.com\/avatar\/de044757faaba64b0534f56a73332e8dea9b4e61cea3c751cba5b277b625215e?s=96&d=mm&r=g","contentUrl":"https:\/\/secure.gravatar.com\/avatar\/de044757faaba64b0534f56a73332e8dea9b4e61cea3c751cba5b277b625215e?s=96&d=mm&r=g","caption":"Emmanuel Morell"}}]}},"jetpack_featured_media_url":"","_links":{"self":[{"href":"https:\/\/werocksport.com\/es\/wp-json\/wp\/v2\/posts\/479","targetHints":{"allow":["GET"]}}],"collection":[{"href":"https:\/\/werocksport.com\/es\/wp-json\/wp\/v2\/posts"}],"about":[{"href":"https:\/\/werocksport.com\/es\/wp-json\/wp\/v2\/types\/post"}],"author":[{"embeddable":true,"href":"https:\/\/werocksport.com\/es\/wp-json\/wp\/v2\/users\/12"}],"replies":[{"embeddable":true,"href":"https:\/\/werocksport.com\/es\/wp-json\/wp\/v2\/comments?post=479"}],"version-history":[{"count":2,"href":"https:\/\/werocksport.com\/es\/wp-json\/wp\/v2\/posts\/479\/revisions"}],"predecessor-version":[{"id":482,"href":"https:\/\/werocksport.com\/es\/wp-json\/wp\/v2\/posts\/479\/revisions\/482"}],"wp:attachment":[{"href":"https:\/\/werocksport.com\/es\/wp-json\/wp\/v2\/media?parent=479"}],"wp:term":[{"taxonomy":"category","embeddable":true,"href":"https:\/\/werocksport.com\/es\/wp-json\/wp\/v2\/categories?post=479"},{"taxonomy":"post_tag","embeddable":true,"href":"https:\/\/werocksport.com\/es\/wp-json\/wp\/v2\/tags?post=479"}],"curies":[{"name":"wp","href":"https:\/\/api.w.org\/{rel}","templated":true}]}}