{"id":4270,"date":"2023-09-06T12:51:09","date_gmt":"2023-09-06T10:51:09","guid":{"rendered":"https:\/\/werocksport.com\/?p=4270"},"modified":"2023-09-06T12:51:17","modified_gmt":"2023-09-06T10:51:17","slug":"les-productions-en-lice-au-paris-surf-skateboard-film-festival","status":"publish","type":"post","link":"https:\/\/werocksport.com\/es\/les-productions-en-lice-au-paris-surf-skateboard-film-festival\/","title":{"rendered":"Producciones que compiten en el Festival de Cine de Surf y Skateboard de Par\u00eds"},"content":{"rendered":"<p><strong>Del 21 al 24 de septiembre se celebra en l'Entrep\u00f4t, en el distrito 14, la octava edici\u00f3n del Paris Surf &amp; Skateboard Film Festival. Aqu\u00ed est\u00e1n las pel\u00edculas del programa.<\/strong><\/p>\n\n\n\n<p>Este festival, que celebra la cultura del surf y el skate, se ha convertido en un acontecimiento clave al comienzo de cada nuevo curso acad\u00e9mico. Este a\u00f1o, del 21 al 24 de septiembre, se celebra la octava edici\u00f3n del <a href=\"https:\/\/www.pssff.fr\/\">Festival de Cine de Surf y Skateboard de Par\u00eds<\/a>. El programa incluye tres proyecciones de cortometrajes (frente a las dos del a\u00f1o pasado) en el Entrep\u00f4t del distrito 14 de Par\u00eds, con producciones que llevar\u00e1n a los espectadores a Sud\u00e1frica, Irlanda, Dinamarca, Estados Unidos, Holanda, Suecia, Inglaterra, Marruecos y otros lugares. M\u00e1s informaci\u00f3n sobre los largometrajes de surf y skate programados para el PSSFF 2023.<\/p>\n\n\n\n<p><strong>Lands End<\/strong><\/p>\n\n\n\n<p>Ryan Sherman \/ Reino Unido, 2023, 76' \/ En presencia del director &amp; Barney Page<\/p>\n\n\n\n<p>El skater brit\u00e1nico Barney Page nos embarca en un viaje emocional mientras recorre en monopat\u00edn las Islas Brit\u00e1nicas para honrar la memoria de su amigo Ben Raemers. Lands End Full pretende arrojar luz sobre el tab\u00fa del suicidio y propone una reflexi\u00f3n para cambiar las mentalidades sobre las enfermedades mentales.<\/p>\n\n\n\n<figure class=\"wp-block-embed is-type-video is-provider-youtube wp-block-embed-youtube wp-embed-aspect-16-9 wp-has-aspect-ratio\"><div class=\"wp-block-embed__wrapper\">\n<iframe loading=\"lazy\" title=\"Tr\u00e1iler de &quot;Lands End&quot; - Skateboarding para la concienciaci\u00f3n sobre el suicidio - Barney Page\" width=\"1170\" height=\"658\" src=\"https:\/\/www.youtube.com\/embed\/87azWektD9s?feature=oembed\" frameborder=\"0\" allow=\"accelerometer; autoplay; clipboard-write; encrypted-media; gyroscope; picture-in-picture; web-share\" allowfullscreen><\/iframe>\n<\/div><\/figure>\n\n\n\n<p><strong>La tierra es estrecha para nosotros<\/strong><\/p>\n\n\n\n<p>Raffaello D'errico \/ Francia, 2023, 74'<\/p>\n\n\n\n<p>Karam es un surfista en una tierra sin olas. Le gustar\u00eda surfear, pero rara vez hay olas. Le gustar\u00eda salir del pa\u00eds, pero todas sus solicitudes de visado son rechazadas. As\u00ed que patina y espera a que algo cambie su vida. Hoy, en medio de una crisis pol\u00edtica, econ\u00f3mica y sanitaria, Karam se ha dado cuenta de que tiene que implicarse en la reconstrucci\u00f3n de su pa\u00eds, L\u00edbano.<\/p>\n\n\n\n<figure class=\"wp-block-image size-large\"><img loading=\"lazy\" decoding=\"async\" width=\"1024\" height=\"571\" src=\"https:\/\/werocksport.com\/wp-content\/uploads\/2023\/09\/kyujtyj-1024x571.png\" alt=\"\" class=\"wp-image-4271\" srcset=\"https:\/\/werocksport.com\/wp-content\/uploads\/2023\/09\/kyujtyj-1024x571.png 1024w, https:\/\/werocksport.com\/wp-content\/uploads\/2023\/09\/kyujtyj-300x167.png 300w, https:\/\/werocksport.com\/wp-content\/uploads\/2023\/09\/kyujtyj-768x428.png 768w, https:\/\/werocksport.com\/wp-content\/uploads\/2023\/09\/kyujtyj-18x10.png 18w, https:\/\/werocksport.com\/wp-content\/uploads\/2023\/09\/kyujtyj-450x251.png 450w, https:\/\/werocksport.com\/wp-content\/uploads\/2023\/09\/kyujtyj-780x435.png 780w\" sizes=\"auto, (max-width: 1024px) 100vw, 1024px\" \/><\/figure>\n\n\n\n<p><strong>Mejor<\/strong><\/p>\n\n\n\n<p>Kamal Ourahou \/ Francia, 2023, 95\u2032 \/ En presencia del director &amp; Nassim Lachhab \/ Estreno en Francia.<\/p>\n\n\n\n<p>\"Entre 2009 y 2011, film\u00e9 y edit\u00e9 los primeros v\u00eddeos de monopat\u00edn de Nassim Lachhab en Rabat, Marruecos. En 2020, tras vivir entre Francia y Espa\u00f1a, Nassim se convirti\u00f3 en el primer skater profesional marroqu\u00ed y africano del mundo. Desde entonces, nunca he dejado de preguntarme: \u00bfc\u00f3mo vivi\u00f3 Nassim su ascenso a la primera l\u00ednea de la escena internacional del monopat\u00edn al mismo tiempo que su vida como emigrante? \u00bfC\u00f3mo resuena su trayectoria sin precedentes con los problemas actuales de la escena marroqu\u00ed?\".<\/p>\n\n\n\n<figure class=\"wp-block-embed is-type-video is-provider-vimeo wp-block-embed-vimeo\"><div class=\"wp-block-embed__wrapper\">\n<iframe loading=\"lazy\" title=\"Mejor\" src=\"https:\/\/player.vimeo.com\/video\/860110453?dnt=1&amp;app_id=122963\" width=\"1170\" height=\"702\" frameborder=\"0\" allow=\"autoplay; fullscreen; picture-in-picture\"><\/iframe>\n<\/div><\/figure>\n\n\n\n<p><strong>Empujando: de R\u00e4ttvik a California<\/strong><\/p>\n\n\n\n<p>Christopher Sanitate, Klas Hjertberg, Katja Uneborg \/ &amp; Robert Gustafsson \/ Suecia, 2023, 83' \/ Estreno en Francia<\/p>\n\n\n\n<p>En el verano de 1984, en Suecia, el skater profesional Mike McGill invent\u00f3 el truco de skate m\u00e1s dif\u00edcil de su \u00e9poca: el McTwist. Fue el comienzo de una nueva era para este deporte.  40 a\u00f1os despu\u00e9s, Hedda, una ni\u00f1a de 10 a\u00f1os, sue\u00f1a con recrear este truco legendario en el lugar donde todo empez\u00f3: R\u00e4ttvik.  Pushing - from R\u00e4ttvik to California es una pel\u00edcula sobre la amistad, el valor y c\u00f3mo una pasi\u00f3n compartida puede hacer posible lo imposible.<\/p>\n\n\n\n<figure class=\"wp-block-embed is-type-video is-provider-vimeo wp-block-embed-vimeo wp-embed-aspect-16-9 wp-has-aspect-ratio\"><div class=\"wp-block-embed__wrapper\">\n<iframe loading=\"lazy\" title=\"Empujando: de R\u00e4ttvik a California\" src=\"https:\/\/player.vimeo.com\/video\/855043857?dnt=1&amp;app_id=122963\" width=\"1170\" height=\"658\" frameborder=\"0\" allow=\"autoplay; fullscreen; picture-in-picture\"><\/iframe>\n<\/div><\/figure>\n\n\n\n<p><strong>Vadear el agua<\/strong><\/p>\n\n\n\n<p>David Mesfin \/ Estados Unidos, 2022, 80' \/ Estreno en Francia<\/p>\n\n\n\n<p>Este documental cuenta la milenaria historia del surf negro. Combinando relatos hist\u00f3ricos con testimonios contempor\u00e1neos, la pel\u00edcula rompe las barreras raciales de la cultura del surf convencional. Una inmersi\u00f3n en la historia poco conocida del Surf Negro que rinde homenaje a su movimiento actual al tiempo que busca inspirar a la nueva generaci\u00f3n de surfistas negros.<\/p>\n\n\n\n<figure class=\"wp-block-embed is-type-video is-provider-vimeo wp-block-embed-vimeo wp-embed-aspect-16-9 wp-has-aspect-ratio\"><div class=\"wp-block-embed__wrapper\">\n<iframe loading=\"lazy\" title=\"Vadear el agua\" src=\"https:\/\/player.vimeo.com\/video\/849503370?dnt=1&amp;app_id=122963\" width=\"1170\" height=\"658\" frameborder=\"0\" allow=\"autoplay; fullscreen; picture-in-picture\"><\/iframe>\n<\/div><\/figure>\n\n\n\n<p><strong>Mant\u00e9ngalo en secreto<\/strong><\/p>\n\n\n\n<p>Sean Duggan \/ Irlanda, 2021, 58' \/ Estreno en Francia<\/p>\n\n\n\n<p>A principios de la d\u00e9cada de 1970, cuando las olas irlandesas a\u00fan eran desconocidas para los surfistas internacionales, los pioneros del surf de Dubl\u00edn y Belfast se ayudaron mutuamente para organizar el Campeonato de Eurosurf de 1972, a pesar de los conflictos pol\u00edticos de la \u00e9poca. Esta pel\u00edcula cuenta la historia poco conocida de la escena surfera de la Isla Esmeralda, hoy mundialmente conocida, y pone de relieve el poder unificador de este deporte.<\/p>\n\n\n\n<figure class=\"wp-block-embed is-type-video is-provider-vimeo wp-block-embed-vimeo wp-embed-aspect-16-9 wp-has-aspect-ratio\"><div class=\"wp-block-embed__wrapper\">\n<iframe loading=\"lazy\" title=\"Mant\u00e9ngalo en secreto\" src=\"https:\/\/player.vimeo.com\/video\/853798702?dnt=1&amp;app_id=122963\" width=\"1170\" height=\"658\" frameborder=\"0\" allow=\"autoplay; fullscreen; picture-in-picture\"><\/iframe>\n<\/div><\/figure>\n\n\n\n<p><strong>Nacimiento del verano interminable<\/strong><\/p>\n\n\n\n<p>Richard Yelland \/ Estados Unidos, 2022, 83' \/ Estreno en Francia<\/p>\n\n\n\n<p>Birth of The Endless Summer sigue al pionero del surf californiano Dick Metz mientras recorre el mundo de 1958 a 1961, revelando la historia jam\u00e1s contada del documental de surf m\u00e1s visto y amado de todos los tiempos:<\/p>\n\n\n\n<figure class=\"wp-block-embed is-type-video is-provider-vimeo wp-block-embed-vimeo wp-embed-aspect-16-9 wp-has-aspect-ratio\"><div class=\"wp-block-embed__wrapper\">\n<iframe loading=\"lazy\" title=\"Nacimiento del verano interminable\" src=\"https:\/\/player.vimeo.com\/video\/859365782?dnt=1&amp;app_id=122963\" width=\"1170\" height=\"658\" frameborder=\"0\" allow=\"autoplay; fullscreen; picture-in-picture\"><\/iframe>\n<\/div><\/figure>","protected":false},"excerpt":{"rendered":"<p>Du 21 au 24 septembre, la huiti\u00e8me \u00e9dition du Paris Surf &amp; Skateboard Film Festival se d\u00e9roule \u00e0 l\u2019Entrep\u00f4t dans le 14e arrondissement. Voici les films au programme. C\u00e9l\u00e9brant la culture surf et skate, ce festival est d\u00e9sormais un rendez-vous qui compte lors de chaque rentr\u00e9e. Cette ann\u00e9e, c\u2019est du 21 au 24 septembre que [&hellip;]<\/p>\n","protected":false},"author":11,"featured_media":4273,"comment_status":"closed","ping_status":"closed","sticky":false,"template":"","format":"standard","meta":{"footnotes":""},"categories":[99],"tags":[330,468,482,154],"class_list":{"0":"post-4270","1":"post","2":"type-post","3":"status-publish","4":"format-standard","5":"has-post-thumbnail","7":"category-culture","8":"tag-festival","9":"tag-films-2","10":"tag-skate","11":"tag-surf"},"yoast_head":"<!-- This site is optimized with the Yoast SEO plugin v27.2 - https:\/\/yoast.com\/product\/yoast-seo-wordpress\/ -->\n<title>Les productions en lice au Paris Surf &amp; Skateboard Film Festival - We Rock Sport<\/title>\n<meta name=\"robots\" content=\"index, follow, max-snippet:-1, max-image-preview:large, max-video-preview:-1\" \/>\n<link rel=\"canonical\" href=\"https:\/\/werocksport.com\/es\/les-productions-en-lice-au-paris-surf-skateboard-film-festival\/\" \/>\n<meta property=\"og:locale\" content=\"es_ES\" \/>\n<meta property=\"og:type\" content=\"article\" \/>\n<meta property=\"og:title\" content=\"Les productions en lice au Paris Surf &amp; Skateboard Film Festival - We Rock Sport\" \/>\n<meta property=\"og:description\" content=\"Du 21 au 24 septembre, la huiti\u00e8me \u00e9dition du Paris Surf &amp; Skateboard Film Festival se d\u00e9roule \u00e0 l\u2019Entrep\u00f4t dans le 14e arrondissement. Voici les films au programme. C\u00e9l\u00e9brant la culture surf et skate, ce festival est d\u00e9sormais un rendez-vous qui compte lors de chaque rentr\u00e9e. Cette ann\u00e9e, c\u2019est du 21 au 24 septembre que [&hellip;]\" \/>\n<meta property=\"og:url\" content=\"https:\/\/werocksport.com\/es\/les-productions-en-lice-au-paris-surf-skateboard-film-festival\/\" \/>\n<meta property=\"og:site_name\" content=\"We Rock Sport\" \/>\n<meta property=\"article:published_time\" content=\"2023-09-06T10:51:09+00:00\" \/>\n<meta property=\"article:modified_time\" content=\"2023-09-06T10:51:17+00:00\" \/>\n<meta property=\"og:image\" content=\"https:\/\/werocksport.com\/wp-content\/uploads\/2023\/09\/kdrgsdrgdrg.png\" \/>\n\t<meta property=\"og:image:width\" content=\"1556\" \/>\n\t<meta property=\"og:image:height\" content=\"646\" \/>\n\t<meta property=\"og:image:type\" content=\"image\/png\" \/>\n<meta name=\"author\" content=\"vincent girard\" \/>\n<meta name=\"twitter:card\" content=\"summary_large_image\" \/>\n<meta name=\"twitter:label1\" content=\"Escrito por\" \/>\n\t<meta name=\"twitter:data1\" content=\"vincent girard\" \/>\n\t<meta name=\"twitter:label2\" content=\"Tiempo de lectura\" \/>\n\t<meta name=\"twitter:data2\" content=\"4 minutos\" \/>\n<script type=\"application\/ld+json\" class=\"yoast-schema-graph\">{\"@context\":\"https:\/\/schema.org\",\"@graph\":[{\"@type\":\"Article\",\"@id\":\"https:\/\/werocksport.com\/les-productions-en-lice-au-paris-surf-skateboard-film-festival\/#article\",\"isPartOf\":{\"@id\":\"https:\/\/werocksport.com\/les-productions-en-lice-au-paris-surf-skateboard-film-festival\/\"},\"author\":{\"name\":\"vincent girard\",\"@id\":\"https:\/\/werocksport.com\/#\/schema\/person\/fda0db71bd8f31705d1685623d7ec3d9\"},\"headline\":\"Les productions en lice au Paris Surf &amp; Skateboard Film Festival\",\"datePublished\":\"2023-09-06T10:51:09+00:00\",\"dateModified\":\"2023-09-06T10:51:17+00:00\",\"mainEntityOfPage\":{\"@id\":\"https:\/\/werocksport.com\/les-productions-en-lice-au-paris-surf-skateboard-film-festival\/\"},\"wordCount\":760,\"publisher\":{\"@id\":\"https:\/\/werocksport.com\/#organization\"},\"image\":{\"@id\":\"https:\/\/werocksport.com\/les-productions-en-lice-au-paris-surf-skateboard-film-festival\/#primaryimage\"},\"thumbnailUrl\":\"https:\/\/werocksport.com\/wp-content\/uploads\/2023\/09\/kdrgsdrgdrg.png\",\"keywords\":[\"Festival\",\"films\",\"skate\",\"surf\"],\"articleSection\":[\"Culture\"],\"inLanguage\":\"es\"},{\"@type\":\"WebPage\",\"@id\":\"https:\/\/werocksport.com\/les-productions-en-lice-au-paris-surf-skateboard-film-festival\/\",\"url\":\"https:\/\/werocksport.com\/les-productions-en-lice-au-paris-surf-skateboard-film-festival\/\",\"name\":\"Les productions en lice au Paris Surf &amp; Skateboard Film Festival - We Rock Sport\",\"isPartOf\":{\"@id\":\"https:\/\/werocksport.com\/#website\"},\"primaryImageOfPage\":{\"@id\":\"https:\/\/werocksport.com\/les-productions-en-lice-au-paris-surf-skateboard-film-festival\/#primaryimage\"},\"image\":{\"@id\":\"https:\/\/werocksport.com\/les-productions-en-lice-au-paris-surf-skateboard-film-festival\/#primaryimage\"},\"thumbnailUrl\":\"https:\/\/werocksport.com\/wp-content\/uploads\/2023\/09\/kdrgsdrgdrg.png\",\"datePublished\":\"2023-09-06T10:51:09+00:00\",\"dateModified\":\"2023-09-06T10:51:17+00:00\",\"breadcrumb\":{\"@id\":\"https:\/\/werocksport.com\/les-productions-en-lice-au-paris-surf-skateboard-film-festival\/#breadcrumb\"},\"inLanguage\":\"es\",\"potentialAction\":[{\"@type\":\"ReadAction\",\"target\":[\"https:\/\/werocksport.com\/les-productions-en-lice-au-paris-surf-skateboard-film-festival\/\"]}]},{\"@type\":\"ImageObject\",\"inLanguage\":\"es\",\"@id\":\"https:\/\/werocksport.com\/les-productions-en-lice-au-paris-surf-skateboard-film-festival\/#primaryimage\",\"url\":\"https:\/\/werocksport.com\/wp-content\/uploads\/2023\/09\/kdrgsdrgdrg.png\",\"contentUrl\":\"https:\/\/werocksport.com\/wp-content\/uploads\/2023\/09\/kdrgsdrgdrg.png\",\"width\":1556,\"height\":646},{\"@type\":\"BreadcrumbList\",\"@id\":\"https:\/\/werocksport.com\/les-productions-en-lice-au-paris-surf-skateboard-film-festival\/#breadcrumb\",\"itemListElement\":[{\"@type\":\"ListItem\",\"position\":1,\"name\":\"Home\",\"item\":\"https:\/\/werocksport.com\/\"},{\"@type\":\"ListItem\",\"position\":2,\"name\":\"Les productions en lice au Paris Surf &amp; Skateboard Film Festival\"}]},{\"@type\":\"WebSite\",\"@id\":\"https:\/\/werocksport.com\/#website\",\"url\":\"https:\/\/werocksport.com\/\",\"name\":\"We Rock Sport\",\"description\":\"le m\u00e9dia 100% outdoor !\",\"publisher\":{\"@id\":\"https:\/\/werocksport.com\/#organization\"},\"potentialAction\":[{\"@type\":\"SearchAction\",\"target\":{\"@type\":\"EntryPoint\",\"urlTemplate\":\"https:\/\/werocksport.com\/?s={search_term_string}\"},\"query-input\":{\"@type\":\"PropertyValueSpecification\",\"valueRequired\":true,\"valueName\":\"search_term_string\"}}],\"inLanguage\":\"es\"},{\"@type\":\"Organization\",\"@id\":\"https:\/\/werocksport.com\/#organization\",\"name\":\"We Rock Sport\",\"url\":\"https:\/\/werocksport.com\/\",\"logo\":{\"@type\":\"ImageObject\",\"inLanguage\":\"es\",\"@id\":\"https:\/\/werocksport.com\/#\/schema\/logo\/image\/\",\"url\":\"https:\/\/werocksport.com\/wp-content\/uploads\/2020\/12\/WRS-logo.png\",\"contentUrl\":\"https:\/\/werocksport.com\/wp-content\/uploads\/2020\/12\/WRS-logo.png\",\"width\":136,\"height\":60,\"caption\":\"We Rock Sport\"},\"image\":{\"@id\":\"https:\/\/werocksport.com\/#\/schema\/logo\/image\/\"}},{\"@type\":\"Person\",\"@id\":\"https:\/\/werocksport.com\/#\/schema\/person\/fda0db71bd8f31705d1685623d7ec3d9\",\"name\":\"vincent girard\",\"image\":{\"@type\":\"ImageObject\",\"inLanguage\":\"es\",\"@id\":\"https:\/\/secure.gravatar.com\/avatar\/d110edb058ac132daf0a052c59f3f137e4842586bc4e35431e2ca6e70a27b393?s=96&d=mm&r=g\",\"url\":\"https:\/\/secure.gravatar.com\/avatar\/d110edb058ac132daf0a052c59f3f137e4842586bc4e35431e2ca6e70a27b393?s=96&d=mm&r=g\",\"contentUrl\":\"https:\/\/secure.gravatar.com\/avatar\/d110edb058ac132daf0a052c59f3f137e4842586bc4e35431e2ca6e70a27b393?s=96&d=mm&r=g\",\"caption\":\"vincent girard\"}}]}<\/script>\n<!-- \/ Yoast SEO plugin. -->","yoast_head_json":{"title":"Producciones que compiten en el Paris Surf &amp; Skateboard Film Festival - We Rock Sport","robots":{"index":"index","follow":"follow","max-snippet":"max-snippet:-1","max-image-preview":"max-image-preview:large","max-video-preview":"max-video-preview:-1"},"canonical":"https:\/\/werocksport.com\/es\/les-productions-en-lice-au-paris-surf-skateboard-film-festival\/","og_locale":"es_ES","og_type":"article","og_title":"Les productions en lice au Paris Surf &amp; Skateboard Film Festival - We Rock Sport","og_description":"Du 21 au 24 septembre, la huiti\u00e8me \u00e9dition du Paris Surf &amp; Skateboard Film Festival se d\u00e9roule \u00e0 l\u2019Entrep\u00f4t dans le 14e arrondissement. Voici les films au programme. C\u00e9l\u00e9brant la culture surf et skate, ce festival est d\u00e9sormais un rendez-vous qui compte lors de chaque rentr\u00e9e. Cette ann\u00e9e, c\u2019est du 21 au 24 septembre que [&hellip;]","og_url":"https:\/\/werocksport.com\/es\/les-productions-en-lice-au-paris-surf-skateboard-film-festival\/","og_site_name":"We Rock Sport","article_published_time":"2023-09-06T10:51:09+00:00","article_modified_time":"2023-09-06T10:51:17+00:00","og_image":[{"width":1556,"height":646,"url":"https:\/\/werocksport.com\/wp-content\/uploads\/2023\/09\/kdrgsdrgdrg.png","type":"image\/png"}],"author":"vincent girard","twitter_card":"summary_large_image","twitter_misc":{"Escrito por":"vincent girard","Tiempo de lectura":"4 minutos"},"schema":{"@context":"https:\/\/schema.org","@graph":[{"@type":"Article","@id":"https:\/\/werocksport.com\/les-productions-en-lice-au-paris-surf-skateboard-film-festival\/#article","isPartOf":{"@id":"https:\/\/werocksport.com\/les-productions-en-lice-au-paris-surf-skateboard-film-festival\/"},"author":{"name":"vincent girard","@id":"https:\/\/werocksport.com\/#\/schema\/person\/fda0db71bd8f31705d1685623d7ec3d9"},"headline":"Les productions en lice au Paris Surf &amp; Skateboard Film Festival","datePublished":"2023-09-06T10:51:09+00:00","dateModified":"2023-09-06T10:51:17+00:00","mainEntityOfPage":{"@id":"https:\/\/werocksport.com\/les-productions-en-lice-au-paris-surf-skateboard-film-festival\/"},"wordCount":760,"publisher":{"@id":"https:\/\/werocksport.com\/#organization"},"image":{"@id":"https:\/\/werocksport.com\/les-productions-en-lice-au-paris-surf-skateboard-film-festival\/#primaryimage"},"thumbnailUrl":"https:\/\/werocksport.com\/wp-content\/uploads\/2023\/09\/kdrgsdrgdrg.png","keywords":["Festival","films","skate","surf"],"articleSection":["Culture"],"inLanguage":"es"},{"@type":"WebPage","@id":"https:\/\/werocksport.com\/les-productions-en-lice-au-paris-surf-skateboard-film-festival\/","url":"https:\/\/werocksport.com\/les-productions-en-lice-au-paris-surf-skateboard-film-festival\/","name":"Producciones que compiten en el Paris Surf &amp; Skateboard Film Festival - We Rock Sport","isPartOf":{"@id":"https:\/\/werocksport.com\/#website"},"primaryImageOfPage":{"@id":"https:\/\/werocksport.com\/les-productions-en-lice-au-paris-surf-skateboard-film-festival\/#primaryimage"},"image":{"@id":"https:\/\/werocksport.com\/les-productions-en-lice-au-paris-surf-skateboard-film-festival\/#primaryimage"},"thumbnailUrl":"https:\/\/werocksport.com\/wp-content\/uploads\/2023\/09\/kdrgsdrgdrg.png","datePublished":"2023-09-06T10:51:09+00:00","dateModified":"2023-09-06T10:51:17+00:00","breadcrumb":{"@id":"https:\/\/werocksport.com\/les-productions-en-lice-au-paris-surf-skateboard-film-festival\/#breadcrumb"},"inLanguage":"es","potentialAction":[{"@type":"ReadAction","target":["https:\/\/werocksport.com\/les-productions-en-lice-au-paris-surf-skateboard-film-festival\/"]}]},{"@type":"ImageObject","inLanguage":"es","@id":"https:\/\/werocksport.com\/les-productions-en-lice-au-paris-surf-skateboard-film-festival\/#primaryimage","url":"https:\/\/werocksport.com\/wp-content\/uploads\/2023\/09\/kdrgsdrgdrg.png","contentUrl":"https:\/\/werocksport.com\/wp-content\/uploads\/2023\/09\/kdrgsdrgdrg.png","width":1556,"height":646},{"@type":"BreadcrumbList","@id":"https:\/\/werocksport.com\/les-productions-en-lice-au-paris-surf-skateboard-film-festival\/#breadcrumb","itemListElement":[{"@type":"ListItem","position":1,"name":"Home","item":"https:\/\/werocksport.com\/"},{"@type":"ListItem","position":2,"name":"Les productions en lice au Paris Surf &amp; Skateboard Film Festival"}]},{"@type":"WebSite","@id":"https:\/\/werocksport.com\/#website","url":"https:\/\/werocksport.com\/","name":"We Rock Sport","description":"\u00a1100% medios de comunicaci\u00f3n al aire libre!","publisher":{"@id":"https:\/\/werocksport.com\/#organization"},"potentialAction":[{"@type":"SearchAction","target":{"@type":"EntryPoint","urlTemplate":"https:\/\/werocksport.com\/?s={search_term_string}"},"query-input":{"@type":"PropertyValueSpecification","valueRequired":true,"valueName":"search_term_string"}}],"inLanguage":"es"},{"@type":"Organization","@id":"https:\/\/werocksport.com\/#organization","name":"We Rock Sport","url":"https:\/\/werocksport.com\/","logo":{"@type":"ImageObject","inLanguage":"es","@id":"https:\/\/werocksport.com\/#\/schema\/logo\/image\/","url":"https:\/\/werocksport.com\/wp-content\/uploads\/2020\/12\/WRS-logo.png","contentUrl":"https:\/\/werocksport.com\/wp-content\/uploads\/2020\/12\/WRS-logo.png","width":136,"height":60,"caption":"We Rock Sport"},"image":{"@id":"https:\/\/werocksport.com\/#\/schema\/logo\/image\/"}},{"@type":"Person","@id":"https:\/\/werocksport.com\/#\/schema\/person\/fda0db71bd8f31705d1685623d7ec3d9","name":"vincent girard","image":{"@type":"ImageObject","inLanguage":"es","@id":"https:\/\/secure.gravatar.com\/avatar\/d110edb058ac132daf0a052c59f3f137e4842586bc4e35431e2ca6e70a27b393?s=96&d=mm&r=g","url":"https:\/\/secure.gravatar.com\/avatar\/d110edb058ac132daf0a052c59f3f137e4842586bc4e35431e2ca6e70a27b393?s=96&d=mm&r=g","contentUrl":"https:\/\/secure.gravatar.com\/avatar\/d110edb058ac132daf0a052c59f3f137e4842586bc4e35431e2ca6e70a27b393?s=96&d=mm&r=g","caption":"vincent girard"}}]}},"jetpack_featured_media_url":"https:\/\/werocksport.com\/wp-content\/uploads\/2023\/09\/kdrgsdrgdrg.png","_links":{"self":[{"href":"https:\/\/werocksport.com\/es\/wp-json\/wp\/v2\/posts\/4270","targetHints":{"allow":["GET"]}}],"collection":[{"href":"https:\/\/werocksport.com\/es\/wp-json\/wp\/v2\/posts"}],"about":[{"href":"https:\/\/werocksport.com\/es\/wp-json\/wp\/v2\/types\/post"}],"author":[{"embeddable":true,"href":"https:\/\/werocksport.com\/es\/wp-json\/wp\/v2\/users\/11"}],"replies":[{"embeddable":true,"href":"https:\/\/werocksport.com\/es\/wp-json\/wp\/v2\/comments?post=4270"}],"version-history":[{"count":2,"href":"https:\/\/werocksport.com\/es\/wp-json\/wp\/v2\/posts\/4270\/revisions"}],"predecessor-version":[{"id":4274,"href":"https:\/\/werocksport.com\/es\/wp-json\/wp\/v2\/posts\/4270\/revisions\/4274"}],"wp:featuredmedia":[{"embeddable":true,"href":"https:\/\/werocksport.com\/es\/wp-json\/wp\/v2\/media\/4273"}],"wp:attachment":[{"href":"https:\/\/werocksport.com\/es\/wp-json\/wp\/v2\/media?parent=4270"}],"wp:term":[{"taxonomy":"category","embeddable":true,"href":"https:\/\/werocksport.com\/es\/wp-json\/wp\/v2\/categories?post=4270"},{"taxonomy":"post_tag","embeddable":true,"href":"https:\/\/werocksport.com\/es\/wp-json\/wp\/v2\/tags?post=4270"}],"curies":[{"name":"wp","href":"https:\/\/api.w.org\/{rel}","templated":true}]}}