{"id":3226,"date":"2023-01-26T09:00:00","date_gmt":"2023-01-26T08:00:00","guid":{"rendered":"https:\/\/werocksport.com\/?p=3226"},"modified":"2023-02-11T15:00:49","modified_gmt":"2023-02-11T14:00:49","slug":"la-liberte-au-sommet-we-rock-sport-le-podcast-avec-victor-daviet","status":"publish","type":"post","link":"https:\/\/werocksport.com\/es\/la-liberte-au-sommet-we-rock-sport-le-podcast-avec-victor-daviet\/","title":{"rendered":"Libertad en la cumbre: We Rock Sport el Podcast con Victor Daviet"},"content":{"rendered":"<p><strong>Freerider, Victor Daviet eligi\u00f3 la monta\u00f1a como lugar de expresi\u00f3n. Es entre estas cumbres donde ha florecido y encontrado el equilibrio de su vida. All\u00ed ha encontrado una nueva familia, apasionados que, como \u00e9l, encuentran en la gracia de las alturas un nuevo soplo de libertad... Esta libertad y este derecho a poder vivir su pasi\u00f3n, los defiende hoy comprometi\u00e9ndose por los que no han tenido esta oportunidad. <\/strong><\/p>\n\n\n\n<p>V\u00edctor, uno de los primeros embajadores de la asociaci\u00f3n Riders for Refugees, emprendi\u00f3 recientemente una nueva lucha por la libertad, ayudando a la exfiltraci\u00f3n de emergencia del equipo afgano de snowboard, amenazado por el r\u00e9gimen talib\u00e1n. As\u00ed naci\u00f3 una nueva familia y una nueva asociaci\u00f3n: Snowboarders of Solidarity. En este episodio, repasa esta incre\u00edble historia y nos habla tambi\u00e9n de su evento en La Rosi\u00e8re: Safety Shred Days. Un evento que ofrece a todos los riders, profesionales y aficionados, la oportunidad de aprender sobre gesti\u00f3n de riesgos y rescate en monta\u00f1a. O cuando la seguridad se convierte en garant\u00eda de libertad...\u00a0<\/p>\n\n\n\n<figure class=\"wp-block-embed is-type-rich is-provider-spotify wp-block-embed-spotify wp-embed-aspect-21-9 wp-has-aspect-ratio\"><div class=\"wp-block-embed__wrapper\">\n<iframe title=\"Spotify Embed: We Rock Sport, el podcast con Victor Daviet\" style=\"border-radius: 12px\" width=\"100%\" height=\"152\" frameborder=\"0\" allowfullscreen allow=\"autoplay; clipboard-write; encrypted-media; fullscreen; picture-in-picture\" loading=\"lazy\" src=\"https:\/\/open.spotify.com\/embed\/episode\/08Eqiv78Feb6uPhbrv11ZC?si=Lcjo7d2fQnqx6l7kdoiODw&#038;utm_source=oembed\"><\/iframe>\n<\/div><\/figure>\n\n\n\n<iframe allow=\"autoplay *; encrypted-media *; fullscreen *; clipboard-write\" frameborder=\"0\" height=\"200\" style=\"width:100%;max-width:12000px;overflow:hidden;background:transparent;\" sandbox=\"allow-forms allow-popups allow-same-origin allow-scripts allow-storage-access-by-user-activation allow-top-navigation-by-user-activation\" src=\"https:\/\/embed.podcasts.apple.com\/fr\/podcast\/we-rock-sport-le-podcast-avec-victor-daviet\/id1658567724?i=1000594969644\"><\/iframe>\n\n\n\n<p>Tambi\u00e9n puede ver este episodio en <a href=\"https:\/\/www.deezer.com\/fr\/show\/4309477\" target=\"_blank\" rel=\"noreferrer noopener\">Deezer<\/a> o <a href=\"https:\/\/podcasts.google.com\/feed\/aHR0cHM6Ly9mZWVkcy5hY2FzdC5jb20vcHVibGljL3Nob3dzLzYxNzI3MTA2OTM1YWFkMDAxNDZhMWQyMg\/episode\/NjNjNmI0OGQ1NTJkN2QwMDExNTA4YThj?sa=X&amp;ved=0CAUQkfYCahgKEwiYsp6Cuor9AhUAAAAAHQAAAAAQlQQ\" target=\"_blank\" rel=\"noreferrer noopener\">Podcasts de Google<\/a>.&nbsp;<\/p>","protected":false},"excerpt":{"rendered":"<p>Freerideur, Victor Daviet a choisi la montagne comme lieu d\u2019expression. C\u2019est entre ses sommets qu\u2019il s\u2019est \u00e9panoui et a trouv\u00e9 son \u00e9quilibre de vie. Il y a trouv\u00e9 une nouvelle famille, des passionn\u00e9s, qui, comme lui, trouvent dans la gr\u00e2ce des hauteurs un nouveau souffle de libert\u00e9\u2026&nbsp;Cette libert\u00e9 et ce droit de pouvoir vivre sa [&hellip;]<\/p>\n","protected":false},"author":12,"featured_media":3227,"comment_status":"closed","ping_status":"closed","sticky":false,"template":"","format":"standard","meta":{"footnotes":""},"categories":[345],"tags":[],"class_list":{"0":"post-3226","1":"post","2":"type-post","3":"status-publish","4":"format-standard","5":"has-post-thumbnail","7":"category-podcasts"},"yoast_head":"<!-- This site is optimized with the Yoast SEO plugin v27.2 - https:\/\/yoast.com\/product\/yoast-seo-wordpress\/ -->\n<title>La libert\u00e9 au sommet : We Rock Sport le Podcast avec Victor Daviet - We Rock Sport<\/title>\n<meta name=\"robots\" content=\"index, follow, max-snippet:-1, max-image-preview:large, max-video-preview:-1\" \/>\n<link rel=\"canonical\" href=\"https:\/\/werocksport.com\/es\/la-liberte-au-sommet-we-rock-sport-le-podcast-avec-victor-daviet\/\" \/>\n<meta property=\"og:locale\" content=\"es_ES\" \/>\n<meta property=\"og:type\" content=\"article\" \/>\n<meta property=\"og:title\" content=\"La libert\u00e9 au sommet : We Rock Sport le Podcast avec Victor Daviet - We Rock Sport\" \/>\n<meta property=\"og:description\" content=\"Freerideur, Victor Daviet a choisi la montagne comme lieu d\u2019expression. C\u2019est entre ses sommets qu\u2019il s\u2019est \u00e9panoui et a trouv\u00e9 son \u00e9quilibre de vie. Il y a trouv\u00e9 une nouvelle famille, des passionn\u00e9s, qui, comme lui, trouvent dans la gr\u00e2ce des hauteurs un nouveau souffle de libert\u00e9\u2026&nbsp;Cette libert\u00e9 et ce droit de pouvoir vivre sa [&hellip;]\" \/>\n<meta property=\"og:url\" content=\"https:\/\/werocksport.com\/es\/la-liberte-au-sommet-we-rock-sport-le-podcast-avec-victor-daviet\/\" \/>\n<meta property=\"og:site_name\" content=\"We Rock Sport\" \/>\n<meta property=\"article:published_time\" content=\"2023-01-26T08:00:00+00:00\" \/>\n<meta property=\"article:modified_time\" content=\"2023-02-11T14:00:49+00:00\" \/>\n<meta property=\"og:image\" content=\"https:\/\/werocksport.com\/wp-content\/uploads\/2023\/01\/VictorDaviet\u00a9GermainFAVRE-FELIX_photo12.jpg\" \/>\n\t<meta property=\"og:image:width\" content=\"1265\" \/>\n\t<meta property=\"og:image:height\" content=\"665\" \/>\n\t<meta property=\"og:image:type\" content=\"image\/jpeg\" \/>\n<meta name=\"author\" content=\"Emmanuel Morell\" \/>\n<meta name=\"twitter:card\" content=\"summary_large_image\" \/>\n<meta name=\"twitter:label1\" content=\"Escrito por\" \/>\n\t<meta name=\"twitter:data1\" content=\"Emmanuel Morell\" \/>\n\t<meta name=\"twitter:label2\" content=\"Tiempo de lectura\" \/>\n\t<meta name=\"twitter:data2\" content=\"1 minuto\" \/>\n<script type=\"application\/ld+json\" class=\"yoast-schema-graph\">{\"@context\":\"https:\/\/schema.org\",\"@graph\":[{\"@type\":\"Article\",\"@id\":\"https:\/\/werocksport.com\/la-liberte-au-sommet-we-rock-sport-le-podcast-avec-victor-daviet\/#article\",\"isPartOf\":{\"@id\":\"https:\/\/werocksport.com\/la-liberte-au-sommet-we-rock-sport-le-podcast-avec-victor-daviet\/\"},\"author\":{\"name\":\"Emmanuel Morell\",\"@id\":\"https:\/\/werocksport.com\/#\/schema\/person\/dd296d720f707d08adeaf8cb80afb9ec\"},\"headline\":\"La libert\u00e9 au sommet : We Rock Sport le Podcast avec Victor Daviet\",\"datePublished\":\"2023-01-26T08:00:00+00:00\",\"dateModified\":\"2023-02-11T14:00:49+00:00\",\"mainEntityOfPage\":{\"@id\":\"https:\/\/werocksport.com\/la-liberte-au-sommet-we-rock-sport-le-podcast-avec-victor-daviet\/\"},\"wordCount\":231,\"publisher\":{\"@id\":\"https:\/\/werocksport.com\/#organization\"},\"image\":{\"@id\":\"https:\/\/werocksport.com\/la-liberte-au-sommet-we-rock-sport-le-podcast-avec-victor-daviet\/#primaryimage\"},\"thumbnailUrl\":\"https:\/\/werocksport.com\/wp-content\/uploads\/2023\/01\/VictorDaviet\u00a9GermainFAVRE-FELIX_photo12.jpg\",\"articleSection\":[\"Podcasts\"],\"inLanguage\":\"es\"},{\"@type\":\"WebPage\",\"@id\":\"https:\/\/werocksport.com\/la-liberte-au-sommet-we-rock-sport-le-podcast-avec-victor-daviet\/\",\"url\":\"https:\/\/werocksport.com\/la-liberte-au-sommet-we-rock-sport-le-podcast-avec-victor-daviet\/\",\"name\":\"La libert\u00e9 au sommet : We Rock Sport le Podcast avec Victor Daviet - We Rock Sport\",\"isPartOf\":{\"@id\":\"https:\/\/werocksport.com\/#website\"},\"primaryImageOfPage\":{\"@id\":\"https:\/\/werocksport.com\/la-liberte-au-sommet-we-rock-sport-le-podcast-avec-victor-daviet\/#primaryimage\"},\"image\":{\"@id\":\"https:\/\/werocksport.com\/la-liberte-au-sommet-we-rock-sport-le-podcast-avec-victor-daviet\/#primaryimage\"},\"thumbnailUrl\":\"https:\/\/werocksport.com\/wp-content\/uploads\/2023\/01\/VictorDaviet\u00a9GermainFAVRE-FELIX_photo12.jpg\",\"datePublished\":\"2023-01-26T08:00:00+00:00\",\"dateModified\":\"2023-02-11T14:00:49+00:00\",\"breadcrumb\":{\"@id\":\"https:\/\/werocksport.com\/la-liberte-au-sommet-we-rock-sport-le-podcast-avec-victor-daviet\/#breadcrumb\"},\"inLanguage\":\"es\",\"potentialAction\":[{\"@type\":\"ReadAction\",\"target\":[\"https:\/\/werocksport.com\/la-liberte-au-sommet-we-rock-sport-le-podcast-avec-victor-daviet\/\"]}]},{\"@type\":\"ImageObject\",\"inLanguage\":\"es\",\"@id\":\"https:\/\/werocksport.com\/la-liberte-au-sommet-we-rock-sport-le-podcast-avec-victor-daviet\/#primaryimage\",\"url\":\"https:\/\/werocksport.com\/wp-content\/uploads\/2023\/01\/VictorDaviet\u00a9GermainFAVRE-FELIX_photo12.jpg\",\"contentUrl\":\"https:\/\/werocksport.com\/wp-content\/uploads\/2023\/01\/VictorDaviet\u00a9GermainFAVRE-FELIX_photo12.jpg\",\"width\":1265,\"height\":665},{\"@type\":\"BreadcrumbList\",\"@id\":\"https:\/\/werocksport.com\/la-liberte-au-sommet-we-rock-sport-le-podcast-avec-victor-daviet\/#breadcrumb\",\"itemListElement\":[{\"@type\":\"ListItem\",\"position\":1,\"name\":\"Home\",\"item\":\"https:\/\/werocksport.com\/\"},{\"@type\":\"ListItem\",\"position\":2,\"name\":\"La libert\u00e9 au sommet : We Rock Sport le Podcast avec Victor Daviet\"}]},{\"@type\":\"WebSite\",\"@id\":\"https:\/\/werocksport.com\/#website\",\"url\":\"https:\/\/werocksport.com\/\",\"name\":\"We Rock Sport\",\"description\":\"le m\u00e9dia 100% outdoor !\",\"publisher\":{\"@id\":\"https:\/\/werocksport.com\/#organization\"},\"potentialAction\":[{\"@type\":\"SearchAction\",\"target\":{\"@type\":\"EntryPoint\",\"urlTemplate\":\"https:\/\/werocksport.com\/?s={search_term_string}\"},\"query-input\":{\"@type\":\"PropertyValueSpecification\",\"valueRequired\":true,\"valueName\":\"search_term_string\"}}],\"inLanguage\":\"es\"},{\"@type\":\"Organization\",\"@id\":\"https:\/\/werocksport.com\/#organization\",\"name\":\"We Rock Sport\",\"url\":\"https:\/\/werocksport.com\/\",\"logo\":{\"@type\":\"ImageObject\",\"inLanguage\":\"es\",\"@id\":\"https:\/\/werocksport.com\/#\/schema\/logo\/image\/\",\"url\":\"https:\/\/werocksport.com\/wp-content\/uploads\/2020\/12\/WRS-logo.png\",\"contentUrl\":\"https:\/\/werocksport.com\/wp-content\/uploads\/2020\/12\/WRS-logo.png\",\"width\":136,\"height\":60,\"caption\":\"We Rock Sport\"},\"image\":{\"@id\":\"https:\/\/werocksport.com\/#\/schema\/logo\/image\/\"}},{\"@type\":\"Person\",\"@id\":\"https:\/\/werocksport.com\/#\/schema\/person\/dd296d720f707d08adeaf8cb80afb9ec\",\"name\":\"Emmanuel Morell\",\"image\":{\"@type\":\"ImageObject\",\"inLanguage\":\"es\",\"@id\":\"https:\/\/secure.gravatar.com\/avatar\/de044757faaba64b0534f56a73332e8dea9b4e61cea3c751cba5b277b625215e?s=96&d=mm&r=g\",\"url\":\"https:\/\/secure.gravatar.com\/avatar\/de044757faaba64b0534f56a73332e8dea9b4e61cea3c751cba5b277b625215e?s=96&d=mm&r=g\",\"contentUrl\":\"https:\/\/secure.gravatar.com\/avatar\/de044757faaba64b0534f56a73332e8dea9b4e61cea3c751cba5b277b625215e?s=96&d=mm&r=g\",\"caption\":\"Emmanuel Morell\"}}]}<\/script>\n<!-- \/ Yoast SEO plugin. -->","yoast_head_json":{"title":"Libertad en la cumbre: We Rock Sport el Podcast con Victor Daviet - We Rock Sport","robots":{"index":"index","follow":"follow","max-snippet":"max-snippet:-1","max-image-preview":"max-image-preview:large","max-video-preview":"max-video-preview:-1"},"canonical":"https:\/\/werocksport.com\/es\/la-liberte-au-sommet-we-rock-sport-le-podcast-avec-victor-daviet\/","og_locale":"es_ES","og_type":"article","og_title":"La libert\u00e9 au sommet : We Rock Sport le Podcast avec Victor Daviet - We Rock Sport","og_description":"Freerideur, Victor Daviet a choisi la montagne comme lieu d\u2019expression. C\u2019est entre ses sommets qu\u2019il s\u2019est \u00e9panoui et a trouv\u00e9 son \u00e9quilibre de vie. Il y a trouv\u00e9 une nouvelle famille, des passionn\u00e9s, qui, comme lui, trouvent dans la gr\u00e2ce des hauteurs un nouveau souffle de libert\u00e9\u2026&nbsp;Cette libert\u00e9 et ce droit de pouvoir vivre sa [&hellip;]","og_url":"https:\/\/werocksport.com\/es\/la-liberte-au-sommet-we-rock-sport-le-podcast-avec-victor-daviet\/","og_site_name":"We Rock Sport","article_published_time":"2023-01-26T08:00:00+00:00","article_modified_time":"2023-02-11T14:00:49+00:00","og_image":[{"width":1265,"height":665,"url":"https:\/\/werocksport.com\/wp-content\/uploads\/2023\/01\/VictorDaviet\u00a9GermainFAVRE-FELIX_photo12.jpg","type":"image\/jpeg"}],"author":"Emmanuel Morell","twitter_card":"summary_large_image","twitter_misc":{"Escrito por":"Emmanuel Morell","Tiempo de lectura":"1 minuto"},"schema":{"@context":"https:\/\/schema.org","@graph":[{"@type":"Article","@id":"https:\/\/werocksport.com\/la-liberte-au-sommet-we-rock-sport-le-podcast-avec-victor-daviet\/#article","isPartOf":{"@id":"https:\/\/werocksport.com\/la-liberte-au-sommet-we-rock-sport-le-podcast-avec-victor-daviet\/"},"author":{"name":"Emmanuel Morell","@id":"https:\/\/werocksport.com\/#\/schema\/person\/dd296d720f707d08adeaf8cb80afb9ec"},"headline":"La libert\u00e9 au sommet : We Rock Sport le Podcast avec Victor Daviet","datePublished":"2023-01-26T08:00:00+00:00","dateModified":"2023-02-11T14:00:49+00:00","mainEntityOfPage":{"@id":"https:\/\/werocksport.com\/la-liberte-au-sommet-we-rock-sport-le-podcast-avec-victor-daviet\/"},"wordCount":231,"publisher":{"@id":"https:\/\/werocksport.com\/#organization"},"image":{"@id":"https:\/\/werocksport.com\/la-liberte-au-sommet-we-rock-sport-le-podcast-avec-victor-daviet\/#primaryimage"},"thumbnailUrl":"https:\/\/werocksport.com\/wp-content\/uploads\/2023\/01\/VictorDaviet\u00a9GermainFAVRE-FELIX_photo12.jpg","articleSection":["Podcasts"],"inLanguage":"es"},{"@type":"WebPage","@id":"https:\/\/werocksport.com\/la-liberte-au-sommet-we-rock-sport-le-podcast-avec-victor-daviet\/","url":"https:\/\/werocksport.com\/la-liberte-au-sommet-we-rock-sport-le-podcast-avec-victor-daviet\/","name":"Libertad en la cumbre: We Rock Sport el Podcast con Victor Daviet - We Rock Sport","isPartOf":{"@id":"https:\/\/werocksport.com\/#website"},"primaryImageOfPage":{"@id":"https:\/\/werocksport.com\/la-liberte-au-sommet-we-rock-sport-le-podcast-avec-victor-daviet\/#primaryimage"},"image":{"@id":"https:\/\/werocksport.com\/la-liberte-au-sommet-we-rock-sport-le-podcast-avec-victor-daviet\/#primaryimage"},"thumbnailUrl":"https:\/\/werocksport.com\/wp-content\/uploads\/2023\/01\/VictorDaviet\u00a9GermainFAVRE-FELIX_photo12.jpg","datePublished":"2023-01-26T08:00:00+00:00","dateModified":"2023-02-11T14:00:49+00:00","breadcrumb":{"@id":"https:\/\/werocksport.com\/la-liberte-au-sommet-we-rock-sport-le-podcast-avec-victor-daviet\/#breadcrumb"},"inLanguage":"es","potentialAction":[{"@type":"ReadAction","target":["https:\/\/werocksport.com\/la-liberte-au-sommet-we-rock-sport-le-podcast-avec-victor-daviet\/"]}]},{"@type":"ImageObject","inLanguage":"es","@id":"https:\/\/werocksport.com\/la-liberte-au-sommet-we-rock-sport-le-podcast-avec-victor-daviet\/#primaryimage","url":"https:\/\/werocksport.com\/wp-content\/uploads\/2023\/01\/VictorDaviet\u00a9GermainFAVRE-FELIX_photo12.jpg","contentUrl":"https:\/\/werocksport.com\/wp-content\/uploads\/2023\/01\/VictorDaviet\u00a9GermainFAVRE-FELIX_photo12.jpg","width":1265,"height":665},{"@type":"BreadcrumbList","@id":"https:\/\/werocksport.com\/la-liberte-au-sommet-we-rock-sport-le-podcast-avec-victor-daviet\/#breadcrumb","itemListElement":[{"@type":"ListItem","position":1,"name":"Home","item":"https:\/\/werocksport.com\/"},{"@type":"ListItem","position":2,"name":"La libert\u00e9 au sommet : We Rock Sport le Podcast avec Victor Daviet"}]},{"@type":"WebSite","@id":"https:\/\/werocksport.com\/#website","url":"https:\/\/werocksport.com\/","name":"We Rock Sport","description":"\u00a1100% medios de comunicaci\u00f3n al aire libre!","publisher":{"@id":"https:\/\/werocksport.com\/#organization"},"potentialAction":[{"@type":"SearchAction","target":{"@type":"EntryPoint","urlTemplate":"https:\/\/werocksport.com\/?s={search_term_string}"},"query-input":{"@type":"PropertyValueSpecification","valueRequired":true,"valueName":"search_term_string"}}],"inLanguage":"es"},{"@type":"Organization","@id":"https:\/\/werocksport.com\/#organization","name":"We Rock Sport","url":"https:\/\/werocksport.com\/","logo":{"@type":"ImageObject","inLanguage":"es","@id":"https:\/\/werocksport.com\/#\/schema\/logo\/image\/","url":"https:\/\/werocksport.com\/wp-content\/uploads\/2020\/12\/WRS-logo.png","contentUrl":"https:\/\/werocksport.com\/wp-content\/uploads\/2020\/12\/WRS-logo.png","width":136,"height":60,"caption":"We Rock Sport"},"image":{"@id":"https:\/\/werocksport.com\/#\/schema\/logo\/image\/"}},{"@type":"Person","@id":"https:\/\/werocksport.com\/#\/schema\/person\/dd296d720f707d08adeaf8cb80afb9ec","name":"Emmanuel Morell","image":{"@type":"ImageObject","inLanguage":"es","@id":"https:\/\/secure.gravatar.com\/avatar\/de044757faaba64b0534f56a73332e8dea9b4e61cea3c751cba5b277b625215e?s=96&d=mm&r=g","url":"https:\/\/secure.gravatar.com\/avatar\/de044757faaba64b0534f56a73332e8dea9b4e61cea3c751cba5b277b625215e?s=96&d=mm&r=g","contentUrl":"https:\/\/secure.gravatar.com\/avatar\/de044757faaba64b0534f56a73332e8dea9b4e61cea3c751cba5b277b625215e?s=96&d=mm&r=g","caption":"Emmanuel Morell"}}]}},"jetpack_featured_media_url":"https:\/\/werocksport.com\/wp-content\/uploads\/2023\/01\/VictorDaviet\u00a9GermainFAVRE-FELIX_photo12.jpg","_links":{"self":[{"href":"https:\/\/werocksport.com\/es\/wp-json\/wp\/v2\/posts\/3226","targetHints":{"allow":["GET"]}}],"collection":[{"href":"https:\/\/werocksport.com\/es\/wp-json\/wp\/v2\/posts"}],"about":[{"href":"https:\/\/werocksport.com\/es\/wp-json\/wp\/v2\/types\/post"}],"author":[{"embeddable":true,"href":"https:\/\/werocksport.com\/es\/wp-json\/wp\/v2\/users\/12"}],"replies":[{"embeddable":true,"href":"https:\/\/werocksport.com\/es\/wp-json\/wp\/v2\/comments?post=3226"}],"version-history":[{"count":5,"href":"https:\/\/werocksport.com\/es\/wp-json\/wp\/v2\/posts\/3226\/revisions"}],"predecessor-version":[{"id":3391,"href":"https:\/\/werocksport.com\/es\/wp-json\/wp\/v2\/posts\/3226\/revisions\/3391"}],"wp:featuredmedia":[{"embeddable":true,"href":"https:\/\/werocksport.com\/es\/wp-json\/wp\/v2\/media\/3227"}],"wp:attachment":[{"href":"https:\/\/werocksport.com\/es\/wp-json\/wp\/v2\/media?parent=3226"}],"wp:term":[{"taxonomy":"category","embeddable":true,"href":"https:\/\/werocksport.com\/es\/wp-json\/wp\/v2\/categories?post=3226"},{"taxonomy":"post_tag","embeddable":true,"href":"https:\/\/werocksport.com\/es\/wp-json\/wp\/v2\/tags?post=3226"}],"curies":[{"name":"wp","href":"https:\/\/api.w.org\/{rel}","templated":true}]}}