{"id":2988,"date":"2022-12-03T18:00:00","date_gmt":"2022-12-03T17:00:00","guid":{"rendered":"https:\/\/werocksport.com\/?p=2988"},"modified":"2022-12-04T12:40:46","modified_gmt":"2022-12-04T11:40:46","slug":"entre-competitions-et-expedition-saison-2022-2023-chargee-pour-marion-haerty","status":"publish","type":"post","link":"https:\/\/werocksport.com\/es\/entre-competitions-et-expedition-saison-2022-2023-chargee-pour-marion-haerty\/","title":{"rendered":"Entre competiciones y expediciones, una temporada 2022\/2023 muy ocupada para Marion Haerty"},"content":{"rendered":"<p><strong>Ya sea en el Natural Selection Tour o en Nepal en una expedici\u00f3n con mujeres sherpas, Marion Haerty estar\u00e1 ocupada este invierno.<\/strong><\/p>\n\n\n\n<p>La dejamos al final de la temporada pasada en <a href=\"https:\/\/werocksport.com\/fr\/retour-sur-lhiver-nord-americain-de-marion-haerty\/\">un invierno muy norteamericano<\/a>En particular, su participaci\u00f3n en el Natural Selection Tour (en el que termin\u00f3 en segunda posici\u00f3n por detr\u00e1s de la estadounidense Elena Hight). Marion Haerty volver\u00e1 en 2023 a los spots de Canad\u00e1 y Estados Unidos. Espera a\u00f1adir su nombre a la lista de ganadores del joven evento, ella que hab\u00eda abandonado el Freeride World Tour despu\u00e9s de haberlo dominado escandalosamente entre 2017 y 2021, y hab\u00eda encontrado en el <a href=\"https:\/\/www.youtube.com\/watch?v=YGK-Ey0jff4\">Tour de la selecci\u00f3n natural<\/a> un nuevo objetivo profesional.<\/p>\n\n\n\n<figure class=\"wp-block-embed is-type-rich is-provider-instagram wp-block-embed-instagram\"><div class=\"wp-block-embed__wrapper\">\n<div class=\"sbi-embed-wrap\"><blockquote class=\"instagram-media sbi-embed\" data-instgrm-captioned data-instgrm-permalink=\"https:\/\/www.instagram.com\/reel\/ClMFRyjPbX6\/?utm_source=ig_embed&amp;utm_campaign=loading\" data-instgrm-version=\"14\" style=\" background:#FFF; border:0; border-radius:3px; box-shadow:0 0 1px 0 rgba(0,0,0,0.5),0 1px 10px 0 rgba(0,0,0,0.15); margin: 1px; max-width:658px; min-width:326px; padding:0; width:99.375%; width:-webkit-calc(100% - 2px); width:calc(100% - 2px);\"><div style=\"padding:16px;\"> <a href=\"https:\/\/www.instagram.com\/reel\/ClMFRyjPbX6\/?utm_source=ig_embed&amp;utm_campaign=loading\" style=\" background:#FFFFFF; line-height:0; padding:0 0; text-align:center; text-decoration:none; width:100%;\" target=\"_blank\"> <div style=\" display: flex; flex-direction: row; align-items: center;\"> <div style=\"background-color: #F4F4F4; border-radius: 50%; flex-grow: 0; height: 40px; margin-right: 14px; width: 40px;\"><\/div> <div style=\"display: flex; flex-direction: column; flex-grow: 1; justify-content: center;\"> <div style=\" background-color: #F4F4F4; border-radius: 4px; flex-grow: 0; height: 14px; margin-bottom: 6px; width: 100px;\"><\/div> <div style=\" background-color: #F4F4F4; border-radius: 4px; flex-grow: 0; height: 14px; width: 60px;\"><\/div><\/div><\/div><div style=\"padding: 19% 0;\"><\/div> <div style=\"display:block; height:50px; margin:0 auto 12px; width:50px;\"><svg width=\"50px\" height=\"50px\" viewbox=\"0 0 60 60\" version=\"1.1\" xmlns=\"https:\/\/www.w3.org\/2000\/svg\" xmlns:xlink=\"https:\/\/www.w3.org\/1999\/xlink\"><g stroke=\"none\" stroke-width=\"1\" fill=\"none\" fill-rule=\"evenodd\"><g transform=\"translate(-511.000000, -20.000000)\" fill=\"#000000\"><g><path d=\"M556.869,30.41 C554.814,30.41 553.148,32.076 553.148,34.131 C553.148,36.186 554.814,37.852 556.869,37.852 C558.924,37.852 560.59,36.186 560.59,34.131 C560.59,32.076 558.924,30.41 556.869,30.41 M541,60.657 C535.114,60.657 530.342,55.887 530.342,50 C530.342,44.114 535.114,39.342 541,39.342 C546.887,39.342 551.658,44.114 551.658,50 C551.658,55.887 546.887,60.657 541,60.657 M541,33.886 C532.1,33.886 524.886,41.1 524.886,50 C524.886,58.899 532.1,66.113 541,66.113 C549.9,66.113 557.115,58.899 557.115,50 C557.115,41.1 549.9,33.886 541,33.886 M565.378,62.101 C565.244,65.022 564.756,66.606 564.346,67.663 C563.803,69.06 563.154,70.057 562.106,71.106 C561.058,72.155 560.06,72.803 558.662,73.347 C557.607,73.757 556.021,74.244 553.102,74.378 C549.944,74.521 548.997,74.552 541,74.552 C533.003,74.552 532.056,74.521 528.898,74.378 C525.979,74.244 524.393,73.757 523.338,73.347 C521.94,72.803 520.942,72.155 519.894,71.106 C518.846,70.057 518.197,69.06 517.654,67.663 C517.244,66.606 516.755,65.022 516.623,62.101 C516.479,58.943 516.448,57.996 516.448,50 C516.448,42.003 516.479,41.056 516.623,37.899 C516.755,34.978 517.244,33.391 517.654,32.338 C518.197,30.938 518.846,29.942 519.894,28.894 C520.942,27.846 521.94,27.196 523.338,26.654 C524.393,26.244 525.979,25.756 528.898,25.623 C532.057,25.479 533.004,25.448 541,25.448 C548.997,25.448 549.943,25.479 553.102,25.623 C556.021,25.756 557.607,26.244 558.662,26.654 C560.06,27.196 561.058,27.846 562.106,28.894 C563.154,29.942 563.803,30.938 564.346,32.338 C564.756,33.391 565.244,34.978 565.378,37.899 C565.522,41.056 565.552,42.003 565.552,50 C565.552,57.996 565.522,58.943 565.378,62.101 M570.82,37.631 C570.674,34.438 570.167,32.258 569.425,30.349 C568.659,28.377 567.633,26.702 565.965,25.035 C564.297,23.368 562.623,22.342 560.652,21.575 C558.743,20.834 556.562,20.326 553.369,20.18 C550.169,20.033 549.148,20 541,20 C532.853,20 531.831,20.033 528.631,20.18 C525.438,20.326 523.257,20.834 521.349,21.575 C519.376,22.342 517.703,23.368 516.035,25.035 C514.368,26.702 513.342,28.377 512.574,30.349 C511.834,32.258 511.326,34.438 511.181,37.631 C511.035,40.831 511,41.851 511,50 C511,58.147 511.035,59.17 511.181,62.369 C511.326,65.562 511.834,67.743 512.574,69.651 C513.342,71.625 514.368,73.296 516.035,74.965 C517.703,76.634 519.376,77.658 521.349,78.425 C523.257,79.167 525.438,79.673 528.631,79.82 C531.831,79.965 532.853,80.001 541,80.001 C549.148,80.001 550.169,79.965 553.369,79.82 C556.562,79.673 558.743,79.167 560.652,78.425 C562.623,77.658 564.297,76.634 565.965,74.965 C567.633,73.296 568.659,71.625 569.425,69.651 C570.167,67.743 570.674,65.562 570.82,62.369 C570.966,59.17 571,58.147 571,50 C571,41.851 570.966,40.831 570.82,37.631\"><\/path><\/g><\/g><\/g><\/svg><\/div><div style=\"padding-top: 8px;\"> <div style=\" color:#3897f0; font-family:Arial,sans-serif; font-size:14px; font-style:normal; font-weight:550; line-height:18px;\">Ver esta publicaci\u00f3n en Instagram<\/div><\/div><div style=\"padding: 12.5% 0;\"><\/div> <div style=\"display: flex; flex-direction: row; margin-bottom: 14px; align-items: center;\"><div> <div style=\"background-color: #F4F4F4; border-radius: 50%; height: 12.5px; width: 12.5px; transform: translateX(0px) translateY(7px);\"><\/div> <div style=\"background-color: #F4F4F4; height: 12.5px; transform: rotate(-45deg) translateX(3px) translateY(1px); width: 12.5px; flex-grow: 0; margin-right: 14px; margin-left: 2px;\"><\/div> <div style=\"background-color: #F4F4F4; border-radius: 50%; height: 12.5px; width: 12.5px; transform: translateX(9px) translateY(-18px);\"><\/div><\/div><div style=\"margin-left: 8px;\"> <div style=\" background-color: #F4F4F4; border-radius: 50%; flex-grow: 0; height: 20px; width: 20px;\"><\/div> <div style=\" width: 0; height: 0; border-top: 2px solid transparent; border-left: 6px solid #f4f4f4; border-bottom: 2px solid transparent; transform: translateX(16px) translateY(-4px) rotate(30deg)\"><\/div><\/div><div style=\"margin-left: auto;\"> <div style=\" width: 0px; border-top: 8px solid #F4F4F4; border-right: 8px solid transparent; transform: translateY(16px);\"><\/div> <div style=\" background-color: #F4F4F4; flex-grow: 0; height: 12px; width: 16px; transform: translateY(-4px);\"><\/div> <div style=\" width: 0; height: 0; border-top: 8px solid #F4F4F4; border-left: 8px solid transparent; transform: translateY(-4px) translateX(8px);\"><\/div><\/div><\/div> <div style=\"display: flex; flex-direction: column; flex-grow: 1; justify-content: center; margin-bottom: 24px;\"> <div style=\" background-color: #F4F4F4; border-radius: 4px; flex-grow: 0; height: 14px; margin-bottom: 6px; width: 224px;\"><\/div> <div style=\" background-color: #F4F4F4; border-radius: 4px; flex-grow: 0; height: 14px; width: 144px;\"><\/div><\/div><\/a><p style=\" color:#c9c8cd; font-family:Arial,sans-serif; font-size:14px; line-height:17px; margin-bottom:0; margin-top:8px; overflow:hidden; padding:8px 0 7px; text-align:center; text-overflow:ellipsis; white-space:nowrap;\"><a href=\"https:\/\/www.instagram.com\/reel\/ClMFRyjPbX6\/?utm_source=ig_embed&amp;utm_campaign=loading\" style=\" color:#c9c8cd; font-family:Arial,sans-serif; font-size:14px; font-style:normal; font-weight:normal; line-height:17px; text-decoration:none;\" target=\"_blank\">Una publicaci\u00f3n compartida por M\u039bRION H\u00c6RTY \ud83c\uddeb\ud83c\uddf7 (@marion_haerty)<\/a><\/p><\/div><\/blockquote><script async src=\"\/\/platform.instagram.com\/en_US\/embeds.js\"><\/script><\/div>\n<\/div><\/figure>\n\n\n\n<p>Esta temporada, el oriundo de Grenoble, que ahora vive en Chamonix, intentar\u00e1 ganar este evento, creado por la leyenda estadounidense del snowboard Travis Rice. 24 de los mejores snowboarders del mundo competir\u00e1n en el evento. 16 hombres y 8 mujeres participar\u00e1n en esta tercera edici\u00f3n del Natural Selection Tour, y los organizadores han ideado varias novedades, entre ellas la adici\u00f3n de una primera etapa: los \"duelos\" (repartidos entre enero y febrero). Y la guinda del pastel es que el duelo de la francesa podr\u00eda tener lugar en casa... Adem\u00e1s del Natural Selection Tour, la francesa tambi\u00e9n deber\u00eda participar en el Verbier Xtreme si los organizadores le conceden una wildcard como en 2022.<\/p>\n\n\n\n<figure class=\"wp-block-image size-large\"><img loading=\"lazy\" decoding=\"async\" width=\"1024\" height=\"536\" src=\"https:\/\/werocksport.com\/wp-content\/uploads\/2022\/11\/jdrthgdrth-1024x536.png\" alt=\"\" class=\"wp-image-2990\" srcset=\"https:\/\/werocksport.com\/wp-content\/uploads\/2022\/11\/jdrthgdrth-1024x536.png 1024w, https:\/\/werocksport.com\/wp-content\/uploads\/2022\/11\/jdrthgdrth-300x157.png 300w, https:\/\/werocksport.com\/wp-content\/uploads\/2022\/11\/jdrthgdrth-768x402.png 768w, https:\/\/werocksport.com\/wp-content\/uploads\/2022\/11\/jdrthgdrth-18x9.png 18w, https:\/\/werocksport.com\/wp-content\/uploads\/2022\/11\/jdrthgdrth-450x235.png 450w, https:\/\/werocksport.com\/wp-content\/uploads\/2022\/11\/jdrthgdrth-780x408.png 780w\" sizes=\"auto, (max-width: 1024px) 100vw, 1024px\" \/><\/figure>\n\n\n\n<p>Fuera de concurso, la snowboarder francesa presentar\u00e1 su nueva pel\u00edcula \"DIDI\" (\"hermana mayor\" en nepal\u00ed) el 8 de marzo, D\u00eda de la Mujer. La pel\u00edcula es un homenaje a todas las mujeres \"didi\" que, con sus actividades de alpinismo, est\u00e1n allanando el camino para la emancipaci\u00f3n de una nueva generaci\u00f3n de mujeres nepalesas. En la expedici\u00f3n de este oto\u00f1o, Marion se propuso conocer a las singulares sherpas Dawa Yangzum Sherpa, Purba Xaam Gi Sherpa y Fura Deki Sherpa, as\u00ed como a Mingma Doma y Maya Raide, gu\u00edas femeninas de monta\u00f1a y trekking. Mujeres orgullosas, fuertes e independientes. Mujeres que han tenido el valor de desafiar las tradiciones culturales establecidas por un patriarcado omnipresente para seguir sus sue\u00f1os. Aunque Marion sab\u00eda que al emprender esta expedici\u00f3n realizar\u00eda su primer ascenso a m\u00e1s de 6000 m de altitud y seguir\u00eda los pasos de la alpinista Micheline Rambaud, 63 a\u00f1os despu\u00e9s de su expedici\u00f3n, no ten\u00eda ni idea de que se convertir\u00eda en la primera mujer snowboarder en descender el Lobuche.<\/p>\n\n\n\n<figure class=\"wp-block-image size-full\"><img loading=\"lazy\" decoding=\"async\" width=\"860\" height=\"573\" src=\"https:\/\/werocksport.com\/wp-content\/uploads\/2022\/11\/unnamed.jpg\" alt=\"\" class=\"wp-image-2989\" srcset=\"https:\/\/werocksport.com\/wp-content\/uploads\/2022\/11\/unnamed.jpg 860w, https:\/\/werocksport.com\/wp-content\/uploads\/2022\/11\/unnamed-300x200.jpg 300w, https:\/\/werocksport.com\/wp-content\/uploads\/2022\/11\/unnamed-768x512.jpg 768w, https:\/\/werocksport.com\/wp-content\/uploads\/2022\/11\/unnamed-18x12.jpg 18w, https:\/\/werocksport.com\/wp-content\/uploads\/2022\/11\/unnamed-450x300.jpg 450w, https:\/\/werocksport.com\/wp-content\/uploads\/2022\/11\/unnamed-780x520.jpg 780w\" sizes=\"auto, (max-width: 860px) 100vw, 860px\" \/><\/figure>\n\n\n\n<p>\"Si alguien me hubiera dicho cuando era m\u00e1s joven que me convertir\u00eda en el primer snowboarder del mundo en subir el Lobuche, no le habr\u00eda cre\u00eddo\", explica el cuatro veces campe\u00f3n del mundo de freeride. \"Nunca olvidar\u00e9 aquel momento en que, frente al Everest, en absoluto silencio, me abroch\u00e9 las fijaciones de la tabla de snowboard y trac\u00e9 la l\u00ednea m\u00e1s hermosa. Fue un momento m\u00e1gico, eterno. Este viaje a Nepal es el m\u00e1s hermoso de mi vida. Desde la organizaci\u00f3n log\u00edstica previa, pasando por los incre\u00edbles momentos compartidos con estas mujeres inspiradoras, hasta este estreno mundial totalmente in\u00e9dito en el Lobuche... Ha sido fabuloso. M\u00e1s all\u00e1 de la aventura en s\u00ed, me conmovi\u00f3 ver lo lejos que ha llegado nuestra industria en cuanto a los presupuestos asignados a las mujeres corredoras. Esto no habr\u00eda sido posible hace 10 a\u00f1os. Es importante destacarlo.<\/p>\n\n\n\n<figure class=\"wp-block-image size-large\"><img loading=\"lazy\" decoding=\"async\" width=\"1024\" height=\"534\" src=\"https:\/\/werocksport.com\/wp-content\/uploads\/2022\/11\/jsrgsergerg-1024x534.png\" alt=\"\" class=\"wp-image-2991\" srcset=\"https:\/\/werocksport.com\/wp-content\/uploads\/2022\/11\/jsrgsergerg-1024x534.png 1024w, https:\/\/werocksport.com\/wp-content\/uploads\/2022\/11\/jsrgsergerg-300x156.png 300w, https:\/\/werocksport.com\/wp-content\/uploads\/2022\/11\/jsrgsergerg-768x400.png 768w, https:\/\/werocksport.com\/wp-content\/uploads\/2022\/11\/jsrgsergerg-18x9.png 18w, https:\/\/werocksport.com\/wp-content\/uploads\/2022\/11\/jsrgsergerg-450x235.png 450w, https:\/\/werocksport.com\/wp-content\/uploads\/2022\/11\/jsrgsergerg-780x407.png 780w, https:\/\/werocksport.com\/wp-content\/uploads\/2022\/11\/jsrgsergerg.png 1057w\" sizes=\"auto, (max-width: 1024px) 100vw, 1024px\" \/><\/figure>\n\n\n\n<p>Otra producci\u00f3n en la que particip\u00f3 la snowboarder fue la pel\u00edcula \"LINE &amp; AIR\" de la wingsuiter G\u00e9raldine Fasnacht, que puedes ver \u00edntegra a continuaci\u00f3n.  La temporada pasada, la snowboarder suiza invit\u00f3 a Marion Haerty y a la ex esquiadora ol\u00edmpica Christina Lusti a seguirla en su aventura en el coraz\u00f3n de los Alpes. Fue una oportunidad para mostrarles un enfoque diferente de la monta\u00f1a, iniciarlas en el pilotaje y seguir los pasos de Hermann Geiger, el legendario \"piloto de glaciar\". El piloto suizo fue el pionero del rescate en monta\u00f1a, y 70 a\u00f1os despu\u00e9s de su primer aterrizaje en Kanderfirn, para G\u00e9raldine era importante rendirle homenaje.<\/p>\n\n\n\n<figure class=\"wp-block-embed is-type-video is-provider-youtube wp-block-embed-youtube wp-embed-aspect-16-9 wp-has-aspect-ratio\"><div class=\"wp-block-embed__wrapper\">\n<iframe loading=\"lazy\" title=\"The North Face | L\u00cdNEA Y AIRE\" width=\"1170\" height=\"658\" src=\"https:\/\/www.youtube.com\/embed\/THeoxGXfaUU?feature=oembed\" frameborder=\"0\" allow=\"accelerometer; autoplay; clipboard-write; encrypted-media; gyroscope; picture-in-picture\" allowfullscreen><\/iframe>\n<\/div><\/figure>","protected":false},"excerpt":{"rendered":"<p>Que ce soit sur le Natural Selection Tour ou au N\u00e9pal pour une exp\u00e9dition avec des femmes sherpas, Marion Haerty sera bien occup\u00e9e cet hiver. On l\u2019avait quitt\u00e9e \u00e0 la fin de la saison derni\u00e8re sur un hiver tr\u00e8s nord-am\u00e9ricain, marqu\u00e9 notamment par sa participation au Natural Selection Tour (termin\u00e9 \u00e0 une belle deuxi\u00e8me place [&hellip;]<\/p>\n","protected":false},"author":12,"featured_media":2992,"comment_status":"closed","ping_status":"closed","sticky":false,"template":"","format":"standard","meta":{"footnotes":""},"categories":[48],"tags":[],"class_list":{"0":"post-2988","1":"post","2":"type-post","3":"status-publish","4":"format-standard","5":"has-post-thumbnail","7":"category-inspiration"},"yoast_head":"<!-- This site is optimized with the Yoast SEO plugin v27.2 - https:\/\/yoast.com\/product\/yoast-seo-wordpress\/ -->\n<title>Entre comp\u00e9titions et exp\u00e9dition, saison 2022\/2023 charg\u00e9e pour Marion Haerty - We Rock Sport<\/title>\n<meta name=\"robots\" content=\"index, follow, max-snippet:-1, max-image-preview:large, max-video-preview:-1\" \/>\n<link rel=\"canonical\" href=\"https:\/\/werocksport.com\/es\/entre-competitions-et-expedition-saison-2022-2023-chargee-pour-marion-haerty\/\" \/>\n<meta property=\"og:locale\" content=\"es_ES\" \/>\n<meta property=\"og:type\" content=\"article\" \/>\n<meta property=\"og:title\" content=\"Entre comp\u00e9titions et exp\u00e9dition, saison 2022\/2023 charg\u00e9e pour Marion Haerty - We Rock Sport\" \/>\n<meta property=\"og:description\" content=\"Que ce soit sur le Natural Selection Tour ou au N\u00e9pal pour une exp\u00e9dition avec des femmes sherpas, Marion Haerty sera bien occup\u00e9e cet hiver. On l\u2019avait quitt\u00e9e \u00e0 la fin de la saison derni\u00e8re sur un hiver tr\u00e8s nord-am\u00e9ricain, marqu\u00e9 notamment par sa participation au Natural Selection Tour (termin\u00e9 \u00e0 une belle deuxi\u00e8me place [&hellip;]\" \/>\n<meta property=\"og:url\" content=\"https:\/\/werocksport.com\/es\/entre-competitions-et-expedition-saison-2022-2023-chargee-pour-marion-haerty\/\" \/>\n<meta property=\"og:site_name\" content=\"We Rock Sport\" \/>\n<meta property=\"article:published_time\" content=\"2022-12-03T17:00:00+00:00\" \/>\n<meta property=\"article:modified_time\" content=\"2022-12-04T11:40:46+00:00\" \/>\n<meta property=\"og:image\" content=\"https:\/\/werocksport.com\/wp-content\/uploads\/2022\/11\/Image-de-une.png\" \/>\n\t<meta property=\"og:image:width\" content=\"900\" \/>\n\t<meta property=\"og:image:height\" content=\"636\" \/>\n\t<meta property=\"og:image:type\" content=\"image\/png\" \/>\n<meta name=\"author\" content=\"Emmanuel Morell\" \/>\n<meta name=\"twitter:card\" content=\"summary_large_image\" \/>\n<meta name=\"twitter:label1\" content=\"Escrito por\" \/>\n\t<meta name=\"twitter:data1\" content=\"Emmanuel Morell\" \/>\n\t<meta name=\"twitter:label2\" content=\"Tiempo de lectura\" \/>\n\t<meta name=\"twitter:data2\" content=\"4 minutos\" \/>\n<script type=\"application\/ld+json\" class=\"yoast-schema-graph\">{\"@context\":\"https:\/\/schema.org\",\"@graph\":[{\"@type\":\"Article\",\"@id\":\"https:\/\/werocksport.com\/entre-competitions-et-expedition-saison-2022-2023-chargee-pour-marion-haerty\/#article\",\"isPartOf\":{\"@id\":\"https:\/\/werocksport.com\/entre-competitions-et-expedition-saison-2022-2023-chargee-pour-marion-haerty\/\"},\"author\":{\"name\":\"Emmanuel Morell\",\"@id\":\"https:\/\/werocksport.com\/#\/schema\/person\/dd296d720f707d08adeaf8cb80afb9ec\"},\"headline\":\"Entre comp\u00e9titions et exp\u00e9dition, saison 2022\/2023 charg\u00e9e pour Marion Haerty\",\"datePublished\":\"2022-12-03T17:00:00+00:00\",\"dateModified\":\"2022-12-04T11:40:46+00:00\",\"mainEntityOfPage\":{\"@id\":\"https:\/\/werocksport.com\/entre-competitions-et-expedition-saison-2022-2023-chargee-pour-marion-haerty\/\"},\"wordCount\":775,\"publisher\":{\"@id\":\"https:\/\/werocksport.com\/#organization\"},\"image\":{\"@id\":\"https:\/\/werocksport.com\/entre-competitions-et-expedition-saison-2022-2023-chargee-pour-marion-haerty\/#primaryimage\"},\"thumbnailUrl\":\"https:\/\/werocksport.com\/wp-content\/uploads\/2022\/11\/Image-de-une.png\",\"articleSection\":[\"Inspiration\"],\"inLanguage\":\"es\"},{\"@type\":\"WebPage\",\"@id\":\"https:\/\/werocksport.com\/entre-competitions-et-expedition-saison-2022-2023-chargee-pour-marion-haerty\/\",\"url\":\"https:\/\/werocksport.com\/entre-competitions-et-expedition-saison-2022-2023-chargee-pour-marion-haerty\/\",\"name\":\"Entre comp\u00e9titions et exp\u00e9dition, saison 2022\/2023 charg\u00e9e pour Marion Haerty - We Rock Sport\",\"isPartOf\":{\"@id\":\"https:\/\/werocksport.com\/#website\"},\"primaryImageOfPage\":{\"@id\":\"https:\/\/werocksport.com\/entre-competitions-et-expedition-saison-2022-2023-chargee-pour-marion-haerty\/#primaryimage\"},\"image\":{\"@id\":\"https:\/\/werocksport.com\/entre-competitions-et-expedition-saison-2022-2023-chargee-pour-marion-haerty\/#primaryimage\"},\"thumbnailUrl\":\"https:\/\/werocksport.com\/wp-content\/uploads\/2022\/11\/Image-de-une.png\",\"datePublished\":\"2022-12-03T17:00:00+00:00\",\"dateModified\":\"2022-12-04T11:40:46+00:00\",\"breadcrumb\":{\"@id\":\"https:\/\/werocksport.com\/entre-competitions-et-expedition-saison-2022-2023-chargee-pour-marion-haerty\/#breadcrumb\"},\"inLanguage\":\"es\",\"potentialAction\":[{\"@type\":\"ReadAction\",\"target\":[\"https:\/\/werocksport.com\/entre-competitions-et-expedition-saison-2022-2023-chargee-pour-marion-haerty\/\"]}]},{\"@type\":\"ImageObject\",\"inLanguage\":\"es\",\"@id\":\"https:\/\/werocksport.com\/entre-competitions-et-expedition-saison-2022-2023-chargee-pour-marion-haerty\/#primaryimage\",\"url\":\"https:\/\/werocksport.com\/wp-content\/uploads\/2022\/11\/Image-de-une.png\",\"contentUrl\":\"https:\/\/werocksport.com\/wp-content\/uploads\/2022\/11\/Image-de-une.png\",\"width\":900,\"height\":636},{\"@type\":\"BreadcrumbList\",\"@id\":\"https:\/\/werocksport.com\/entre-competitions-et-expedition-saison-2022-2023-chargee-pour-marion-haerty\/#breadcrumb\",\"itemListElement\":[{\"@type\":\"ListItem\",\"position\":1,\"name\":\"Home\",\"item\":\"https:\/\/werocksport.com\/\"},{\"@type\":\"ListItem\",\"position\":2,\"name\":\"Entre comp\u00e9titions et exp\u00e9dition, saison 2022\/2023 charg\u00e9e pour Marion Haerty\"}]},{\"@type\":\"WebSite\",\"@id\":\"https:\/\/werocksport.com\/#website\",\"url\":\"https:\/\/werocksport.com\/\",\"name\":\"We Rock Sport\",\"description\":\"le m\u00e9dia 100% outdoor !\",\"publisher\":{\"@id\":\"https:\/\/werocksport.com\/#organization\"},\"potentialAction\":[{\"@type\":\"SearchAction\",\"target\":{\"@type\":\"EntryPoint\",\"urlTemplate\":\"https:\/\/werocksport.com\/?s={search_term_string}\"},\"query-input\":{\"@type\":\"PropertyValueSpecification\",\"valueRequired\":true,\"valueName\":\"search_term_string\"}}],\"inLanguage\":\"es\"},{\"@type\":\"Organization\",\"@id\":\"https:\/\/werocksport.com\/#organization\",\"name\":\"We Rock Sport\",\"url\":\"https:\/\/werocksport.com\/\",\"logo\":{\"@type\":\"ImageObject\",\"inLanguage\":\"es\",\"@id\":\"https:\/\/werocksport.com\/#\/schema\/logo\/image\/\",\"url\":\"https:\/\/werocksport.com\/wp-content\/uploads\/2020\/12\/WRS-logo.png\",\"contentUrl\":\"https:\/\/werocksport.com\/wp-content\/uploads\/2020\/12\/WRS-logo.png\",\"width\":136,\"height\":60,\"caption\":\"We Rock Sport\"},\"image\":{\"@id\":\"https:\/\/werocksport.com\/#\/schema\/logo\/image\/\"}},{\"@type\":\"Person\",\"@id\":\"https:\/\/werocksport.com\/#\/schema\/person\/dd296d720f707d08adeaf8cb80afb9ec\",\"name\":\"Emmanuel Morell\",\"image\":{\"@type\":\"ImageObject\",\"inLanguage\":\"es\",\"@id\":\"https:\/\/secure.gravatar.com\/avatar\/de044757faaba64b0534f56a73332e8dea9b4e61cea3c751cba5b277b625215e?s=96&d=mm&r=g\",\"url\":\"https:\/\/secure.gravatar.com\/avatar\/de044757faaba64b0534f56a73332e8dea9b4e61cea3c751cba5b277b625215e?s=96&d=mm&r=g\",\"contentUrl\":\"https:\/\/secure.gravatar.com\/avatar\/de044757faaba64b0534f56a73332e8dea9b4e61cea3c751cba5b277b625215e?s=96&d=mm&r=g\",\"caption\":\"Emmanuel Morell\"}}]}<\/script>\n<!-- \/ Yoast SEO plugin. -->","yoast_head_json":{"title":"Entre competiciones y expediciones, una ajetreada temporada 2022\/2023 para Marion Haerty - We Rock Sport","robots":{"index":"index","follow":"follow","max-snippet":"max-snippet:-1","max-image-preview":"max-image-preview:large","max-video-preview":"max-video-preview:-1"},"canonical":"https:\/\/werocksport.com\/es\/entre-competitions-et-expedition-saison-2022-2023-chargee-pour-marion-haerty\/","og_locale":"es_ES","og_type":"article","og_title":"Entre comp\u00e9titions et exp\u00e9dition, saison 2022\/2023 charg\u00e9e pour Marion Haerty - We Rock Sport","og_description":"Que ce soit sur le Natural Selection Tour ou au N\u00e9pal pour une exp\u00e9dition avec des femmes sherpas, Marion Haerty sera bien occup\u00e9e cet hiver. On l\u2019avait quitt\u00e9e \u00e0 la fin de la saison derni\u00e8re sur un hiver tr\u00e8s nord-am\u00e9ricain, marqu\u00e9 notamment par sa participation au Natural Selection Tour (termin\u00e9 \u00e0 une belle deuxi\u00e8me place [&hellip;]","og_url":"https:\/\/werocksport.com\/es\/entre-competitions-et-expedition-saison-2022-2023-chargee-pour-marion-haerty\/","og_site_name":"We Rock Sport","article_published_time":"2022-12-03T17:00:00+00:00","article_modified_time":"2022-12-04T11:40:46+00:00","og_image":[{"width":900,"height":636,"url":"https:\/\/werocksport.com\/wp-content\/uploads\/2022\/11\/Image-de-une.png","type":"image\/png"}],"author":"Emmanuel Morell","twitter_card":"summary_large_image","twitter_misc":{"Escrito por":"Emmanuel Morell","Tiempo de lectura":"4 minutos"},"schema":{"@context":"https:\/\/schema.org","@graph":[{"@type":"Article","@id":"https:\/\/werocksport.com\/entre-competitions-et-expedition-saison-2022-2023-chargee-pour-marion-haerty\/#article","isPartOf":{"@id":"https:\/\/werocksport.com\/entre-competitions-et-expedition-saison-2022-2023-chargee-pour-marion-haerty\/"},"author":{"name":"Emmanuel Morell","@id":"https:\/\/werocksport.com\/#\/schema\/person\/dd296d720f707d08adeaf8cb80afb9ec"},"headline":"Entre comp\u00e9titions et exp\u00e9dition, saison 2022\/2023 charg\u00e9e pour Marion Haerty","datePublished":"2022-12-03T17:00:00+00:00","dateModified":"2022-12-04T11:40:46+00:00","mainEntityOfPage":{"@id":"https:\/\/werocksport.com\/entre-competitions-et-expedition-saison-2022-2023-chargee-pour-marion-haerty\/"},"wordCount":775,"publisher":{"@id":"https:\/\/werocksport.com\/#organization"},"image":{"@id":"https:\/\/werocksport.com\/entre-competitions-et-expedition-saison-2022-2023-chargee-pour-marion-haerty\/#primaryimage"},"thumbnailUrl":"https:\/\/werocksport.com\/wp-content\/uploads\/2022\/11\/Image-de-une.png","articleSection":["Inspiration"],"inLanguage":"es"},{"@type":"WebPage","@id":"https:\/\/werocksport.com\/entre-competitions-et-expedition-saison-2022-2023-chargee-pour-marion-haerty\/","url":"https:\/\/werocksport.com\/entre-competitions-et-expedition-saison-2022-2023-chargee-pour-marion-haerty\/","name":"Entre competiciones y expediciones, una ajetreada temporada 2022\/2023 para Marion Haerty - We Rock Sport","isPartOf":{"@id":"https:\/\/werocksport.com\/#website"},"primaryImageOfPage":{"@id":"https:\/\/werocksport.com\/entre-competitions-et-expedition-saison-2022-2023-chargee-pour-marion-haerty\/#primaryimage"},"image":{"@id":"https:\/\/werocksport.com\/entre-competitions-et-expedition-saison-2022-2023-chargee-pour-marion-haerty\/#primaryimage"},"thumbnailUrl":"https:\/\/werocksport.com\/wp-content\/uploads\/2022\/11\/Image-de-une.png","datePublished":"2022-12-03T17:00:00+00:00","dateModified":"2022-12-04T11:40:46+00:00","breadcrumb":{"@id":"https:\/\/werocksport.com\/entre-competitions-et-expedition-saison-2022-2023-chargee-pour-marion-haerty\/#breadcrumb"},"inLanguage":"es","potentialAction":[{"@type":"ReadAction","target":["https:\/\/werocksport.com\/entre-competitions-et-expedition-saison-2022-2023-chargee-pour-marion-haerty\/"]}]},{"@type":"ImageObject","inLanguage":"es","@id":"https:\/\/werocksport.com\/entre-competitions-et-expedition-saison-2022-2023-chargee-pour-marion-haerty\/#primaryimage","url":"https:\/\/werocksport.com\/wp-content\/uploads\/2022\/11\/Image-de-une.png","contentUrl":"https:\/\/werocksport.com\/wp-content\/uploads\/2022\/11\/Image-de-une.png","width":900,"height":636},{"@type":"BreadcrumbList","@id":"https:\/\/werocksport.com\/entre-competitions-et-expedition-saison-2022-2023-chargee-pour-marion-haerty\/#breadcrumb","itemListElement":[{"@type":"ListItem","position":1,"name":"Home","item":"https:\/\/werocksport.com\/"},{"@type":"ListItem","position":2,"name":"Entre comp\u00e9titions et exp\u00e9dition, saison 2022\/2023 charg\u00e9e pour Marion Haerty"}]},{"@type":"WebSite","@id":"https:\/\/werocksport.com\/#website","url":"https:\/\/werocksport.com\/","name":"We Rock Sport","description":"\u00a1100% medios de comunicaci\u00f3n al aire libre!","publisher":{"@id":"https:\/\/werocksport.com\/#organization"},"potentialAction":[{"@type":"SearchAction","target":{"@type":"EntryPoint","urlTemplate":"https:\/\/werocksport.com\/?s={search_term_string}"},"query-input":{"@type":"PropertyValueSpecification","valueRequired":true,"valueName":"search_term_string"}}],"inLanguage":"es"},{"@type":"Organization","@id":"https:\/\/werocksport.com\/#organization","name":"We Rock Sport","url":"https:\/\/werocksport.com\/","logo":{"@type":"ImageObject","inLanguage":"es","@id":"https:\/\/werocksport.com\/#\/schema\/logo\/image\/","url":"https:\/\/werocksport.com\/wp-content\/uploads\/2020\/12\/WRS-logo.png","contentUrl":"https:\/\/werocksport.com\/wp-content\/uploads\/2020\/12\/WRS-logo.png","width":136,"height":60,"caption":"We Rock Sport"},"image":{"@id":"https:\/\/werocksport.com\/#\/schema\/logo\/image\/"}},{"@type":"Person","@id":"https:\/\/werocksport.com\/#\/schema\/person\/dd296d720f707d08adeaf8cb80afb9ec","name":"Emmanuel Morell","image":{"@type":"ImageObject","inLanguage":"es","@id":"https:\/\/secure.gravatar.com\/avatar\/de044757faaba64b0534f56a73332e8dea9b4e61cea3c751cba5b277b625215e?s=96&d=mm&r=g","url":"https:\/\/secure.gravatar.com\/avatar\/de044757faaba64b0534f56a73332e8dea9b4e61cea3c751cba5b277b625215e?s=96&d=mm&r=g","contentUrl":"https:\/\/secure.gravatar.com\/avatar\/de044757faaba64b0534f56a73332e8dea9b4e61cea3c751cba5b277b625215e?s=96&d=mm&r=g","caption":"Emmanuel Morell"}}]}},"jetpack_featured_media_url":"https:\/\/werocksport.com\/wp-content\/uploads\/2022\/11\/Image-de-une.png","_links":{"self":[{"href":"https:\/\/werocksport.com\/es\/wp-json\/wp\/v2\/posts\/2988","targetHints":{"allow":["GET"]}}],"collection":[{"href":"https:\/\/werocksport.com\/es\/wp-json\/wp\/v2\/posts"}],"about":[{"href":"https:\/\/werocksport.com\/es\/wp-json\/wp\/v2\/types\/post"}],"author":[{"embeddable":true,"href":"https:\/\/werocksport.com\/es\/wp-json\/wp\/v2\/users\/12"}],"replies":[{"embeddable":true,"href":"https:\/\/werocksport.com\/es\/wp-json\/wp\/v2\/comments?post=2988"}],"version-history":[{"count":5,"href":"https:\/\/werocksport.com\/es\/wp-json\/wp\/v2\/posts\/2988\/revisions"}],"predecessor-version":[{"id":3037,"href":"https:\/\/werocksport.com\/es\/wp-json\/wp\/v2\/posts\/2988\/revisions\/3037"}],"wp:featuredmedia":[{"embeddable":true,"href":"https:\/\/werocksport.com\/es\/wp-json\/wp\/v2\/media\/2992"}],"wp:attachment":[{"href":"https:\/\/werocksport.com\/es\/wp-json\/wp\/v2\/media?parent=2988"}],"wp:term":[{"taxonomy":"category","embeddable":true,"href":"https:\/\/werocksport.com\/es\/wp-json\/wp\/v2\/categories?post=2988"},{"taxonomy":"post_tag","embeddable":true,"href":"https:\/\/werocksport.com\/es\/wp-json\/wp\/v2\/tags?post=2988"}],"curies":[{"name":"wp","href":"https:\/\/api.w.org\/{rel}","templated":true}]}}