{"id":1722,"date":"2022-04-19T05:00:00","date_gmt":"2022-04-19T03:00:00","guid":{"rendered":"https:\/\/werocksport.com\/?p=1722"},"modified":"2022-04-19T07:01:41","modified_gmt":"2022-04-19T05:01:41","slug":"steven-le-hyaric-18-jours-et-4-200-km-pour-traverser-la-namibie","status":"publish","type":"post","link":"https:\/\/werocksport.com\/es\/steven-le-hyaric-18-jours-et-4-200-km-pour-traverser-la-namibie\/","title":{"rendered":"Steven Le Hyaric: 18 d\u00edas y 4.200 km para cruzar Namibia"},"content":{"rendered":"<p><strong>El franc\u00e9s Steven Le Hyaric tard\u00f3 s\u00f3lo 18 d\u00edas en atravesar el desierto de Namibia en bicicleta. Una mirada a esta aventura extrema del ultraciclista.<\/strong><\/p>\n\n\n\n<figure class=\"wp-block-image size-large\"><img loading=\"lazy\" decoding=\"async\" width=\"1024\" height=\"578\" src=\"https:\/\/werocksport.com\/wp-content\/uploads\/2022\/01\/capture-decran-1024x578.png\" alt=\"\" class=\"wp-image-1733\" srcset=\"https:\/\/werocksport.com\/wp-content\/uploads\/2022\/01\/capture-decran-1024x578.png 1024w, https:\/\/werocksport.com\/wp-content\/uploads\/2022\/01\/capture-decran-300x169.png 300w, https:\/\/werocksport.com\/wp-content\/uploads\/2022\/01\/capture-decran-768x434.png 768w, https:\/\/werocksport.com\/wp-content\/uploads\/2022\/01\/capture-decran-18x10.png 18w, https:\/\/werocksport.com\/wp-content\/uploads\/2022\/01\/capture-decran-450x254.png 450w, https:\/\/werocksport.com\/wp-content\/uploads\/2022\/01\/capture-decran-780x441.png 780w, https:\/\/werocksport.com\/wp-content\/uploads\/2022\/01\/capture-decran.png 1142w\" sizes=\"auto, (max-width: 1024px) 100vw, 1024px\" \/><\/figure>\n\n\n\n<p>En junio de 2022, Steven Le Hyaric parti\u00f3 en su bicicleta hacia Namibia y estaba a punto de embarcarse en la primera aventura de su proyecto 666. El proyecto le llevar\u00e1 a atravesar seis de los desiertos m\u00e1s duros del mundo, en seis continentes. El objetivo de esta primera etapa es recorrer 4.200 km en Namibia. El cicloaventurero (que el pasado mes de enero public\u00f3 su primer libro, \"En Namibie\", editado por Editions de la Ph\u00e9nicie) puede echar la vista atr\u00e1s a una carrera rica en haza\u00f1as, procedente como procede del ciclismo profesional.&nbsp;<\/p>\n\n\n\n<figure class=\"wp-block-image size-large\"><img loading=\"lazy\" decoding=\"async\" width=\"1024\" height=\"576\" src=\"https:\/\/werocksport.com\/wp-content\/uploads\/2022\/01\/11-\u00a9Florent-Schneider-min-min-1024x576.jpg\" alt=\"\" class=\"wp-image-1730\" srcset=\"https:\/\/werocksport.com\/wp-content\/uploads\/2022\/01\/11-\u00a9Florent-Schneider-min-min-1024x576.jpg 1024w, https:\/\/werocksport.com\/wp-content\/uploads\/2022\/01\/11-\u00a9Florent-Schneider-min-min-300x169.jpg 300w, https:\/\/werocksport.com\/wp-content\/uploads\/2022\/01\/11-\u00a9Florent-Schneider-min-min-768x432.jpg 768w, https:\/\/werocksport.com\/wp-content\/uploads\/2022\/01\/11-\u00a9Florent-Schneider-min-min-18x10.jpg 18w, https:\/\/werocksport.com\/wp-content\/uploads\/2022\/01\/11-\u00a9Florent-Schneider-min-min-450x253.jpg 450w, https:\/\/werocksport.com\/wp-content\/uploads\/2022\/01\/11-\u00a9Florent-Schneider-min-min-780x439.jpg 780w\" sizes=\"auto, (max-width: 1024px) 100vw, 1024px\" \/><\/figure>\n\n\n\n<p>Tras su carrera profesional, se convirti\u00f3 en consultor de marcas deportivas y luego en responsable de comunicaci\u00f3n de la Federaci\u00f3n Francesa de Triatl\u00f3n. En 2016, decidi\u00f3 dejarlo todo y pasar 120 d\u00edas en Nepal para seguir sus sue\u00f1os. Seguir\u00e1n otras aventuras de este tipo: Cruce del Himalaya en bicicleta de monta\u00f1a, Par\u00eds-Dakar en 20 d\u00edas en bicicleta, cruce del lago Baikal en bicicleta, r\u00e9cord de Lhasa-Katmand\u00fa, r\u00e9cord del Kilimanjaro en bicicleta, Ir\u00e1n, T\u00edbet, Lofoten en Noruega, varias cumbres en Nepal, doble Ironman, varias victorias en pruebas de ultra resistencia.<\/p>\n\n\n\n<figure class=\"wp-block-image size-large\"><img loading=\"lazy\" decoding=\"async\" width=\"1024\" height=\"683\" src=\"https:\/\/werocksport.com\/wp-content\/uploads\/2022\/01\/3-\u00a9Florent-Schneider-min-1024x683.jpg\" alt=\"\" class=\"wp-image-1729\" srcset=\"https:\/\/werocksport.com\/wp-content\/uploads\/2022\/01\/3-\u00a9Florent-Schneider-min-1024x683.jpg 1024w, https:\/\/werocksport.com\/wp-content\/uploads\/2022\/01\/3-\u00a9Florent-Schneider-min-300x200.jpg 300w, https:\/\/werocksport.com\/wp-content\/uploads\/2022\/01\/3-\u00a9Florent-Schneider-min-768x512.jpg 768w, https:\/\/werocksport.com\/wp-content\/uploads\/2022\/01\/3-\u00a9Florent-Schneider-min-18x12.jpg 18w, https:\/\/werocksport.com\/wp-content\/uploads\/2022\/01\/3-\u00a9Florent-Schneider-min-450x300.jpg 450w, https:\/\/werocksport.com\/wp-content\/uploads\/2022\/01\/3-\u00a9Florent-Schneider-min-780x520.jpg 780w\" sizes=\"auto, (max-width: 1024px) 100vw, 1024px\" \/><\/figure>\n\n\n\n<p>En Namibia, finalmente consigui\u00f3 su reto, a un ritmo de 250 km diarios, es decir, casi 10 horas diarias sobre la bicicleta, luchando contra temperaturas que oscilaban entre los 0 y los 45 grados en el norte del Namib. \"El final de la ruta fue m\u00e1s dif\u00edcil\", relata el aventurero. \"Una ma\u00f1ana, me despert\u00e9 con niebla y 5\u00b0C, a pesar de que ten\u00eda que subir a 2.200 metros de altitud desde 70 metros. En una hora y media, el term\u00f3metro subi\u00f3 a 37\u00b0C. Este choque t\u00e9rmico me dol\u00eda y me volv\u00eda un poco loco sobre la bicicleta. Para colmo, no ten\u00eda ni un solo pueblo donde repostar.<\/p>\n\n\n\n<figure class=\"wp-block-image size-large\"><img loading=\"lazy\" decoding=\"async\" width=\"1024\" height=\"683\" src=\"https:\/\/werocksport.com\/wp-content\/uploads\/2022\/01\/5-\u00a9Florent-Schneider-min-1024x683.jpg\" alt=\"\" class=\"wp-image-1728\" srcset=\"https:\/\/werocksport.com\/wp-content\/uploads\/2022\/01\/5-\u00a9Florent-Schneider-min-1024x683.jpg 1024w, https:\/\/werocksport.com\/wp-content\/uploads\/2022\/01\/5-\u00a9Florent-Schneider-min-300x200.jpg 300w, https:\/\/werocksport.com\/wp-content\/uploads\/2022\/01\/5-\u00a9Florent-Schneider-min-768x512.jpg 768w, https:\/\/werocksport.com\/wp-content\/uploads\/2022\/01\/5-\u00a9Florent-Schneider-min-18x12.jpg 18w, https:\/\/werocksport.com\/wp-content\/uploads\/2022\/01\/5-\u00a9Florent-Schneider-min-450x300.jpg 450w, https:\/\/werocksport.com\/wp-content\/uploads\/2022\/01\/5-\u00a9Florent-Schneider-min-780x520.jpg 780w\" sizes=\"auto, (max-width: 1024px) 100vw, 1024px\" \/><\/figure>\n\n\n\n<p>En Namibia, el objetivo era a la vez deportivo y social. El Gravel Man quer\u00eda sensibilizar y llamar la atenci\u00f3n sobre los cambios actuales y futuros, las consecuencias para la naturaleza y los efectos en el cuerpo humano. El objetivo es mostrar la riqueza y la fragilidad del mundo, y sensibilizar sobre el cambio clim\u00e1tico y, m\u00e1s concretamente, sobre la desertizaci\u00f3n de nuestros territorios.<\/p>\n\n\n\n<figure class=\"wp-block-image size-large\"><img loading=\"lazy\" decoding=\"async\" width=\"1024\" height=\"683\" src=\"https:\/\/werocksport.com\/wp-content\/uploads\/2022\/01\/7-\u00a9Florent-Schneider-min-1024x683.jpg\" alt=\"\" class=\"wp-image-1727\" srcset=\"https:\/\/werocksport.com\/wp-content\/uploads\/2022\/01\/7-\u00a9Florent-Schneider-min-1024x683.jpg 1024w, https:\/\/werocksport.com\/wp-content\/uploads\/2022\/01\/7-\u00a9Florent-Schneider-min-300x200.jpg 300w, https:\/\/werocksport.com\/wp-content\/uploads\/2022\/01\/7-\u00a9Florent-Schneider-min-768x512.jpg 768w, https:\/\/werocksport.com\/wp-content\/uploads\/2022\/01\/7-\u00a9Florent-Schneider-min-18x12.jpg 18w, https:\/\/werocksport.com\/wp-content\/uploads\/2022\/01\/7-\u00a9Florent-Schneider-min-450x300.jpg 450w, https:\/\/werocksport.com\/wp-content\/uploads\/2022\/01\/7-\u00a9Florent-Schneider-min-780x520.jpg 780w\" sizes=\"auto, (max-width: 1024px) 100vw, 1024px\" \/><\/figure>\n\n\n\n<p>En esta traves\u00eda por el desierto del Namib, St\u00e9ven se enfrent\u00f3 a numerosos retos, como adaptarse a la falta de agua y al calor. Los encuentros con la poblaci\u00f3n local y los animales fueron ricos en intercambio y aprendizaje. \"Este Proyecto Desierto de Namibia no habr\u00eda sido lo mismo sin la fauna salvaje que siempre me ha fascinado y que pude observar. En las carreteras, me cruc\u00e9 con cientos de 'p\u00e1jaros est\u00fapidos', otros tantos chacales, dik-dik, ant\u00edlopes, caballos salvajes, kudus, oryx, ardillas, suricatas, fac\u00f3queros... Tambi\u00e9n me cruc\u00e9 con bastantes babuinos, encuentros no siempre tranquilizadores sobre todo cuando estaba solo.\"<\/p>\n\n\n\n<figure class=\"wp-block-image size-large\"><img loading=\"lazy\" decoding=\"async\" width=\"1024\" height=\"683\" src=\"https:\/\/werocksport.com\/wp-content\/uploads\/2022\/01\/10-\u00a9Florent-Schneider-min-1024x683.jpg\" alt=\"\" class=\"wp-image-1726\" srcset=\"https:\/\/werocksport.com\/wp-content\/uploads\/2022\/01\/10-\u00a9Florent-Schneider-min-1024x683.jpg 1024w, https:\/\/werocksport.com\/wp-content\/uploads\/2022\/01\/10-\u00a9Florent-Schneider-min-300x200.jpg 300w, https:\/\/werocksport.com\/wp-content\/uploads\/2022\/01\/10-\u00a9Florent-Schneider-min-768x512.jpg 768w, https:\/\/werocksport.com\/wp-content\/uploads\/2022\/01\/10-\u00a9Florent-Schneider-min-18x12.jpg 18w, https:\/\/werocksport.com\/wp-content\/uploads\/2022\/01\/10-\u00a9Florent-Schneider-min-450x300.jpg 450w, https:\/\/werocksport.com\/wp-content\/uploads\/2022\/01\/10-\u00a9Florent-Schneider-min-780x520.jpg 780w\" sizes=\"auto, (max-width: 1024px) 100vw, 1024px\" \/><\/figure>\n\n\n\n<p>En los pr\u00f3ximos meses, ser\u00e1 el turno de otros desiertos, si la salud lo permite: Simpson en Australia, el de Atacama en Chile, el de Gobi entre Mongolia y China, y luego los trozos m\u00e1s grandes: la Ant\u00e1rtida y el \u00c1rtico.&nbsp;<\/p>\n\n\n\n<figure class=\"wp-block-image size-large\"><img loading=\"lazy\" decoding=\"async\" width=\"1024\" height=\"553\" src=\"https:\/\/werocksport.com\/wp-content\/uploads\/2022\/01\/capture-decran-1-1024x553.png\" alt=\"\" class=\"wp-image-1735\" srcset=\"https:\/\/werocksport.com\/wp-content\/uploads\/2022\/01\/capture-decran-1-1024x553.png 1024w, https:\/\/werocksport.com\/wp-content\/uploads\/2022\/01\/capture-decran-1-300x162.png 300w, https:\/\/werocksport.com\/wp-content\/uploads\/2022\/01\/capture-decran-1-768x414.png 768w, https:\/\/werocksport.com\/wp-content\/uploads\/2022\/01\/capture-decran-1-18x10.png 18w, https:\/\/werocksport.com\/wp-content\/uploads\/2022\/01\/capture-decran-1-450x243.png 450w, https:\/\/werocksport.com\/wp-content\/uploads\/2022\/01\/capture-decran-1-780x421.png 780w, https:\/\/werocksport.com\/wp-content\/uploads\/2022\/01\/capture-decran-1.png 1123w\" sizes=\"auto, (max-width: 1024px) 100vw, 1024px\" \/><\/figure>\n\n\n\n<p><strong>Fotos: \u00a9 Florent Schneider<\/strong><\/p>","protected":false},"excerpt":{"rendered":"<p>Le Fran\u00e7ais Steven Le Hyaric n\u2019a mis que 18 jours pour traverser en v\u00e9lo le d\u00e9sert de&nbsp;Namibie. Retour sur cette aventure extr\u00eame de l\u2019ultra cycliste. En juin 2022, Steven Le Hyaric pose son v\u00e9lo en Namibie et s\u2019appr\u00eate \u00e0 vivre la premi\u00e8re aventure de son projet 666. Ce dernier est cens\u00e9 l\u2019emmener \u00e0 travers six [&hellip;]<\/p>\n","protected":false},"author":12,"featured_media":1723,"comment_status":"closed","ping_status":"closed","sticky":false,"template":"","format":"standard","meta":{"footnotes":""},"categories":[48],"tags":[],"class_list":{"0":"post-1722","1":"post","2":"type-post","3":"status-publish","4":"format-standard","5":"has-post-thumbnail","7":"category-inspiration"},"yoast_head":"<!-- This site is optimized with the Yoast SEO plugin v27.2 - https:\/\/yoast.com\/product\/yoast-seo-wordpress\/ -->\n<title>Steven Le Hyaric : 18 jours et 4 200 km pour traverser la Namibie - We Rock Sport<\/title>\n<meta name=\"robots\" content=\"index, follow, max-snippet:-1, max-image-preview:large, max-video-preview:-1\" \/>\n<link rel=\"canonical\" href=\"https:\/\/werocksport.com\/es\/steven-le-hyaric-18-jours-et-4-200-km-pour-traverser-la-namibie\/\" \/>\n<meta property=\"og:locale\" content=\"es_ES\" \/>\n<meta property=\"og:type\" content=\"article\" \/>\n<meta property=\"og:title\" content=\"Steven Le Hyaric : 18 jours et 4 200 km pour traverser la Namibie - We Rock Sport\" \/>\n<meta property=\"og:description\" content=\"Le Fran\u00e7ais Steven Le Hyaric n\u2019a mis que 18 jours pour traverser en v\u00e9lo le d\u00e9sert de&nbsp;Namibie. Retour sur cette aventure extr\u00eame de l\u2019ultra cycliste. En juin 2022, Steven Le Hyaric pose son v\u00e9lo en Namibie et s\u2019appr\u00eate \u00e0 vivre la premi\u00e8re aventure de son projet 666. Ce dernier est cens\u00e9 l\u2019emmener \u00e0 travers six [&hellip;]\" \/>\n<meta property=\"og:url\" content=\"https:\/\/werocksport.com\/es\/steven-le-hyaric-18-jours-et-4-200-km-pour-traverser-la-namibie\/\" \/>\n<meta property=\"og:site_name\" content=\"We Rock Sport\" \/>\n<meta property=\"article:published_time\" content=\"2022-04-19T03:00:00+00:00\" \/>\n<meta property=\"article:modified_time\" content=\"2022-04-19T05:01:41+00:00\" \/>\n<meta property=\"og:image\" content=\"https:\/\/werocksport.com\/wp-content\/uploads\/2022\/01\/Image-de-une-\u00a9-Florent-Schneider-scaled.jpg\" \/>\n\t<meta property=\"og:image:width\" content=\"2560\" \/>\n\t<meta property=\"og:image:height\" content=\"1707\" \/>\n\t<meta property=\"og:image:type\" content=\"image\/jpeg\" \/>\n<meta name=\"author\" content=\"Emmanuel Morell\" \/>\n<meta name=\"twitter:card\" content=\"summary_large_image\" \/>\n<meta name=\"twitter:label1\" content=\"Escrito por\" \/>\n\t<meta name=\"twitter:data1\" content=\"Emmanuel Morell\" \/>\n\t<meta name=\"twitter:label2\" content=\"Tiempo de lectura\" \/>\n\t<meta name=\"twitter:data2\" content=\"4 minutos\" \/>\n<script type=\"application\/ld+json\" class=\"yoast-schema-graph\">{\"@context\":\"https:\/\/schema.org\",\"@graph\":[{\"@type\":\"Article\",\"@id\":\"https:\/\/werocksport.com\/steven-le-hyaric-18-jours-et-4-200-km-pour-traverser-la-namibie\/#article\",\"isPartOf\":{\"@id\":\"https:\/\/werocksport.com\/steven-le-hyaric-18-jours-et-4-200-km-pour-traverser-la-namibie\/\"},\"author\":{\"name\":\"Emmanuel Morell\",\"@id\":\"https:\/\/werocksport.com\/#\/schema\/person\/dd296d720f707d08adeaf8cb80afb9ec\"},\"headline\":\"Steven Le Hyaric : 18 jours et 4 200 km pour traverser la Namibie\",\"datePublished\":\"2022-04-19T03:00:00+00:00\",\"dateModified\":\"2022-04-19T05:01:41+00:00\",\"mainEntityOfPage\":{\"@id\":\"https:\/\/werocksport.com\/steven-le-hyaric-18-jours-et-4-200-km-pour-traverser-la-namibie\/\"},\"wordCount\":648,\"publisher\":{\"@id\":\"https:\/\/werocksport.com\/#organization\"},\"image\":{\"@id\":\"https:\/\/werocksport.com\/steven-le-hyaric-18-jours-et-4-200-km-pour-traverser-la-namibie\/#primaryimage\"},\"thumbnailUrl\":\"https:\/\/werocksport.com\/wp-content\/uploads\/2022\/01\/Image-de-une-\u00a9-Florent-Schneider-scaled.jpg\",\"articleSection\":[\"Inspiration\"],\"inLanguage\":\"es\"},{\"@type\":\"WebPage\",\"@id\":\"https:\/\/werocksport.com\/steven-le-hyaric-18-jours-et-4-200-km-pour-traverser-la-namibie\/\",\"url\":\"https:\/\/werocksport.com\/steven-le-hyaric-18-jours-et-4-200-km-pour-traverser-la-namibie\/\",\"name\":\"Steven Le Hyaric : 18 jours et 4 200 km pour traverser la Namibie - We Rock Sport\",\"isPartOf\":{\"@id\":\"https:\/\/werocksport.com\/#website\"},\"primaryImageOfPage\":{\"@id\":\"https:\/\/werocksport.com\/steven-le-hyaric-18-jours-et-4-200-km-pour-traverser-la-namibie\/#primaryimage\"},\"image\":{\"@id\":\"https:\/\/werocksport.com\/steven-le-hyaric-18-jours-et-4-200-km-pour-traverser-la-namibie\/#primaryimage\"},\"thumbnailUrl\":\"https:\/\/werocksport.com\/wp-content\/uploads\/2022\/01\/Image-de-une-\u00a9-Florent-Schneider-scaled.jpg\",\"datePublished\":\"2022-04-19T03:00:00+00:00\",\"dateModified\":\"2022-04-19T05:01:41+00:00\",\"breadcrumb\":{\"@id\":\"https:\/\/werocksport.com\/steven-le-hyaric-18-jours-et-4-200-km-pour-traverser-la-namibie\/#breadcrumb\"},\"inLanguage\":\"es\",\"potentialAction\":[{\"@type\":\"ReadAction\",\"target\":[\"https:\/\/werocksport.com\/steven-le-hyaric-18-jours-et-4-200-km-pour-traverser-la-namibie\/\"]}]},{\"@type\":\"ImageObject\",\"inLanguage\":\"es\",\"@id\":\"https:\/\/werocksport.com\/steven-le-hyaric-18-jours-et-4-200-km-pour-traverser-la-namibie\/#primaryimage\",\"url\":\"https:\/\/werocksport.com\/wp-content\/uploads\/2022\/01\/Image-de-une-\u00a9-Florent-Schneider-scaled.jpg\",\"contentUrl\":\"https:\/\/werocksport.com\/wp-content\/uploads\/2022\/01\/Image-de-une-\u00a9-Florent-Schneider-scaled.jpg\",\"width\":2560,\"height\":1707},{\"@type\":\"BreadcrumbList\",\"@id\":\"https:\/\/werocksport.com\/steven-le-hyaric-18-jours-et-4-200-km-pour-traverser-la-namibie\/#breadcrumb\",\"itemListElement\":[{\"@type\":\"ListItem\",\"position\":1,\"name\":\"Home\",\"item\":\"https:\/\/werocksport.com\/\"},{\"@type\":\"ListItem\",\"position\":2,\"name\":\"Steven Le Hyaric : 18 jours et 4 200 km pour traverser la Namibie\"}]},{\"@type\":\"WebSite\",\"@id\":\"https:\/\/werocksport.com\/#website\",\"url\":\"https:\/\/werocksport.com\/\",\"name\":\"We Rock Sport\",\"description\":\"le m\u00e9dia 100% outdoor !\",\"publisher\":{\"@id\":\"https:\/\/werocksport.com\/#organization\"},\"potentialAction\":[{\"@type\":\"SearchAction\",\"target\":{\"@type\":\"EntryPoint\",\"urlTemplate\":\"https:\/\/werocksport.com\/?s={search_term_string}\"},\"query-input\":{\"@type\":\"PropertyValueSpecification\",\"valueRequired\":true,\"valueName\":\"search_term_string\"}}],\"inLanguage\":\"es\"},{\"@type\":\"Organization\",\"@id\":\"https:\/\/werocksport.com\/#organization\",\"name\":\"We Rock Sport\",\"url\":\"https:\/\/werocksport.com\/\",\"logo\":{\"@type\":\"ImageObject\",\"inLanguage\":\"es\",\"@id\":\"https:\/\/werocksport.com\/#\/schema\/logo\/image\/\",\"url\":\"https:\/\/werocksport.com\/wp-content\/uploads\/2020\/12\/WRS-logo.png\",\"contentUrl\":\"https:\/\/werocksport.com\/wp-content\/uploads\/2020\/12\/WRS-logo.png\",\"width\":136,\"height\":60,\"caption\":\"We Rock Sport\"},\"image\":{\"@id\":\"https:\/\/werocksport.com\/#\/schema\/logo\/image\/\"}},{\"@type\":\"Person\",\"@id\":\"https:\/\/werocksport.com\/#\/schema\/person\/dd296d720f707d08adeaf8cb80afb9ec\",\"name\":\"Emmanuel Morell\",\"image\":{\"@type\":\"ImageObject\",\"inLanguage\":\"es\",\"@id\":\"https:\/\/secure.gravatar.com\/avatar\/de044757faaba64b0534f56a73332e8dea9b4e61cea3c751cba5b277b625215e?s=96&d=mm&r=g\",\"url\":\"https:\/\/secure.gravatar.com\/avatar\/de044757faaba64b0534f56a73332e8dea9b4e61cea3c751cba5b277b625215e?s=96&d=mm&r=g\",\"contentUrl\":\"https:\/\/secure.gravatar.com\/avatar\/de044757faaba64b0534f56a73332e8dea9b4e61cea3c751cba5b277b625215e?s=96&d=mm&r=g\",\"caption\":\"Emmanuel Morell\"}}]}<\/script>\n<!-- \/ Yoast SEO plugin. -->","yoast_head_json":{"title":"Steven Le Hyaric: 18 d\u00edas y 4.200 km para cruzar Namibia - We Rock Sport","robots":{"index":"index","follow":"follow","max-snippet":"max-snippet:-1","max-image-preview":"max-image-preview:large","max-video-preview":"max-video-preview:-1"},"canonical":"https:\/\/werocksport.com\/es\/steven-le-hyaric-18-jours-et-4-200-km-pour-traverser-la-namibie\/","og_locale":"es_ES","og_type":"article","og_title":"Steven Le Hyaric : 18 jours et 4 200 km pour traverser la Namibie - We Rock Sport","og_description":"Le Fran\u00e7ais Steven Le Hyaric n\u2019a mis que 18 jours pour traverser en v\u00e9lo le d\u00e9sert de&nbsp;Namibie. Retour sur cette aventure extr\u00eame de l\u2019ultra cycliste. En juin 2022, Steven Le Hyaric pose son v\u00e9lo en Namibie et s\u2019appr\u00eate \u00e0 vivre la premi\u00e8re aventure de son projet 666. Ce dernier est cens\u00e9 l\u2019emmener \u00e0 travers six [&hellip;]","og_url":"https:\/\/werocksport.com\/es\/steven-le-hyaric-18-jours-et-4-200-km-pour-traverser-la-namibie\/","og_site_name":"We Rock Sport","article_published_time":"2022-04-19T03:00:00+00:00","article_modified_time":"2022-04-19T05:01:41+00:00","og_image":[{"width":2560,"height":1707,"url":"https:\/\/werocksport.com\/wp-content\/uploads\/2022\/01\/Image-de-une-\u00a9-Florent-Schneider-scaled.jpg","type":"image\/jpeg"}],"author":"Emmanuel Morell","twitter_card":"summary_large_image","twitter_misc":{"Escrito por":"Emmanuel Morell","Tiempo de lectura":"4 minutos"},"schema":{"@context":"https:\/\/schema.org","@graph":[{"@type":"Article","@id":"https:\/\/werocksport.com\/steven-le-hyaric-18-jours-et-4-200-km-pour-traverser-la-namibie\/#article","isPartOf":{"@id":"https:\/\/werocksport.com\/steven-le-hyaric-18-jours-et-4-200-km-pour-traverser-la-namibie\/"},"author":{"name":"Emmanuel Morell","@id":"https:\/\/werocksport.com\/#\/schema\/person\/dd296d720f707d08adeaf8cb80afb9ec"},"headline":"Steven Le Hyaric : 18 jours et 4 200 km pour traverser la Namibie","datePublished":"2022-04-19T03:00:00+00:00","dateModified":"2022-04-19T05:01:41+00:00","mainEntityOfPage":{"@id":"https:\/\/werocksport.com\/steven-le-hyaric-18-jours-et-4-200-km-pour-traverser-la-namibie\/"},"wordCount":648,"publisher":{"@id":"https:\/\/werocksport.com\/#organization"},"image":{"@id":"https:\/\/werocksport.com\/steven-le-hyaric-18-jours-et-4-200-km-pour-traverser-la-namibie\/#primaryimage"},"thumbnailUrl":"https:\/\/werocksport.com\/wp-content\/uploads\/2022\/01\/Image-de-une-\u00a9-Florent-Schneider-scaled.jpg","articleSection":["Inspiration"],"inLanguage":"es"},{"@type":"WebPage","@id":"https:\/\/werocksport.com\/steven-le-hyaric-18-jours-et-4-200-km-pour-traverser-la-namibie\/","url":"https:\/\/werocksport.com\/steven-le-hyaric-18-jours-et-4-200-km-pour-traverser-la-namibie\/","name":"Steven Le Hyaric: 18 d\u00edas y 4.200 km para cruzar Namibia - We Rock Sport","isPartOf":{"@id":"https:\/\/werocksport.com\/#website"},"primaryImageOfPage":{"@id":"https:\/\/werocksport.com\/steven-le-hyaric-18-jours-et-4-200-km-pour-traverser-la-namibie\/#primaryimage"},"image":{"@id":"https:\/\/werocksport.com\/steven-le-hyaric-18-jours-et-4-200-km-pour-traverser-la-namibie\/#primaryimage"},"thumbnailUrl":"https:\/\/werocksport.com\/wp-content\/uploads\/2022\/01\/Image-de-une-\u00a9-Florent-Schneider-scaled.jpg","datePublished":"2022-04-19T03:00:00+00:00","dateModified":"2022-04-19T05:01:41+00:00","breadcrumb":{"@id":"https:\/\/werocksport.com\/steven-le-hyaric-18-jours-et-4-200-km-pour-traverser-la-namibie\/#breadcrumb"},"inLanguage":"es","potentialAction":[{"@type":"ReadAction","target":["https:\/\/werocksport.com\/steven-le-hyaric-18-jours-et-4-200-km-pour-traverser-la-namibie\/"]}]},{"@type":"ImageObject","inLanguage":"es","@id":"https:\/\/werocksport.com\/steven-le-hyaric-18-jours-et-4-200-km-pour-traverser-la-namibie\/#primaryimage","url":"https:\/\/werocksport.com\/wp-content\/uploads\/2022\/01\/Image-de-une-\u00a9-Florent-Schneider-scaled.jpg","contentUrl":"https:\/\/werocksport.com\/wp-content\/uploads\/2022\/01\/Image-de-une-\u00a9-Florent-Schneider-scaled.jpg","width":2560,"height":1707},{"@type":"BreadcrumbList","@id":"https:\/\/werocksport.com\/steven-le-hyaric-18-jours-et-4-200-km-pour-traverser-la-namibie\/#breadcrumb","itemListElement":[{"@type":"ListItem","position":1,"name":"Home","item":"https:\/\/werocksport.com\/"},{"@type":"ListItem","position":2,"name":"Steven Le Hyaric : 18 jours et 4 200 km pour traverser la Namibie"}]},{"@type":"WebSite","@id":"https:\/\/werocksport.com\/#website","url":"https:\/\/werocksport.com\/","name":"We Rock Sport","description":"\u00a1100% medios de comunicaci\u00f3n al aire libre!","publisher":{"@id":"https:\/\/werocksport.com\/#organization"},"potentialAction":[{"@type":"SearchAction","target":{"@type":"EntryPoint","urlTemplate":"https:\/\/werocksport.com\/?s={search_term_string}"},"query-input":{"@type":"PropertyValueSpecification","valueRequired":true,"valueName":"search_term_string"}}],"inLanguage":"es"},{"@type":"Organization","@id":"https:\/\/werocksport.com\/#organization","name":"We Rock Sport","url":"https:\/\/werocksport.com\/","logo":{"@type":"ImageObject","inLanguage":"es","@id":"https:\/\/werocksport.com\/#\/schema\/logo\/image\/","url":"https:\/\/werocksport.com\/wp-content\/uploads\/2020\/12\/WRS-logo.png","contentUrl":"https:\/\/werocksport.com\/wp-content\/uploads\/2020\/12\/WRS-logo.png","width":136,"height":60,"caption":"We Rock Sport"},"image":{"@id":"https:\/\/werocksport.com\/#\/schema\/logo\/image\/"}},{"@type":"Person","@id":"https:\/\/werocksport.com\/#\/schema\/person\/dd296d720f707d08adeaf8cb80afb9ec","name":"Emmanuel Morell","image":{"@type":"ImageObject","inLanguage":"es","@id":"https:\/\/secure.gravatar.com\/avatar\/de044757faaba64b0534f56a73332e8dea9b4e61cea3c751cba5b277b625215e?s=96&d=mm&r=g","url":"https:\/\/secure.gravatar.com\/avatar\/de044757faaba64b0534f56a73332e8dea9b4e61cea3c751cba5b277b625215e?s=96&d=mm&r=g","contentUrl":"https:\/\/secure.gravatar.com\/avatar\/de044757faaba64b0534f56a73332e8dea9b4e61cea3c751cba5b277b625215e?s=96&d=mm&r=g","caption":"Emmanuel Morell"}}]}},"jetpack_featured_media_url":"https:\/\/werocksport.com\/wp-content\/uploads\/2022\/01\/Image-de-une-\u00a9-Florent-Schneider-scaled.jpg","_links":{"self":[{"href":"https:\/\/werocksport.com\/es\/wp-json\/wp\/v2\/posts\/1722","targetHints":{"allow":["GET"]}}],"collection":[{"href":"https:\/\/werocksport.com\/es\/wp-json\/wp\/v2\/posts"}],"about":[{"href":"https:\/\/werocksport.com\/es\/wp-json\/wp\/v2\/types\/post"}],"author":[{"embeddable":true,"href":"https:\/\/werocksport.com\/es\/wp-json\/wp\/v2\/users\/12"}],"replies":[{"embeddable":true,"href":"https:\/\/werocksport.com\/es\/wp-json\/wp\/v2\/comments?post=1722"}],"version-history":[{"count":2,"href":"https:\/\/werocksport.com\/es\/wp-json\/wp\/v2\/posts\/1722\/revisions"}],"predecessor-version":[{"id":1736,"href":"https:\/\/werocksport.com\/es\/wp-json\/wp\/v2\/posts\/1722\/revisions\/1736"}],"wp:featuredmedia":[{"embeddable":true,"href":"https:\/\/werocksport.com\/es\/wp-json\/wp\/v2\/media\/1723"}],"wp:attachment":[{"href":"https:\/\/werocksport.com\/es\/wp-json\/wp\/v2\/media?parent=1722"}],"wp:term":[{"taxonomy":"category","embeddable":true,"href":"https:\/\/werocksport.com\/es\/wp-json\/wp\/v2\/categories?post=1722"},{"taxonomy":"post_tag","embeddable":true,"href":"https:\/\/werocksport.com\/es\/wp-json\/wp\/v2\/tags?post=1722"}],"curies":[{"name":"wp","href":"https:\/\/api.w.org\/{rel}","templated":true}]}}