{"id":4270,"date":"2023-09-06T12:51:09","date_gmt":"2023-09-06T10:51:09","guid":{"rendered":"https:\/\/werocksport.com\/?p=4270"},"modified":"2023-09-06T12:51:17","modified_gmt":"2023-09-06T10:51:17","slug":"les-productions-en-lice-au-paris-surf-skateboard-film-festival","status":"publish","type":"post","link":"https:\/\/werocksport.com\/en\/les-productions-en-lice-au-paris-surf-skateboard-film-festival\/","title":{"rendered":"Productions competing at the Paris Surf &amp; Skateboard Film Festival"},"content":{"rendered":"<p><strong>From September 21 to 24, the eighth edition of the Paris Surf &amp; Skateboard Film Festival takes place at l'Entrep\u00f4t in the 14th arrondissement. Here are the films on the program.<\/strong><\/p>\n\n\n\n<p>Celebrating surf and skate culture, this festival has become a key event at the start of every new school year. This year, from September 21 to 24, the eighth edition of the <a href=\"https:\/\/www.pssff.fr\/\">Paris Surf &amp; Skateboard Film Festival<\/a>. The program includes three short film screenings (compared with two last year) at the Entrep\u00f4t in Paris's 14th arrondissement, with productions taking viewers to South Africa, Ireland, Denmark, the USA, Holland, Sweden, England, Morocco and elsewhere. Discover below the surf and skate feature films on the program for PSSFF 2023.<\/p>\n\n\n\n<p><strong>Lands End<\/strong><\/p>\n\n\n\n<p>Ryan Sherman \/ United Kingdom, 2023, 76' \/ In the presence of the director &amp; Barney Page<\/p>\n\n\n\n<p>British skateboarder Barney Page takes us on an emotional journey as he skateboards across the British Isles to honor the memory of his friend Ben Raemers. Lands End Full seeks to shed light on the taboo of suicide, and proposes a reflection to change mentalities about mental illness.<\/p>\n\n\n\n<figure class=\"wp-block-embed is-type-video is-provider-youtube wp-block-embed-youtube wp-embed-aspect-16-9 wp-has-aspect-ratio\"><div class=\"wp-block-embed__wrapper\">\n<iframe loading=\"lazy\" title=\"&quot;Lands End&quot; Trailer - Skateboarding for Suicide Awareness - Barney Page\" width=\"1170\" height=\"658\" src=\"https:\/\/www.youtube.com\/embed\/87azWektD9s?feature=oembed\" frameborder=\"0\" allow=\"accelerometer; autoplay; clipboard-write; encrypted-media; gyroscope; picture-in-picture; web-share\" allowfullscreen><\/iframe>\n<\/div><\/figure>\n\n\n\n<p><strong>The earth is narrow to us<\/strong><\/p>\n\n\n\n<p>Raffaello D'errico \/ France, 2023, 74'<\/p>\n\n\n\n<p>Karam is a surfer in a land without waves. He'd like to surf, but the swell is rarely there. He'd like to leave the country, but his visa applications are all denied. So he skates and waits for something to change his life. Today, in the midst of a political, economic and health crisis, Karam has realized that he needs to get involved in rebuilding his country, Lebanon.<\/p>\n\n\n\n<figure class=\"wp-block-image size-large\"><img loading=\"lazy\" decoding=\"async\" width=\"1024\" height=\"571\" src=\"https:\/\/werocksport.com\/wp-content\/uploads\/2023\/09\/kyujtyj-1024x571.png\" alt=\"\" class=\"wp-image-4271\" srcset=\"https:\/\/werocksport.com\/wp-content\/uploads\/2023\/09\/kyujtyj-1024x571.png 1024w, https:\/\/werocksport.com\/wp-content\/uploads\/2023\/09\/kyujtyj-300x167.png 300w, https:\/\/werocksport.com\/wp-content\/uploads\/2023\/09\/kyujtyj-768x428.png 768w, https:\/\/werocksport.com\/wp-content\/uploads\/2023\/09\/kyujtyj-18x10.png 18w, https:\/\/werocksport.com\/wp-content\/uploads\/2023\/09\/kyujtyj-450x251.png 450w, https:\/\/werocksport.com\/wp-content\/uploads\/2023\/09\/kyujtyj-780x435.png 780w\" sizes=\"auto, (max-width: 1024px) 100vw, 1024px\" \/><\/figure>\n\n\n\n<p><strong>Better<\/strong><\/p>\n\n\n\n<p>Kamal Ourahou \/ France, 2023, 95\u2032 \/ In the presence of the director &amp; Nassim Lachhab \/ French premiere<\/p>\n\n\n\n<p>\"Between 2009 and 2011, I filmed and edited Nassim Lachhab's very first skateboard videos in Rabat, Morocco. In 2020, after living between France and Spain, Nassim became the first Moroccan and African professional skateboarder in the world. Since then, I've never stopped to wonder: how did Nassim experience his rise to the forefront of the international skateboarding scene in parallel with his journey as an emigrant? How does his unprecedented trajectory resonate with current issues on the Moroccan scene?\"<\/p>\n\n\n\n<figure class=\"wp-block-embed is-type-video is-provider-vimeo wp-block-embed-vimeo\"><div class=\"wp-block-embed__wrapper\">\n<iframe loading=\"lazy\" title=\"Better\" src=\"https:\/\/player.vimeo.com\/video\/860110453?dnt=1&amp;app_id=122963\" width=\"1170\" height=\"702\" frameborder=\"0\" allow=\"autoplay; fullscreen; picture-in-picture\"><\/iframe>\n<\/div><\/figure>\n\n\n\n<p><strong>Pushing - from R\u00e4ttvik to California<\/strong><\/p>\n\n\n\n<p>Christopher Sanitate, Klas Hjertberg, Katja Uneborg \/ &amp; Robert Gustafsson \/ Sweden, 2023, 83' \/ French premiere<\/p>\n\n\n\n<p>In the summer of 1984 in Sweden, pro skateboarder Mike McGill invented the most difficult skateboard trick of its time: the McTwist. It was the beginning of a new era for the sport!  40 years later, 10-year-old Hedda dreams of bringing this legendary trick back to the place where it all began: R\u00e4ttvik.  Pushing - from R\u00e4ttvik to California is a film about friendship, courage and how a shared passion can make the impossible possible.<\/p>\n\n\n\n<figure class=\"wp-block-embed is-type-video is-provider-vimeo wp-block-embed-vimeo wp-embed-aspect-16-9 wp-has-aspect-ratio\"><div class=\"wp-block-embed__wrapper\">\n<iframe loading=\"lazy\" title=\"Pushing - from R\u00e4ttvik to California\" src=\"https:\/\/player.vimeo.com\/video\/855043857?dnt=1&amp;app_id=122963\" width=\"1170\" height=\"658\" frameborder=\"0\" allow=\"autoplay; fullscreen; picture-in-picture\"><\/iframe>\n<\/div><\/figure>\n\n\n\n<p><strong>Wade in the Water<\/strong><\/p>\n\n\n\n<p>David Mesfin \/ United States, 2022, 80' \/ French premiere<\/p>\n\n\n\n<p>This documentary tells the age-old story of Black Surfing. Combining historical accounts with contemporary testimonies, the film breaks down the racial barriers of conventional surf culture. An immersion in the little-known history of Black Surfing that pays homage to its current movement while seeking to inspire the new generation of Black surfers.<\/p>\n\n\n\n<figure class=\"wp-block-embed is-type-video is-provider-vimeo wp-block-embed-vimeo wp-embed-aspect-16-9 wp-has-aspect-ratio\"><div class=\"wp-block-embed__wrapper\">\n<iframe loading=\"lazy\" title=\"Wade in the Water\" src=\"https:\/\/player.vimeo.com\/video\/849503370?dnt=1&amp;app_id=122963\" width=\"1170\" height=\"658\" frameborder=\"0\" allow=\"autoplay; fullscreen; picture-in-picture\"><\/iframe>\n<\/div><\/figure>\n\n\n\n<p><strong>Keep it A Secret<\/strong><\/p>\n\n\n\n<p>Sean Duggan \/ Ireland, 2021, 58' \/ French premiere<\/p>\n\n\n\n<p>In the early 70s, when Irish waves were still unknown to international surfers, surfing pioneers from Dublin and Belfast helped each other host the 1972 Eurosurf Championships, despite the political strife of the time. This film tells the little-known story of the Emerald Isle's now world-renowned surf scene, and highlights the unifying power of the sport.<\/p>\n\n\n\n<figure class=\"wp-block-embed is-type-video is-provider-vimeo wp-block-embed-vimeo wp-embed-aspect-16-9 wp-has-aspect-ratio\"><div class=\"wp-block-embed__wrapper\">\n<iframe loading=\"lazy\" title=\"Keep it Secret\" src=\"https:\/\/player.vimeo.com\/video\/853798702?dnt=1&amp;app_id=122963\" width=\"1170\" height=\"658\" frameborder=\"0\" allow=\"autoplay; fullscreen; picture-in-picture\"><\/iframe>\n<\/div><\/figure>\n\n\n\n<p><strong>Birth of the Endless Summer<\/strong><\/p>\n\n\n\n<p>Richard Yelland \/ United States, 2022, 83' \/ French premiere<\/p>\n\n\n\n<p>Birth of The Endless Summer follows Californian surf pioneer Dick Metz as he wanders the world from 1958 to 1961, revealing the untold story of the most viewed and loved surf documentary of all time:<\/p>\n\n\n\n<figure class=\"wp-block-embed is-type-video is-provider-vimeo wp-block-embed-vimeo wp-embed-aspect-16-9 wp-has-aspect-ratio\"><div class=\"wp-block-embed__wrapper\">\n<iframe loading=\"lazy\" title=\"Birth of Endless Summer\" src=\"https:\/\/player.vimeo.com\/video\/859365782?dnt=1&amp;app_id=122963\" width=\"1170\" height=\"658\" frameborder=\"0\" allow=\"autoplay; fullscreen; picture-in-picture\"><\/iframe>\n<\/div><\/figure>","protected":false},"excerpt":{"rendered":"<p>Du 21 au 24 septembre, la huiti\u00e8me \u00e9dition du Paris Surf &amp; Skateboard Film Festival se d\u00e9roule \u00e0 l\u2019Entrep\u00f4t dans le 14e arrondissement. Voici les films au programme. C\u00e9l\u00e9brant la culture surf et skate, ce festival est d\u00e9sormais un rendez-vous qui compte lors de chaque rentr\u00e9e. Cette ann\u00e9e, c\u2019est du 21 au 24 septembre que [&hellip;]<\/p>\n","protected":false},"author":11,"featured_media":4273,"comment_status":"closed","ping_status":"closed","sticky":false,"template":"","format":"standard","meta":{"footnotes":""},"categories":[99],"tags":[330,468,482,154],"class_list":{"0":"post-4270","1":"post","2":"type-post","3":"status-publish","4":"format-standard","5":"has-post-thumbnail","7":"category-culture","8":"tag-festival","9":"tag-films-2","10":"tag-skate","11":"tag-surf"},"yoast_head":"<!-- This site is optimized with the Yoast SEO plugin v27.2 - https:\/\/yoast.com\/product\/yoast-seo-wordpress\/ -->\n<title>Les productions en lice au Paris Surf &amp; Skateboard Film Festival - We Rock Sport<\/title>\n<meta name=\"robots\" content=\"index, follow, max-snippet:-1, max-image-preview:large, max-video-preview:-1\" \/>\n<link rel=\"canonical\" href=\"https:\/\/werocksport.com\/en\/les-productions-en-lice-au-paris-surf-skateboard-film-festival\/\" \/>\n<meta property=\"og:locale\" content=\"en_GB\" \/>\n<meta property=\"og:type\" content=\"article\" \/>\n<meta property=\"og:title\" content=\"Les productions en lice au Paris Surf &amp; Skateboard Film Festival - We Rock Sport\" \/>\n<meta property=\"og:description\" content=\"Du 21 au 24 septembre, la huiti\u00e8me \u00e9dition du Paris Surf &amp; Skateboard Film Festival se d\u00e9roule \u00e0 l\u2019Entrep\u00f4t dans le 14e arrondissement. Voici les films au programme. C\u00e9l\u00e9brant la culture surf et skate, ce festival est d\u00e9sormais un rendez-vous qui compte lors de chaque rentr\u00e9e. Cette ann\u00e9e, c\u2019est du 21 au 24 septembre que [&hellip;]\" \/>\n<meta property=\"og:url\" content=\"https:\/\/werocksport.com\/en\/les-productions-en-lice-au-paris-surf-skateboard-film-festival\/\" \/>\n<meta property=\"og:site_name\" content=\"We Rock Sport\" \/>\n<meta property=\"article:published_time\" content=\"2023-09-06T10:51:09+00:00\" \/>\n<meta property=\"article:modified_time\" content=\"2023-09-06T10:51:17+00:00\" \/>\n<meta property=\"og:image\" content=\"https:\/\/werocksport.com\/wp-content\/uploads\/2023\/09\/kdrgsdrgdrg.png\" \/>\n\t<meta property=\"og:image:width\" content=\"1556\" \/>\n\t<meta property=\"og:image:height\" content=\"646\" \/>\n\t<meta property=\"og:image:type\" content=\"image\/png\" \/>\n<meta name=\"author\" content=\"vincent girard\" \/>\n<meta name=\"twitter:card\" content=\"summary_large_image\" \/>\n<meta name=\"twitter:label1\" content=\"Written by\" \/>\n\t<meta name=\"twitter:data1\" content=\"vincent girard\" \/>\n\t<meta name=\"twitter:label2\" content=\"Estimated reading time\" \/>\n\t<meta name=\"twitter:data2\" content=\"4 minutes\" \/>\n<script type=\"application\/ld+json\" class=\"yoast-schema-graph\">{\"@context\":\"https:\/\/schema.org\",\"@graph\":[{\"@type\":\"Article\",\"@id\":\"https:\/\/werocksport.com\/les-productions-en-lice-au-paris-surf-skateboard-film-festival\/#article\",\"isPartOf\":{\"@id\":\"https:\/\/werocksport.com\/les-productions-en-lice-au-paris-surf-skateboard-film-festival\/\"},\"author\":{\"name\":\"vincent girard\",\"@id\":\"https:\/\/werocksport.com\/#\/schema\/person\/fda0db71bd8f31705d1685623d7ec3d9\"},\"headline\":\"Les productions en lice au Paris Surf &amp; Skateboard Film Festival\",\"datePublished\":\"2023-09-06T10:51:09+00:00\",\"dateModified\":\"2023-09-06T10:51:17+00:00\",\"mainEntityOfPage\":{\"@id\":\"https:\/\/werocksport.com\/les-productions-en-lice-au-paris-surf-skateboard-film-festival\/\"},\"wordCount\":760,\"publisher\":{\"@id\":\"https:\/\/werocksport.com\/#organization\"},\"image\":{\"@id\":\"https:\/\/werocksport.com\/les-productions-en-lice-au-paris-surf-skateboard-film-festival\/#primaryimage\"},\"thumbnailUrl\":\"https:\/\/werocksport.com\/wp-content\/uploads\/2023\/09\/kdrgsdrgdrg.png\",\"keywords\":[\"Festival\",\"films\",\"skate\",\"surf\"],\"articleSection\":[\"Culture\"],\"inLanguage\":\"en-GB\"},{\"@type\":\"WebPage\",\"@id\":\"https:\/\/werocksport.com\/les-productions-en-lice-au-paris-surf-skateboard-film-festival\/\",\"url\":\"https:\/\/werocksport.com\/les-productions-en-lice-au-paris-surf-skateboard-film-festival\/\",\"name\":\"Les productions en lice au Paris Surf &amp; Skateboard Film Festival - We Rock Sport\",\"isPartOf\":{\"@id\":\"https:\/\/werocksport.com\/#website\"},\"primaryImageOfPage\":{\"@id\":\"https:\/\/werocksport.com\/les-productions-en-lice-au-paris-surf-skateboard-film-festival\/#primaryimage\"},\"image\":{\"@id\":\"https:\/\/werocksport.com\/les-productions-en-lice-au-paris-surf-skateboard-film-festival\/#primaryimage\"},\"thumbnailUrl\":\"https:\/\/werocksport.com\/wp-content\/uploads\/2023\/09\/kdrgsdrgdrg.png\",\"datePublished\":\"2023-09-06T10:51:09+00:00\",\"dateModified\":\"2023-09-06T10:51:17+00:00\",\"breadcrumb\":{\"@id\":\"https:\/\/werocksport.com\/les-productions-en-lice-au-paris-surf-skateboard-film-festival\/#breadcrumb\"},\"inLanguage\":\"en-GB\",\"potentialAction\":[{\"@type\":\"ReadAction\",\"target\":[\"https:\/\/werocksport.com\/les-productions-en-lice-au-paris-surf-skateboard-film-festival\/\"]}]},{\"@type\":\"ImageObject\",\"inLanguage\":\"en-GB\",\"@id\":\"https:\/\/werocksport.com\/les-productions-en-lice-au-paris-surf-skateboard-film-festival\/#primaryimage\",\"url\":\"https:\/\/werocksport.com\/wp-content\/uploads\/2023\/09\/kdrgsdrgdrg.png\",\"contentUrl\":\"https:\/\/werocksport.com\/wp-content\/uploads\/2023\/09\/kdrgsdrgdrg.png\",\"width\":1556,\"height\":646},{\"@type\":\"BreadcrumbList\",\"@id\":\"https:\/\/werocksport.com\/les-productions-en-lice-au-paris-surf-skateboard-film-festival\/#breadcrumb\",\"itemListElement\":[{\"@type\":\"ListItem\",\"position\":1,\"name\":\"Home\",\"item\":\"https:\/\/werocksport.com\/\"},{\"@type\":\"ListItem\",\"position\":2,\"name\":\"Les productions en lice au Paris Surf &amp; Skateboard Film Festival\"}]},{\"@type\":\"WebSite\",\"@id\":\"https:\/\/werocksport.com\/#website\",\"url\":\"https:\/\/werocksport.com\/\",\"name\":\"We Rock Sport\",\"description\":\"le m\u00e9dia 100% outdoor !\",\"publisher\":{\"@id\":\"https:\/\/werocksport.com\/#organization\"},\"potentialAction\":[{\"@type\":\"SearchAction\",\"target\":{\"@type\":\"EntryPoint\",\"urlTemplate\":\"https:\/\/werocksport.com\/?s={search_term_string}\"},\"query-input\":{\"@type\":\"PropertyValueSpecification\",\"valueRequired\":true,\"valueName\":\"search_term_string\"}}],\"inLanguage\":\"en-GB\"},{\"@type\":\"Organization\",\"@id\":\"https:\/\/werocksport.com\/#organization\",\"name\":\"We Rock Sport\",\"url\":\"https:\/\/werocksport.com\/\",\"logo\":{\"@type\":\"ImageObject\",\"inLanguage\":\"en-GB\",\"@id\":\"https:\/\/werocksport.com\/#\/schema\/logo\/image\/\",\"url\":\"https:\/\/werocksport.com\/wp-content\/uploads\/2020\/12\/WRS-logo.png\",\"contentUrl\":\"https:\/\/werocksport.com\/wp-content\/uploads\/2020\/12\/WRS-logo.png\",\"width\":136,\"height\":60,\"caption\":\"We Rock Sport\"},\"image\":{\"@id\":\"https:\/\/werocksport.com\/#\/schema\/logo\/image\/\"}},{\"@type\":\"Person\",\"@id\":\"https:\/\/werocksport.com\/#\/schema\/person\/fda0db71bd8f31705d1685623d7ec3d9\",\"name\":\"vincent girard\",\"image\":{\"@type\":\"ImageObject\",\"inLanguage\":\"en-GB\",\"@id\":\"https:\/\/secure.gravatar.com\/avatar\/d110edb058ac132daf0a052c59f3f137e4842586bc4e35431e2ca6e70a27b393?s=96&d=mm&r=g\",\"url\":\"https:\/\/secure.gravatar.com\/avatar\/d110edb058ac132daf0a052c59f3f137e4842586bc4e35431e2ca6e70a27b393?s=96&d=mm&r=g\",\"contentUrl\":\"https:\/\/secure.gravatar.com\/avatar\/d110edb058ac132daf0a052c59f3f137e4842586bc4e35431e2ca6e70a27b393?s=96&d=mm&r=g\",\"caption\":\"vincent girard\"}}]}<\/script>\n<!-- \/ Yoast SEO plugin. -->","yoast_head_json":{"title":"Productions competing at the Paris Surf &amp; Skateboard Film Festival - We Rock Sport","robots":{"index":"index","follow":"follow","max-snippet":"max-snippet:-1","max-image-preview":"max-image-preview:large","max-video-preview":"max-video-preview:-1"},"canonical":"https:\/\/werocksport.com\/en\/les-productions-en-lice-au-paris-surf-skateboard-film-festival\/","og_locale":"en_GB","og_type":"article","og_title":"Les productions en lice au Paris Surf &amp; Skateboard Film Festival - We Rock Sport","og_description":"Du 21 au 24 septembre, la huiti\u00e8me \u00e9dition du Paris Surf &amp; Skateboard Film Festival se d\u00e9roule \u00e0 l\u2019Entrep\u00f4t dans le 14e arrondissement. Voici les films au programme. C\u00e9l\u00e9brant la culture surf et skate, ce festival est d\u00e9sormais un rendez-vous qui compte lors de chaque rentr\u00e9e. Cette ann\u00e9e, c\u2019est du 21 au 24 septembre que [&hellip;]","og_url":"https:\/\/werocksport.com\/en\/les-productions-en-lice-au-paris-surf-skateboard-film-festival\/","og_site_name":"We Rock Sport","article_published_time":"2023-09-06T10:51:09+00:00","article_modified_time":"2023-09-06T10:51:17+00:00","og_image":[{"width":1556,"height":646,"url":"https:\/\/werocksport.com\/wp-content\/uploads\/2023\/09\/kdrgsdrgdrg.png","type":"image\/png"}],"author":"vincent girard","twitter_card":"summary_large_image","twitter_misc":{"Written by":"vincent girard","Estimated reading time":"4 minutes"},"schema":{"@context":"https:\/\/schema.org","@graph":[{"@type":"Article","@id":"https:\/\/werocksport.com\/les-productions-en-lice-au-paris-surf-skateboard-film-festival\/#article","isPartOf":{"@id":"https:\/\/werocksport.com\/les-productions-en-lice-au-paris-surf-skateboard-film-festival\/"},"author":{"name":"vincent girard","@id":"https:\/\/werocksport.com\/#\/schema\/person\/fda0db71bd8f31705d1685623d7ec3d9"},"headline":"Les productions en lice au Paris Surf &amp; Skateboard Film Festival","datePublished":"2023-09-06T10:51:09+00:00","dateModified":"2023-09-06T10:51:17+00:00","mainEntityOfPage":{"@id":"https:\/\/werocksport.com\/les-productions-en-lice-au-paris-surf-skateboard-film-festival\/"},"wordCount":760,"publisher":{"@id":"https:\/\/werocksport.com\/#organization"},"image":{"@id":"https:\/\/werocksport.com\/les-productions-en-lice-au-paris-surf-skateboard-film-festival\/#primaryimage"},"thumbnailUrl":"https:\/\/werocksport.com\/wp-content\/uploads\/2023\/09\/kdrgsdrgdrg.png","keywords":["Festival","films","skate","surf"],"articleSection":["Culture"],"inLanguage":"en-GB"},{"@type":"WebPage","@id":"https:\/\/werocksport.com\/les-productions-en-lice-au-paris-surf-skateboard-film-festival\/","url":"https:\/\/werocksport.com\/les-productions-en-lice-au-paris-surf-skateboard-film-festival\/","name":"Productions competing at the Paris Surf &amp; Skateboard Film Festival - We Rock Sport","isPartOf":{"@id":"https:\/\/werocksport.com\/#website"},"primaryImageOfPage":{"@id":"https:\/\/werocksport.com\/les-productions-en-lice-au-paris-surf-skateboard-film-festival\/#primaryimage"},"image":{"@id":"https:\/\/werocksport.com\/les-productions-en-lice-au-paris-surf-skateboard-film-festival\/#primaryimage"},"thumbnailUrl":"https:\/\/werocksport.com\/wp-content\/uploads\/2023\/09\/kdrgsdrgdrg.png","datePublished":"2023-09-06T10:51:09+00:00","dateModified":"2023-09-06T10:51:17+00:00","breadcrumb":{"@id":"https:\/\/werocksport.com\/les-productions-en-lice-au-paris-surf-skateboard-film-festival\/#breadcrumb"},"inLanguage":"en-GB","potentialAction":[{"@type":"ReadAction","target":["https:\/\/werocksport.com\/les-productions-en-lice-au-paris-surf-skateboard-film-festival\/"]}]},{"@type":"ImageObject","inLanguage":"en-GB","@id":"https:\/\/werocksport.com\/les-productions-en-lice-au-paris-surf-skateboard-film-festival\/#primaryimage","url":"https:\/\/werocksport.com\/wp-content\/uploads\/2023\/09\/kdrgsdrgdrg.png","contentUrl":"https:\/\/werocksport.com\/wp-content\/uploads\/2023\/09\/kdrgsdrgdrg.png","width":1556,"height":646},{"@type":"BreadcrumbList","@id":"https:\/\/werocksport.com\/les-productions-en-lice-au-paris-surf-skateboard-film-festival\/#breadcrumb","itemListElement":[{"@type":"ListItem","position":1,"name":"Home","item":"https:\/\/werocksport.com\/"},{"@type":"ListItem","position":2,"name":"Les productions en lice au Paris Surf &amp; Skateboard Film Festival"}]},{"@type":"WebSite","@id":"https:\/\/werocksport.com\/#website","url":"https:\/\/werocksport.com\/","name":"We Rock Sport","description":"100% outdoor media!","publisher":{"@id":"https:\/\/werocksport.com\/#organization"},"potentialAction":[{"@type":"SearchAction","target":{"@type":"EntryPoint","urlTemplate":"https:\/\/werocksport.com\/?s={search_term_string}"},"query-input":{"@type":"PropertyValueSpecification","valueRequired":true,"valueName":"search_term_string"}}],"inLanguage":"en-GB"},{"@type":"Organization","@id":"https:\/\/werocksport.com\/#organization","name":"We Rock Sport","url":"https:\/\/werocksport.com\/","logo":{"@type":"ImageObject","inLanguage":"en-GB","@id":"https:\/\/werocksport.com\/#\/schema\/logo\/image\/","url":"https:\/\/werocksport.com\/wp-content\/uploads\/2020\/12\/WRS-logo.png","contentUrl":"https:\/\/werocksport.com\/wp-content\/uploads\/2020\/12\/WRS-logo.png","width":136,"height":60,"caption":"We Rock Sport"},"image":{"@id":"https:\/\/werocksport.com\/#\/schema\/logo\/image\/"}},{"@type":"Person","@id":"https:\/\/werocksport.com\/#\/schema\/person\/fda0db71bd8f31705d1685623d7ec3d9","name":"vincent girard","image":{"@type":"ImageObject","inLanguage":"en-GB","@id":"https:\/\/secure.gravatar.com\/avatar\/d110edb058ac132daf0a052c59f3f137e4842586bc4e35431e2ca6e70a27b393?s=96&d=mm&r=g","url":"https:\/\/secure.gravatar.com\/avatar\/d110edb058ac132daf0a052c59f3f137e4842586bc4e35431e2ca6e70a27b393?s=96&d=mm&r=g","contentUrl":"https:\/\/secure.gravatar.com\/avatar\/d110edb058ac132daf0a052c59f3f137e4842586bc4e35431e2ca6e70a27b393?s=96&d=mm&r=g","caption":"vincent girard"}}]}},"jetpack_featured_media_url":"https:\/\/werocksport.com\/wp-content\/uploads\/2023\/09\/kdrgsdrgdrg.png","_links":{"self":[{"href":"https:\/\/werocksport.com\/en\/wp-json\/wp\/v2\/posts\/4270","targetHints":{"allow":["GET"]}}],"collection":[{"href":"https:\/\/werocksport.com\/en\/wp-json\/wp\/v2\/posts"}],"about":[{"href":"https:\/\/werocksport.com\/en\/wp-json\/wp\/v2\/types\/post"}],"author":[{"embeddable":true,"href":"https:\/\/werocksport.com\/en\/wp-json\/wp\/v2\/users\/11"}],"replies":[{"embeddable":true,"href":"https:\/\/werocksport.com\/en\/wp-json\/wp\/v2\/comments?post=4270"}],"version-history":[{"count":2,"href":"https:\/\/werocksport.com\/en\/wp-json\/wp\/v2\/posts\/4270\/revisions"}],"predecessor-version":[{"id":4274,"href":"https:\/\/werocksport.com\/en\/wp-json\/wp\/v2\/posts\/4270\/revisions\/4274"}],"wp:featuredmedia":[{"embeddable":true,"href":"https:\/\/werocksport.com\/en\/wp-json\/wp\/v2\/media\/4273"}],"wp:attachment":[{"href":"https:\/\/werocksport.com\/en\/wp-json\/wp\/v2\/media?parent=4270"}],"wp:term":[{"taxonomy":"category","embeddable":true,"href":"https:\/\/werocksport.com\/en\/wp-json\/wp\/v2\/categories?post=4270"},{"taxonomy":"post_tag","embeddable":true,"href":"https:\/\/werocksport.com\/en\/wp-json\/wp\/v2\/tags?post=4270"}],"curies":[{"name":"wp","href":"https:\/\/api.w.org\/{rel}","templated":true}]}}