{"id":3990,"date":"2023-06-20T13:23:45","date_gmt":"2023-06-20T11:23:45","guid":{"rendered":"https:\/\/werocksport.com\/?p=3990"},"modified":"2023-06-20T13:27:57","modified_gmt":"2023-06-20T11:27:57","slug":"hillary-gerardi-etablit-un-nouveau-temps-de-reference-de-lascension-du-mont-blanc","status":"publish","type":"post","link":"https:\/\/werocksport.com\/en\/hillary-gerardi-etablit-un-nouveau-temps-de-reference-de-lascension-du-mont-blanc\/","title":{"rendered":"Hillary Gerardi sets a new Mont Blanc ascent reference time"},"content":{"rendered":"<p><strong>Last week, the American, who now lives in France, set a new benchmark time of 7:25 for her ascent of Mont Blanc.<\/strong><\/p>\n\n\n\n<p>In June 2018, Sweden's Emelie Forsberg set the first Mont Blanc ascent reference time of 7 hours 53 minutes and 12 seconds via the Grands Mulets. Since then, this record had not been beaten by another female runner. This Saturday, American Hillary Gerardi took up the challenge. This athlete, originally from Vermont in the USA, now lives in the Chamonix valley, close to her passion for trail running and the mountains. An avid skier, climber and mountaineer, she began running in earnest six years ago and turned her passion into a profession last year by becoming a pro athlete. Skyrunning world vice-champion in 2018, three-time winner of the summer Pierra Menta and the Mont Blanc Marathon (90km), Hillary Gerardi has more than enough pedigree to hope to beat Emelie Forsberg's record.<\/p>\n\n\n\n<figure class=\"wp-block-image size-large\"><img loading=\"lazy\" decoding=\"async\" width=\"1024\" height=\"768\" src=\"https:\/\/werocksport.com\/wp-content\/uploads\/2023\/06\/Hilary-on-arrival-by-the-Chamonix-church-\u00a9Davina-Montaz-Rosset-1024x768.jpg\" alt=\"\" class=\"wp-image-3994\" srcset=\"https:\/\/werocksport.com\/wp-content\/uploads\/2023\/06\/Hilary-on-arrival-by-the-Chamonix-church-\u00a9Davina-Montaz-Rosset-1024x768.jpg 1024w, https:\/\/werocksport.com\/wp-content\/uploads\/2023\/06\/Hilary-on-arrival-by-the-Chamonix-church-\u00a9Davina-Montaz-Rosset-300x225.jpg 300w, https:\/\/werocksport.com\/wp-content\/uploads\/2023\/06\/Hilary-on-arrival-by-the-Chamonix-church-\u00a9Davina-Montaz-Rosset-768x576.jpg 768w, https:\/\/werocksport.com\/wp-content\/uploads\/2023\/06\/Hilary-on-arrival-by-the-Chamonix-church-\u00a9Davina-Montaz-Rosset-16x12.jpg 16w, https:\/\/werocksport.com\/wp-content\/uploads\/2023\/06\/Hilary-on-arrival-by-the-Chamonix-church-\u00a9Davina-Montaz-Rosset-280x210.jpg 280w, https:\/\/werocksport.com\/wp-content\/uploads\/2023\/06\/Hilary-on-arrival-by-the-Chamonix-church-\u00a9Davina-Montaz-Rosset-560x420.jpg 560w, https:\/\/werocksport.com\/wp-content\/uploads\/2023\/06\/Hilary-on-arrival-by-the-Chamonix-church-\u00a9Davina-Montaz-Rosset-450x338.jpg 450w, https:\/\/werocksport.com\/wp-content\/uploads\/2023\/06\/Hilary-on-arrival-by-the-Chamonix-church-\u00a9Davina-Montaz-Rosset-780x585.jpg 780w\" sizes=\"auto, (max-width: 1024px) 100vw, 1024px\" \/><figcaption class=\"wp-element-caption\">Seb Montaz-Rosset<\/figcaption><\/figure>\n\n\n\n<p>However, the American was unable to follow the same route as the Swede, as it was deemed too dangerous due to global warming. Setting off at 2am from the Chamonix church with a smile on her face, Hillary set off on the first glaciers with Valentine Fabre, her rope-mate for the Chamonix-Zermatt ski-mountaineering record (2021). And it was with South African traileuse Meg Mackenzie that she ran part of her descent. A fine performance for this athlete, who is keen to draw attention to the consequences of climate change on the summits, and in particular on the roof of Europe, and is witnessing these developments at first hand...<\/p>\n\n\n\n<figure class=\"wp-block-image size-full is-resized\"><img loading=\"lazy\" decoding=\"async\" src=\"https:\/\/werocksport.com\/wp-content\/uploads\/2023\/06\/Hillary-Gerardi-on-summit-of-Mont-Blanc-\u00a9Hillary-Gerardi.jpg\" alt=\"\" class=\"wp-image-3995\" width=\"770\" height=\"577\" srcset=\"https:\/\/werocksport.com\/wp-content\/uploads\/2023\/06\/Hillary-Gerardi-on-summit-of-Mont-Blanc-\u00a9Hillary-Gerardi.jpg 800w, https:\/\/werocksport.com\/wp-content\/uploads\/2023\/06\/Hillary-Gerardi-on-summit-of-Mont-Blanc-\u00a9Hillary-Gerardi-300x225.jpg 300w, https:\/\/werocksport.com\/wp-content\/uploads\/2023\/06\/Hillary-Gerardi-on-summit-of-Mont-Blanc-\u00a9Hillary-Gerardi-768x576.jpg 768w, https:\/\/werocksport.com\/wp-content\/uploads\/2023\/06\/Hillary-Gerardi-on-summit-of-Mont-Blanc-\u00a9Hillary-Gerardi-16x12.jpg 16w, https:\/\/werocksport.com\/wp-content\/uploads\/2023\/06\/Hillary-Gerardi-on-summit-of-Mont-Blanc-\u00a9Hillary-Gerardi-280x210.jpg 280w, https:\/\/werocksport.com\/wp-content\/uploads\/2023\/06\/Hillary-Gerardi-on-summit-of-Mont-Blanc-\u00a9Hillary-Gerardi-560x420.jpg 560w, https:\/\/werocksport.com\/wp-content\/uploads\/2023\/06\/Hillary-Gerardi-on-summit-of-Mont-Blanc-\u00a9Hillary-Gerardi-450x338.jpg 450w, https:\/\/werocksport.com\/wp-content\/uploads\/2023\/06\/Hillary-Gerardi-on-summit-of-Mont-Blanc-\u00a9Hillary-Gerardi-780x585.jpg 780w\" sizes=\"auto, (max-width: 770px) 100vw, 770px\" \/><figcaption class=\"wp-element-caption\">Seb Montaz-Rosset<br>\u00a0<\/figcaption><\/figure>\n\n\n\n<p>Hillary Gerardi was back at the starting point 7 hours and 25 minutes later after a run of 32.67 km and 3877 m of positive ascent. She took the steeper but less serac-prone northern ridge, then caught up with the normal route via the ridge of bumps, which has nevertheless seen a crevasse open up in recent years, making the passage more tricky.<\/p>\n\n\n\n<figure class=\"wp-block-image size-large\"><img loading=\"lazy\" decoding=\"async\" width=\"1024\" height=\"683\" src=\"https:\/\/werocksport.com\/wp-content\/uploads\/2023\/06\/Hillary-Gerardi-on-way-down-from-Mont-Blanc-\u00a9Petter-Engdahl-1024x683.jpg\" alt=\"\" class=\"wp-image-3996\" srcset=\"https:\/\/werocksport.com\/wp-content\/uploads\/2023\/06\/Hillary-Gerardi-on-way-down-from-Mont-Blanc-\u00a9Petter-Engdahl-1024x683.jpg 1024w, https:\/\/werocksport.com\/wp-content\/uploads\/2023\/06\/Hillary-Gerardi-on-way-down-from-Mont-Blanc-\u00a9Petter-Engdahl-300x200.jpg 300w, https:\/\/werocksport.com\/wp-content\/uploads\/2023\/06\/Hillary-Gerardi-on-way-down-from-Mont-Blanc-\u00a9Petter-Engdahl-768x512.jpg 768w, https:\/\/werocksport.com\/wp-content\/uploads\/2023\/06\/Hillary-Gerardi-on-way-down-from-Mont-Blanc-\u00a9Petter-Engdahl-18x12.jpg 18w, https:\/\/werocksport.com\/wp-content\/uploads\/2023\/06\/Hillary-Gerardi-on-way-down-from-Mont-Blanc-\u00a9Petter-Engdahl-450x300.jpg 450w, https:\/\/werocksport.com\/wp-content\/uploads\/2023\/06\/Hillary-Gerardi-on-way-down-from-Mont-Blanc-\u00a9Petter-Engdahl-780x520.jpg 780w\" sizes=\"auto, (max-width: 1024px) 100vw, 1024px\" \/><figcaption class=\"wp-element-caption\">Seb Montaz-Rosset<\/figcaption><\/figure>\n\n\n\n<p>\"I'm super happy and super surprised to beat the record on this variant of the route,\" she explained at the finish. \"We had a lot of wind on the summit, but I got there almost 20 minutes ahead of schedule. The descent was a little slower than expected, because of the snow conditions. I'm also happy because I proved that this alternative route, which requires more equipment and may seem longer, doesn't prevent you from performing well.\" You can find the GPS track of her achievement at <a href=\"https:\/\/share.garmin.com\/ChurchtoChurch\">this address<\/a>.<\/p>","protected":false},"excerpt":{"rendered":"<p>L\u2019Am\u00e9ricaine qui vit d\u00e9sormais en France a r\u00e9ussi la semaine derni\u00e8re un nouveau temps de r\u00e9f\u00e9rence de l\u2019ascension du Mont Blanc en 7h25. En juin 2018, la Su\u00e9doise Emelie Forsberg avait \u00e9tabli un premier temps de r\u00e9f\u00e9rence de l\u2019ascension du Mont Blanc en 7h53 minutes et 12 secondes en passant par les Grands Mulets. Depuis, [&hellip;]<\/p>\n","protected":false},"author":11,"featured_media":4002,"comment_status":"closed","ping_status":"closed","sticky":false,"template":"","format":"standard","meta":{"footnotes":""},"categories":[44],"tags":[469],"class_list":{"0":"post-3990","1":"post","2":"type-post","3":"status-publish","4":"format-standard","5":"has-post-thumbnail","7":"category-aventure","8":"tag-mont-blanc"},"yoast_head":"<!-- This site is optimized with the Yoast SEO plugin v27.2 - https:\/\/yoast.com\/product\/yoast-seo-wordpress\/ -->\n<title>Hillary\u00a0Gerardi \u00e9tablit un nouveau temps de r\u00e9f\u00e9rence de l\u2019ascension du Mont Blanc - We Rock Sport<\/title>\n<meta name=\"robots\" content=\"index, follow, max-snippet:-1, max-image-preview:large, max-video-preview:-1\" \/>\n<link rel=\"canonical\" href=\"https:\/\/werocksport.com\/en\/hillary-gerardi-etablit-un-nouveau-temps-de-reference-de-lascension-du-mont-blanc\/\" \/>\n<meta property=\"og:locale\" content=\"en_GB\" \/>\n<meta property=\"og:type\" content=\"article\" \/>\n<meta property=\"og:title\" content=\"Hillary\u00a0Gerardi \u00e9tablit un nouveau temps de r\u00e9f\u00e9rence de l\u2019ascension du Mont Blanc - We Rock Sport\" \/>\n<meta property=\"og:description\" content=\"L\u2019Am\u00e9ricaine qui vit d\u00e9sormais en France a r\u00e9ussi la semaine derni\u00e8re un nouveau temps de r\u00e9f\u00e9rence de l\u2019ascension du Mont Blanc en 7h25. En juin 2018, la Su\u00e9doise Emelie Forsberg avait \u00e9tabli un premier temps de r\u00e9f\u00e9rence de l\u2019ascension du Mont Blanc en 7h53 minutes et 12 secondes en passant par les Grands Mulets. Depuis, [&hellip;]\" \/>\n<meta property=\"og:url\" content=\"https:\/\/werocksport.com\/en\/hillary-gerardi-etablit-un-nouveau-temps-de-reference-de-lascension-du-mont-blanc\/\" \/>\n<meta property=\"og:site_name\" content=\"We Rock Sport\" \/>\n<meta property=\"article:published_time\" content=\"2023-06-20T11:23:45+00:00\" \/>\n<meta property=\"article:modified_time\" content=\"2023-06-20T11:27:57+00:00\" \/>\n<meta property=\"og:image\" content=\"https:\/\/werocksport.com\/wp-content\/uploads\/2023\/06\/tttt.png\" \/>\n\t<meta property=\"og:image:width\" content=\"1365\" \/>\n\t<meta property=\"og:image:height\" content=\"669\" \/>\n\t<meta property=\"og:image:type\" content=\"image\/png\" \/>\n<meta name=\"author\" content=\"vincent girard\" \/>\n<meta name=\"twitter:card\" content=\"summary_large_image\" \/>\n<meta name=\"twitter:label1\" content=\"Written by\" \/>\n\t<meta name=\"twitter:data1\" content=\"vincent girard\" \/>\n\t<meta name=\"twitter:label2\" content=\"Estimated reading time\" \/>\n\t<meta name=\"twitter:data2\" content=\"3 minutes\" \/>\n<script type=\"application\/ld+json\" class=\"yoast-schema-graph\">{\"@context\":\"https:\/\/schema.org\",\"@graph\":[{\"@type\":\"Article\",\"@id\":\"https:\/\/werocksport.com\/hillary-gerardi-etablit-un-nouveau-temps-de-reference-de-lascension-du-mont-blanc\/#article\",\"isPartOf\":{\"@id\":\"https:\/\/werocksport.com\/hillary-gerardi-etablit-un-nouveau-temps-de-reference-de-lascension-du-mont-blanc\/\"},\"author\":{\"name\":\"vincent girard\",\"@id\":\"https:\/\/werocksport.com\/#\/schema\/person\/fda0db71bd8f31705d1685623d7ec3d9\"},\"headline\":\"Hillary\u00a0Gerardi \u00e9tablit un nouveau temps de r\u00e9f\u00e9rence de l\u2019ascension du Mont Blanc\",\"datePublished\":\"2023-06-20T11:23:45+00:00\",\"dateModified\":\"2023-06-20T11:27:57+00:00\",\"mainEntityOfPage\":{\"@id\":\"https:\/\/werocksport.com\/hillary-gerardi-etablit-un-nouveau-temps-de-reference-de-lascension-du-mont-blanc\/\"},\"wordCount\":533,\"publisher\":{\"@id\":\"https:\/\/werocksport.com\/#organization\"},\"image\":{\"@id\":\"https:\/\/werocksport.com\/hillary-gerardi-etablit-un-nouveau-temps-de-reference-de-lascension-du-mont-blanc\/#primaryimage\"},\"thumbnailUrl\":\"https:\/\/werocksport.com\/wp-content\/uploads\/2023\/06\/tttt.png\",\"keywords\":[\"mont blanc\"],\"articleSection\":[\"Aventure\"],\"inLanguage\":\"en-GB\"},{\"@type\":\"WebPage\",\"@id\":\"https:\/\/werocksport.com\/hillary-gerardi-etablit-un-nouveau-temps-de-reference-de-lascension-du-mont-blanc\/\",\"url\":\"https:\/\/werocksport.com\/hillary-gerardi-etablit-un-nouveau-temps-de-reference-de-lascension-du-mont-blanc\/\",\"name\":\"Hillary\u00a0Gerardi \u00e9tablit un nouveau temps de r\u00e9f\u00e9rence de l\u2019ascension du Mont Blanc - We Rock Sport\",\"isPartOf\":{\"@id\":\"https:\/\/werocksport.com\/#website\"},\"primaryImageOfPage\":{\"@id\":\"https:\/\/werocksport.com\/hillary-gerardi-etablit-un-nouveau-temps-de-reference-de-lascension-du-mont-blanc\/#primaryimage\"},\"image\":{\"@id\":\"https:\/\/werocksport.com\/hillary-gerardi-etablit-un-nouveau-temps-de-reference-de-lascension-du-mont-blanc\/#primaryimage\"},\"thumbnailUrl\":\"https:\/\/werocksport.com\/wp-content\/uploads\/2023\/06\/tttt.png\",\"datePublished\":\"2023-06-20T11:23:45+00:00\",\"dateModified\":\"2023-06-20T11:27:57+00:00\",\"breadcrumb\":{\"@id\":\"https:\/\/werocksport.com\/hillary-gerardi-etablit-un-nouveau-temps-de-reference-de-lascension-du-mont-blanc\/#breadcrumb\"},\"inLanguage\":\"en-GB\",\"potentialAction\":[{\"@type\":\"ReadAction\",\"target\":[\"https:\/\/werocksport.com\/hillary-gerardi-etablit-un-nouveau-temps-de-reference-de-lascension-du-mont-blanc\/\"]}]},{\"@type\":\"ImageObject\",\"inLanguage\":\"en-GB\",\"@id\":\"https:\/\/werocksport.com\/hillary-gerardi-etablit-un-nouveau-temps-de-reference-de-lascension-du-mont-blanc\/#primaryimage\",\"url\":\"https:\/\/werocksport.com\/wp-content\/uploads\/2023\/06\/tttt.png\",\"contentUrl\":\"https:\/\/werocksport.com\/wp-content\/uploads\/2023\/06\/tttt.png\",\"width\":1365,\"height\":669},{\"@type\":\"BreadcrumbList\",\"@id\":\"https:\/\/werocksport.com\/hillary-gerardi-etablit-un-nouveau-temps-de-reference-de-lascension-du-mont-blanc\/#breadcrumb\",\"itemListElement\":[{\"@type\":\"ListItem\",\"position\":1,\"name\":\"Home\",\"item\":\"https:\/\/werocksport.com\/\"},{\"@type\":\"ListItem\",\"position\":2,\"name\":\"Hillary\u00a0Gerardi \u00e9tablit un nouveau temps de r\u00e9f\u00e9rence de l\u2019ascension du Mont Blanc\"}]},{\"@type\":\"WebSite\",\"@id\":\"https:\/\/werocksport.com\/#website\",\"url\":\"https:\/\/werocksport.com\/\",\"name\":\"We Rock Sport\",\"description\":\"le m\u00e9dia 100% outdoor !\",\"publisher\":{\"@id\":\"https:\/\/werocksport.com\/#organization\"},\"potentialAction\":[{\"@type\":\"SearchAction\",\"target\":{\"@type\":\"EntryPoint\",\"urlTemplate\":\"https:\/\/werocksport.com\/?s={search_term_string}\"},\"query-input\":{\"@type\":\"PropertyValueSpecification\",\"valueRequired\":true,\"valueName\":\"search_term_string\"}}],\"inLanguage\":\"en-GB\"},{\"@type\":\"Organization\",\"@id\":\"https:\/\/werocksport.com\/#organization\",\"name\":\"We Rock Sport\",\"url\":\"https:\/\/werocksport.com\/\",\"logo\":{\"@type\":\"ImageObject\",\"inLanguage\":\"en-GB\",\"@id\":\"https:\/\/werocksport.com\/#\/schema\/logo\/image\/\",\"url\":\"https:\/\/werocksport.com\/wp-content\/uploads\/2020\/12\/WRS-logo.png\",\"contentUrl\":\"https:\/\/werocksport.com\/wp-content\/uploads\/2020\/12\/WRS-logo.png\",\"width\":136,\"height\":60,\"caption\":\"We Rock Sport\"},\"image\":{\"@id\":\"https:\/\/werocksport.com\/#\/schema\/logo\/image\/\"}},{\"@type\":\"Person\",\"@id\":\"https:\/\/werocksport.com\/#\/schema\/person\/fda0db71bd8f31705d1685623d7ec3d9\",\"name\":\"vincent girard\",\"image\":{\"@type\":\"ImageObject\",\"inLanguage\":\"en-GB\",\"@id\":\"https:\/\/secure.gravatar.com\/avatar\/d110edb058ac132daf0a052c59f3f137e4842586bc4e35431e2ca6e70a27b393?s=96&d=mm&r=g\",\"url\":\"https:\/\/secure.gravatar.com\/avatar\/d110edb058ac132daf0a052c59f3f137e4842586bc4e35431e2ca6e70a27b393?s=96&d=mm&r=g\",\"contentUrl\":\"https:\/\/secure.gravatar.com\/avatar\/d110edb058ac132daf0a052c59f3f137e4842586bc4e35431e2ca6e70a27b393?s=96&d=mm&r=g\",\"caption\":\"vincent girard\"}}]}<\/script>\n<!-- \/ Yoast SEO plugin. -->","yoast_head_json":{"title":"Hillary Gerardi sets a new Mont Blanc ascent reference time - We Rock Sport","robots":{"index":"index","follow":"follow","max-snippet":"max-snippet:-1","max-image-preview":"max-image-preview:large","max-video-preview":"max-video-preview:-1"},"canonical":"https:\/\/werocksport.com\/en\/hillary-gerardi-etablit-un-nouveau-temps-de-reference-de-lascension-du-mont-blanc\/","og_locale":"en_GB","og_type":"article","og_title":"Hillary\u00a0Gerardi \u00e9tablit un nouveau temps de r\u00e9f\u00e9rence de l\u2019ascension du Mont Blanc - We Rock Sport","og_description":"L\u2019Am\u00e9ricaine qui vit d\u00e9sormais en France a r\u00e9ussi la semaine derni\u00e8re un nouveau temps de r\u00e9f\u00e9rence de l\u2019ascension du Mont Blanc en 7h25. En juin 2018, la Su\u00e9doise Emelie Forsberg avait \u00e9tabli un premier temps de r\u00e9f\u00e9rence de l\u2019ascension du Mont Blanc en 7h53 minutes et 12 secondes en passant par les Grands Mulets. Depuis, [&hellip;]","og_url":"https:\/\/werocksport.com\/en\/hillary-gerardi-etablit-un-nouveau-temps-de-reference-de-lascension-du-mont-blanc\/","og_site_name":"We Rock Sport","article_published_time":"2023-06-20T11:23:45+00:00","article_modified_time":"2023-06-20T11:27:57+00:00","og_image":[{"width":1365,"height":669,"url":"https:\/\/werocksport.com\/wp-content\/uploads\/2023\/06\/tttt.png","type":"image\/png"}],"author":"vincent girard","twitter_card":"summary_large_image","twitter_misc":{"Written by":"vincent girard","Estimated reading time":"3 minutes"},"schema":{"@context":"https:\/\/schema.org","@graph":[{"@type":"Article","@id":"https:\/\/werocksport.com\/hillary-gerardi-etablit-un-nouveau-temps-de-reference-de-lascension-du-mont-blanc\/#article","isPartOf":{"@id":"https:\/\/werocksport.com\/hillary-gerardi-etablit-un-nouveau-temps-de-reference-de-lascension-du-mont-blanc\/"},"author":{"name":"vincent girard","@id":"https:\/\/werocksport.com\/#\/schema\/person\/fda0db71bd8f31705d1685623d7ec3d9"},"headline":"Hillary\u00a0Gerardi \u00e9tablit un nouveau temps de r\u00e9f\u00e9rence de l\u2019ascension du Mont Blanc","datePublished":"2023-06-20T11:23:45+00:00","dateModified":"2023-06-20T11:27:57+00:00","mainEntityOfPage":{"@id":"https:\/\/werocksport.com\/hillary-gerardi-etablit-un-nouveau-temps-de-reference-de-lascension-du-mont-blanc\/"},"wordCount":533,"publisher":{"@id":"https:\/\/werocksport.com\/#organization"},"image":{"@id":"https:\/\/werocksport.com\/hillary-gerardi-etablit-un-nouveau-temps-de-reference-de-lascension-du-mont-blanc\/#primaryimage"},"thumbnailUrl":"https:\/\/werocksport.com\/wp-content\/uploads\/2023\/06\/tttt.png","keywords":["mont blanc"],"articleSection":["Aventure"],"inLanguage":"en-GB"},{"@type":"WebPage","@id":"https:\/\/werocksport.com\/hillary-gerardi-etablit-un-nouveau-temps-de-reference-de-lascension-du-mont-blanc\/","url":"https:\/\/werocksport.com\/hillary-gerardi-etablit-un-nouveau-temps-de-reference-de-lascension-du-mont-blanc\/","name":"Hillary Gerardi sets a new Mont Blanc ascent reference time - We Rock Sport","isPartOf":{"@id":"https:\/\/werocksport.com\/#website"},"primaryImageOfPage":{"@id":"https:\/\/werocksport.com\/hillary-gerardi-etablit-un-nouveau-temps-de-reference-de-lascension-du-mont-blanc\/#primaryimage"},"image":{"@id":"https:\/\/werocksport.com\/hillary-gerardi-etablit-un-nouveau-temps-de-reference-de-lascension-du-mont-blanc\/#primaryimage"},"thumbnailUrl":"https:\/\/werocksport.com\/wp-content\/uploads\/2023\/06\/tttt.png","datePublished":"2023-06-20T11:23:45+00:00","dateModified":"2023-06-20T11:27:57+00:00","breadcrumb":{"@id":"https:\/\/werocksport.com\/hillary-gerardi-etablit-un-nouveau-temps-de-reference-de-lascension-du-mont-blanc\/#breadcrumb"},"inLanguage":"en-GB","potentialAction":[{"@type":"ReadAction","target":["https:\/\/werocksport.com\/hillary-gerardi-etablit-un-nouveau-temps-de-reference-de-lascension-du-mont-blanc\/"]}]},{"@type":"ImageObject","inLanguage":"en-GB","@id":"https:\/\/werocksport.com\/hillary-gerardi-etablit-un-nouveau-temps-de-reference-de-lascension-du-mont-blanc\/#primaryimage","url":"https:\/\/werocksport.com\/wp-content\/uploads\/2023\/06\/tttt.png","contentUrl":"https:\/\/werocksport.com\/wp-content\/uploads\/2023\/06\/tttt.png","width":1365,"height":669},{"@type":"BreadcrumbList","@id":"https:\/\/werocksport.com\/hillary-gerardi-etablit-un-nouveau-temps-de-reference-de-lascension-du-mont-blanc\/#breadcrumb","itemListElement":[{"@type":"ListItem","position":1,"name":"Home","item":"https:\/\/werocksport.com\/"},{"@type":"ListItem","position":2,"name":"Hillary\u00a0Gerardi \u00e9tablit un nouveau temps de r\u00e9f\u00e9rence de l\u2019ascension du Mont Blanc"}]},{"@type":"WebSite","@id":"https:\/\/werocksport.com\/#website","url":"https:\/\/werocksport.com\/","name":"We Rock Sport","description":"100% outdoor media!","publisher":{"@id":"https:\/\/werocksport.com\/#organization"},"potentialAction":[{"@type":"SearchAction","target":{"@type":"EntryPoint","urlTemplate":"https:\/\/werocksport.com\/?s={search_term_string}"},"query-input":{"@type":"PropertyValueSpecification","valueRequired":true,"valueName":"search_term_string"}}],"inLanguage":"en-GB"},{"@type":"Organization","@id":"https:\/\/werocksport.com\/#organization","name":"We Rock Sport","url":"https:\/\/werocksport.com\/","logo":{"@type":"ImageObject","inLanguage":"en-GB","@id":"https:\/\/werocksport.com\/#\/schema\/logo\/image\/","url":"https:\/\/werocksport.com\/wp-content\/uploads\/2020\/12\/WRS-logo.png","contentUrl":"https:\/\/werocksport.com\/wp-content\/uploads\/2020\/12\/WRS-logo.png","width":136,"height":60,"caption":"We Rock Sport"},"image":{"@id":"https:\/\/werocksport.com\/#\/schema\/logo\/image\/"}},{"@type":"Person","@id":"https:\/\/werocksport.com\/#\/schema\/person\/fda0db71bd8f31705d1685623d7ec3d9","name":"vincent girard","image":{"@type":"ImageObject","inLanguage":"en-GB","@id":"https:\/\/secure.gravatar.com\/avatar\/d110edb058ac132daf0a052c59f3f137e4842586bc4e35431e2ca6e70a27b393?s=96&d=mm&r=g","url":"https:\/\/secure.gravatar.com\/avatar\/d110edb058ac132daf0a052c59f3f137e4842586bc4e35431e2ca6e70a27b393?s=96&d=mm&r=g","contentUrl":"https:\/\/secure.gravatar.com\/avatar\/d110edb058ac132daf0a052c59f3f137e4842586bc4e35431e2ca6e70a27b393?s=96&d=mm&r=g","caption":"vincent girard"}}]}},"jetpack_featured_media_url":"https:\/\/werocksport.com\/wp-content\/uploads\/2023\/06\/tttt.png","_links":{"self":[{"href":"https:\/\/werocksport.com\/en\/wp-json\/wp\/v2\/posts\/3990","targetHints":{"allow":["GET"]}}],"collection":[{"href":"https:\/\/werocksport.com\/en\/wp-json\/wp\/v2\/posts"}],"about":[{"href":"https:\/\/werocksport.com\/en\/wp-json\/wp\/v2\/types\/post"}],"author":[{"embeddable":true,"href":"https:\/\/werocksport.com\/en\/wp-json\/wp\/v2\/users\/11"}],"replies":[{"embeddable":true,"href":"https:\/\/werocksport.com\/en\/wp-json\/wp\/v2\/comments?post=3990"}],"version-history":[{"count":2,"href":"https:\/\/werocksport.com\/en\/wp-json\/wp\/v2\/posts\/3990\/revisions"}],"predecessor-version":[{"id":3999,"href":"https:\/\/werocksport.com\/en\/wp-json\/wp\/v2\/posts\/3990\/revisions\/3999"}],"wp:featuredmedia":[{"embeddable":true,"href":"https:\/\/werocksport.com\/en\/wp-json\/wp\/v2\/media\/4002"}],"wp:attachment":[{"href":"https:\/\/werocksport.com\/en\/wp-json\/wp\/v2\/media?parent=3990"}],"wp:term":[{"taxonomy":"category","embeddable":true,"href":"https:\/\/werocksport.com\/en\/wp-json\/wp\/v2\/categories?post=3990"},{"taxonomy":"post_tag","embeddable":true,"href":"https:\/\/werocksport.com\/en\/wp-json\/wp\/v2\/tags?post=3990"}],"curies":[{"name":"wp","href":"https:\/\/api.w.org\/{rel}","templated":true}]}}