{"id":3635,"date":"2023-03-31T09:00:00","date_gmt":"2023-03-31T07:00:00","guid":{"rendered":"https:\/\/werocksport.com\/?p=3635"},"modified":"2023-03-31T16:11:28","modified_gmt":"2023-03-31T14:11:28","slug":"le-nouveau-visage-de-lalpinisme-we-rock-sport-le-podcast-avec-benjamin-vedrines","status":"publish","type":"post","link":"https:\/\/werocksport.com\/en\/le-nouveau-visage-de-lalpinisme-we-rock-sport-le-podcast-avec-benjamin-vedrines\/","title":{"rendered":"The new face of mountaineering : We Rock Sport the podcast with benjamin v\u00e9drines"},"content":{"rendered":"<p><strong>In his thirties, the mountaineer Benjamin V\u00e9drines has already written his name on several pages of mountaineering history. After a record ascent in the Himalayas on Broad Peak and an opening in the Barre des \u00c9crins last year, the Alpine climber did it again this winter by climbing the Gousseault-Desmaison route on the north face of the Grandes Jorasses from the Chamonix valley in only 15 hours with his rope partner L\u00e9o Billon. This is mountaineering at full speed and a new minimalist and uncluttered style for ascents in total freedom...&nbsp;<\/strong><\/p>\n\n\n\n<p>Behind the great names of the past, there are still beautiful pages to write on the summits. If we thought that the conquest of the heights belonged to the last century, it is not so! The new generation of mountaineers, passionate, creative and ambitious, has its say! In his frantic race towards the summits, Benjamin V\u00e9drines gives us a new vision of mountaineering. An express conquest where technique, commitment and endurance are mixed, where the heart beats at 100 km\/h and where the head remains cool in front of the magnitude of the mountains.<\/p>\n\n\n\n<figure class=\"wp-block-embed is-type-rich is-provider-spotify wp-block-embed-spotify wp-embed-aspect-21-9 wp-has-aspect-ratio\"><div class=\"wp-block-embed__wrapper\">\n<iframe title=\"Spotify Embed: We Rock Sport, the podcast with Benjamin V\u00e9drines\" style=\"border-radius: 12px\" width=\"100%\" height=\"152\" frameborder=\"0\" allowfullscreen allow=\"autoplay; clipboard-write; encrypted-media; fullscreen; picture-in-picture\" loading=\"lazy\" src=\"https:\/\/open.spotify.com\/embed\/episode\/0IQZpvUD7luDX2SYtLQWeE?si=96e3e3f5132841b1&#038;utm_source=oembed\"><\/iframe>\n<\/div><\/figure>\n\n\n\n<iframe allow=\"autoplay *; encrypted-media *; fullscreen *; clipboard-write\" frameborder=\"0\" height=\"175\" style=\"width:100%;max-width:660px;overflow:hidden;border-radius:10px;\" sandbox=\"allow-forms allow-popups allow-same-origin allow-scripts allow-storage-access-by-user-activation allow-top-navigation-by-user-activation\" src=\"https:\/\/embed.podcasts.apple.com\/fr\/podcast\/we-rock-sport-le-podcast-avec-benjamin-v%C3%A9drines\/id1658567724?i=1000606760308\"><\/iframe>\n\n\n\n<p>Find also this episode on\u00a0<a href=\"https:\/\/deezer.page.link\/hFP33owSneQJy7mG6\" target=\"_blank\" rel=\"noreferrer noopener\">Deezer<\/a>\u00a0or\u00a0<a href=\"https:\/\/podcasts.google.com\/feed\/aHR0cHM6Ly9mZWVkcy5hY2FzdC5jb20vcHVibGljL3Nob3dzLzYxNzI3MTA2OTM1YWFkMDAxNDZhMWQyMg\/episode\/NjNkY2U0OGFiNzY3YTIwMDExNzk1NzAz?sa=X&amp;ved=0CAUQkfYCahcKEwjo6uzukpz9AhUAAAAAHQAAAAAQCg\" target=\"_blank\" rel=\"noreferrer noopener\">Google Podcasts<\/a>.\u00a0<\/p>","protected":false},"excerpt":{"rendered":"<p>Du haut de sa trentaine d\u2019ann\u00e9es, l\u2019alpiniste Benjamin V\u00e9drines a d\u00e9j\u00e0 inscrit son nom \u00e0 plusieurs pages de l\u2019histoire de l\u2019alpinisme. Apr\u00e8s un record d\u2019ascension en Himalaya sur le Broad Peak et une ouverture dans la Barre des \u00c9crins l\u2019an pass\u00e9, le haut-alpin a r\u00e9cidiv\u00e9 cet hiver en encha\u00eenant la voie Gousseault-Desmaison dans la face [&hellip;]<\/p>\n","protected":false},"author":12,"featured_media":3637,"comment_status":"closed","ping_status":"closed","sticky":false,"template":"","format":"standard","meta":{"footnotes":""},"categories":[345],"tags":[],"class_list":{"0":"post-3635","1":"post","2":"type-post","3":"status-publish","4":"format-standard","5":"has-post-thumbnail","7":"category-podcasts"},"yoast_head":"<!-- This site is optimized with the Yoast SEO plugin v27.2 - https:\/\/yoast.com\/product\/yoast-seo-wordpress\/ -->\n<title>Le nouveau visage de l\u2019alpinisme : We Rock Sport le podcast avec benjamin v\u00e9drines - We Rock Sport<\/title>\n<meta name=\"robots\" content=\"index, follow, max-snippet:-1, max-image-preview:large, max-video-preview:-1\" \/>\n<link rel=\"canonical\" href=\"https:\/\/werocksport.com\/en\/le-nouveau-visage-de-lalpinisme-we-rock-sport-le-podcast-avec-benjamin-vedrines\/\" \/>\n<meta property=\"og:locale\" content=\"en_GB\" \/>\n<meta property=\"og:type\" content=\"article\" \/>\n<meta property=\"og:title\" content=\"Le nouveau visage de l\u2019alpinisme : We Rock Sport le podcast avec benjamin v\u00e9drines - We Rock Sport\" \/>\n<meta property=\"og:description\" content=\"Du haut de sa trentaine d\u2019ann\u00e9es, l\u2019alpiniste Benjamin V\u00e9drines a d\u00e9j\u00e0 inscrit son nom \u00e0 plusieurs pages de l\u2019histoire de l\u2019alpinisme. Apr\u00e8s un record d\u2019ascension en Himalaya sur le Broad Peak et une ouverture dans la Barre des \u00c9crins l\u2019an pass\u00e9, le haut-alpin a r\u00e9cidiv\u00e9 cet hiver en encha\u00eenant la voie Gousseault-Desmaison dans la face [&hellip;]\" \/>\n<meta property=\"og:url\" content=\"https:\/\/werocksport.com\/en\/le-nouveau-visage-de-lalpinisme-we-rock-sport-le-podcast-avec-benjamin-vedrines\/\" \/>\n<meta property=\"og:site_name\" content=\"We Rock Sport\" \/>\n<meta property=\"article:published_time\" content=\"2023-03-31T07:00:00+00:00\" \/>\n<meta property=\"article:modified_time\" content=\"2023-03-31T14:11:28+00:00\" \/>\n<meta property=\"og:image\" content=\"https:\/\/werocksport.com\/wp-content\/uploads\/2023\/03\/WRS-podcast-19.jpg\" \/>\n\t<meta property=\"og:image:width\" content=\"1296\" \/>\n\t<meta property=\"og:image:height\" content=\"729\" \/>\n\t<meta property=\"og:image:type\" content=\"image\/jpeg\" \/>\n<meta name=\"author\" content=\"Emmanuel Morell\" \/>\n<meta name=\"twitter:card\" content=\"summary_large_image\" \/>\n<meta name=\"twitter:label1\" content=\"Written by\" \/>\n\t<meta name=\"twitter:data1\" content=\"Emmanuel Morell\" \/>\n\t<meta name=\"twitter:label2\" content=\"Estimated reading time\" \/>\n\t<meta name=\"twitter:data2\" content=\"2 minutes\" \/>\n<script type=\"application\/ld+json\" class=\"yoast-schema-graph\">{\"@context\":\"https:\/\/schema.org\",\"@graph\":[{\"@type\":\"Article\",\"@id\":\"https:\/\/werocksport.com\/le-nouveau-visage-de-lalpinisme-we-rock-sport-le-podcast-avec-benjamin-vedrines\/#article\",\"isPartOf\":{\"@id\":\"https:\/\/werocksport.com\/le-nouveau-visage-de-lalpinisme-we-rock-sport-le-podcast-avec-benjamin-vedrines\/\"},\"author\":{\"name\":\"Emmanuel Morell\",\"@id\":\"https:\/\/werocksport.com\/#\/schema\/person\/dd296d720f707d08adeaf8cb80afb9ec\"},\"headline\":\"Le nouveau visage de l\u2019alpinisme : We Rock Sport le podcast avec benjamin v\u00e9drines\",\"datePublished\":\"2023-03-31T07:00:00+00:00\",\"dateModified\":\"2023-03-31T14:11:28+00:00\",\"mainEntityOfPage\":{\"@id\":\"https:\/\/werocksport.com\/le-nouveau-visage-de-lalpinisme-we-rock-sport-le-podcast-avec-benjamin-vedrines\/\"},\"wordCount\":250,\"publisher\":{\"@id\":\"https:\/\/werocksport.com\/#organization\"},\"image\":{\"@id\":\"https:\/\/werocksport.com\/le-nouveau-visage-de-lalpinisme-we-rock-sport-le-podcast-avec-benjamin-vedrines\/#primaryimage\"},\"thumbnailUrl\":\"https:\/\/werocksport.com\/wp-content\/uploads\/2023\/03\/WRS-podcast-19.jpg\",\"articleSection\":[\"Podcasts\"],\"inLanguage\":\"en-GB\"},{\"@type\":\"WebPage\",\"@id\":\"https:\/\/werocksport.com\/le-nouveau-visage-de-lalpinisme-we-rock-sport-le-podcast-avec-benjamin-vedrines\/\",\"url\":\"https:\/\/werocksport.com\/le-nouveau-visage-de-lalpinisme-we-rock-sport-le-podcast-avec-benjamin-vedrines\/\",\"name\":\"Le nouveau visage de l\u2019alpinisme : We Rock Sport le podcast avec benjamin v\u00e9drines - We Rock Sport\",\"isPartOf\":{\"@id\":\"https:\/\/werocksport.com\/#website\"},\"primaryImageOfPage\":{\"@id\":\"https:\/\/werocksport.com\/le-nouveau-visage-de-lalpinisme-we-rock-sport-le-podcast-avec-benjamin-vedrines\/#primaryimage\"},\"image\":{\"@id\":\"https:\/\/werocksport.com\/le-nouveau-visage-de-lalpinisme-we-rock-sport-le-podcast-avec-benjamin-vedrines\/#primaryimage\"},\"thumbnailUrl\":\"https:\/\/werocksport.com\/wp-content\/uploads\/2023\/03\/WRS-podcast-19.jpg\",\"datePublished\":\"2023-03-31T07:00:00+00:00\",\"dateModified\":\"2023-03-31T14:11:28+00:00\",\"breadcrumb\":{\"@id\":\"https:\/\/werocksport.com\/le-nouveau-visage-de-lalpinisme-we-rock-sport-le-podcast-avec-benjamin-vedrines\/#breadcrumb\"},\"inLanguage\":\"en-GB\",\"potentialAction\":[{\"@type\":\"ReadAction\",\"target\":[\"https:\/\/werocksport.com\/le-nouveau-visage-de-lalpinisme-we-rock-sport-le-podcast-avec-benjamin-vedrines\/\"]}]},{\"@type\":\"ImageObject\",\"inLanguage\":\"en-GB\",\"@id\":\"https:\/\/werocksport.com\/le-nouveau-visage-de-lalpinisme-we-rock-sport-le-podcast-avec-benjamin-vedrines\/#primaryimage\",\"url\":\"https:\/\/werocksport.com\/wp-content\/uploads\/2023\/03\/WRS-podcast-19.jpg\",\"contentUrl\":\"https:\/\/werocksport.com\/wp-content\/uploads\/2023\/03\/WRS-podcast-19.jpg\",\"width\":1296,\"height\":729},{\"@type\":\"BreadcrumbList\",\"@id\":\"https:\/\/werocksport.com\/le-nouveau-visage-de-lalpinisme-we-rock-sport-le-podcast-avec-benjamin-vedrines\/#breadcrumb\",\"itemListElement\":[{\"@type\":\"ListItem\",\"position\":1,\"name\":\"Home\",\"item\":\"https:\/\/werocksport.com\/\"},{\"@type\":\"ListItem\",\"position\":2,\"name\":\"Le nouveau visage de l\u2019alpinisme : We Rock Sport le podcast avec benjamin v\u00e9drines\"}]},{\"@type\":\"WebSite\",\"@id\":\"https:\/\/werocksport.com\/#website\",\"url\":\"https:\/\/werocksport.com\/\",\"name\":\"We Rock Sport\",\"description\":\"le m\u00e9dia 100% outdoor !\",\"publisher\":{\"@id\":\"https:\/\/werocksport.com\/#organization\"},\"potentialAction\":[{\"@type\":\"SearchAction\",\"target\":{\"@type\":\"EntryPoint\",\"urlTemplate\":\"https:\/\/werocksport.com\/?s={search_term_string}\"},\"query-input\":{\"@type\":\"PropertyValueSpecification\",\"valueRequired\":true,\"valueName\":\"search_term_string\"}}],\"inLanguage\":\"en-GB\"},{\"@type\":\"Organization\",\"@id\":\"https:\/\/werocksport.com\/#organization\",\"name\":\"We Rock Sport\",\"url\":\"https:\/\/werocksport.com\/\",\"logo\":{\"@type\":\"ImageObject\",\"inLanguage\":\"en-GB\",\"@id\":\"https:\/\/werocksport.com\/#\/schema\/logo\/image\/\",\"url\":\"https:\/\/werocksport.com\/wp-content\/uploads\/2020\/12\/WRS-logo.png\",\"contentUrl\":\"https:\/\/werocksport.com\/wp-content\/uploads\/2020\/12\/WRS-logo.png\",\"width\":136,\"height\":60,\"caption\":\"We Rock Sport\"},\"image\":{\"@id\":\"https:\/\/werocksport.com\/#\/schema\/logo\/image\/\"}},{\"@type\":\"Person\",\"@id\":\"https:\/\/werocksport.com\/#\/schema\/person\/dd296d720f707d08adeaf8cb80afb9ec\",\"name\":\"Emmanuel Morell\",\"image\":{\"@type\":\"ImageObject\",\"inLanguage\":\"en-GB\",\"@id\":\"https:\/\/secure.gravatar.com\/avatar\/de044757faaba64b0534f56a73332e8dea9b4e61cea3c751cba5b277b625215e?s=96&d=mm&r=g\",\"url\":\"https:\/\/secure.gravatar.com\/avatar\/de044757faaba64b0534f56a73332e8dea9b4e61cea3c751cba5b277b625215e?s=96&d=mm&r=g\",\"contentUrl\":\"https:\/\/secure.gravatar.com\/avatar\/de044757faaba64b0534f56a73332e8dea9b4e61cea3c751cba5b277b625215e?s=96&d=mm&r=g\",\"caption\":\"Emmanuel Morell\"}}]}<\/script>\n<!-- \/ Yoast SEO plugin. -->","yoast_head_json":{"title":"The new face of mountaineering : We Rock Sport the podcast with benjamin v\u00e9drines - We Rock Sport","robots":{"index":"index","follow":"follow","max-snippet":"max-snippet:-1","max-image-preview":"max-image-preview:large","max-video-preview":"max-video-preview:-1"},"canonical":"https:\/\/werocksport.com\/en\/le-nouveau-visage-de-lalpinisme-we-rock-sport-le-podcast-avec-benjamin-vedrines\/","og_locale":"en_GB","og_type":"article","og_title":"Le nouveau visage de l\u2019alpinisme : We Rock Sport le podcast avec benjamin v\u00e9drines - We Rock Sport","og_description":"Du haut de sa trentaine d\u2019ann\u00e9es, l\u2019alpiniste Benjamin V\u00e9drines a d\u00e9j\u00e0 inscrit son nom \u00e0 plusieurs pages de l\u2019histoire de l\u2019alpinisme. Apr\u00e8s un record d\u2019ascension en Himalaya sur le Broad Peak et une ouverture dans la Barre des \u00c9crins l\u2019an pass\u00e9, le haut-alpin a r\u00e9cidiv\u00e9 cet hiver en encha\u00eenant la voie Gousseault-Desmaison dans la face [&hellip;]","og_url":"https:\/\/werocksport.com\/en\/le-nouveau-visage-de-lalpinisme-we-rock-sport-le-podcast-avec-benjamin-vedrines\/","og_site_name":"We Rock Sport","article_published_time":"2023-03-31T07:00:00+00:00","article_modified_time":"2023-03-31T14:11:28+00:00","og_image":[{"width":1296,"height":729,"url":"https:\/\/werocksport.com\/wp-content\/uploads\/2023\/03\/WRS-podcast-19.jpg","type":"image\/jpeg"}],"author":"Emmanuel Morell","twitter_card":"summary_large_image","twitter_misc":{"Written by":"Emmanuel Morell","Estimated reading time":"2 minutes"},"schema":{"@context":"https:\/\/schema.org","@graph":[{"@type":"Article","@id":"https:\/\/werocksport.com\/le-nouveau-visage-de-lalpinisme-we-rock-sport-le-podcast-avec-benjamin-vedrines\/#article","isPartOf":{"@id":"https:\/\/werocksport.com\/le-nouveau-visage-de-lalpinisme-we-rock-sport-le-podcast-avec-benjamin-vedrines\/"},"author":{"name":"Emmanuel Morell","@id":"https:\/\/werocksport.com\/#\/schema\/person\/dd296d720f707d08adeaf8cb80afb9ec"},"headline":"Le nouveau visage de l\u2019alpinisme : We Rock Sport le podcast avec benjamin v\u00e9drines","datePublished":"2023-03-31T07:00:00+00:00","dateModified":"2023-03-31T14:11:28+00:00","mainEntityOfPage":{"@id":"https:\/\/werocksport.com\/le-nouveau-visage-de-lalpinisme-we-rock-sport-le-podcast-avec-benjamin-vedrines\/"},"wordCount":250,"publisher":{"@id":"https:\/\/werocksport.com\/#organization"},"image":{"@id":"https:\/\/werocksport.com\/le-nouveau-visage-de-lalpinisme-we-rock-sport-le-podcast-avec-benjamin-vedrines\/#primaryimage"},"thumbnailUrl":"https:\/\/werocksport.com\/wp-content\/uploads\/2023\/03\/WRS-podcast-19.jpg","articleSection":["Podcasts"],"inLanguage":"en-GB"},{"@type":"WebPage","@id":"https:\/\/werocksport.com\/le-nouveau-visage-de-lalpinisme-we-rock-sport-le-podcast-avec-benjamin-vedrines\/","url":"https:\/\/werocksport.com\/le-nouveau-visage-de-lalpinisme-we-rock-sport-le-podcast-avec-benjamin-vedrines\/","name":"The new face of mountaineering : We Rock Sport the podcast with benjamin v\u00e9drines - We Rock Sport","isPartOf":{"@id":"https:\/\/werocksport.com\/#website"},"primaryImageOfPage":{"@id":"https:\/\/werocksport.com\/le-nouveau-visage-de-lalpinisme-we-rock-sport-le-podcast-avec-benjamin-vedrines\/#primaryimage"},"image":{"@id":"https:\/\/werocksport.com\/le-nouveau-visage-de-lalpinisme-we-rock-sport-le-podcast-avec-benjamin-vedrines\/#primaryimage"},"thumbnailUrl":"https:\/\/werocksport.com\/wp-content\/uploads\/2023\/03\/WRS-podcast-19.jpg","datePublished":"2023-03-31T07:00:00+00:00","dateModified":"2023-03-31T14:11:28+00:00","breadcrumb":{"@id":"https:\/\/werocksport.com\/le-nouveau-visage-de-lalpinisme-we-rock-sport-le-podcast-avec-benjamin-vedrines\/#breadcrumb"},"inLanguage":"en-GB","potentialAction":[{"@type":"ReadAction","target":["https:\/\/werocksport.com\/le-nouveau-visage-de-lalpinisme-we-rock-sport-le-podcast-avec-benjamin-vedrines\/"]}]},{"@type":"ImageObject","inLanguage":"en-GB","@id":"https:\/\/werocksport.com\/le-nouveau-visage-de-lalpinisme-we-rock-sport-le-podcast-avec-benjamin-vedrines\/#primaryimage","url":"https:\/\/werocksport.com\/wp-content\/uploads\/2023\/03\/WRS-podcast-19.jpg","contentUrl":"https:\/\/werocksport.com\/wp-content\/uploads\/2023\/03\/WRS-podcast-19.jpg","width":1296,"height":729},{"@type":"BreadcrumbList","@id":"https:\/\/werocksport.com\/le-nouveau-visage-de-lalpinisme-we-rock-sport-le-podcast-avec-benjamin-vedrines\/#breadcrumb","itemListElement":[{"@type":"ListItem","position":1,"name":"Home","item":"https:\/\/werocksport.com\/"},{"@type":"ListItem","position":2,"name":"Le nouveau visage de l\u2019alpinisme : We Rock Sport le podcast avec benjamin v\u00e9drines"}]},{"@type":"WebSite","@id":"https:\/\/werocksport.com\/#website","url":"https:\/\/werocksport.com\/","name":"We Rock Sport","description":"100% outdoor media!","publisher":{"@id":"https:\/\/werocksport.com\/#organization"},"potentialAction":[{"@type":"SearchAction","target":{"@type":"EntryPoint","urlTemplate":"https:\/\/werocksport.com\/?s={search_term_string}"},"query-input":{"@type":"PropertyValueSpecification","valueRequired":true,"valueName":"search_term_string"}}],"inLanguage":"en-GB"},{"@type":"Organization","@id":"https:\/\/werocksport.com\/#organization","name":"We Rock Sport","url":"https:\/\/werocksport.com\/","logo":{"@type":"ImageObject","inLanguage":"en-GB","@id":"https:\/\/werocksport.com\/#\/schema\/logo\/image\/","url":"https:\/\/werocksport.com\/wp-content\/uploads\/2020\/12\/WRS-logo.png","contentUrl":"https:\/\/werocksport.com\/wp-content\/uploads\/2020\/12\/WRS-logo.png","width":136,"height":60,"caption":"We Rock Sport"},"image":{"@id":"https:\/\/werocksport.com\/#\/schema\/logo\/image\/"}},{"@type":"Person","@id":"https:\/\/werocksport.com\/#\/schema\/person\/dd296d720f707d08adeaf8cb80afb9ec","name":"Emmanuel Morell","image":{"@type":"ImageObject","inLanguage":"en-GB","@id":"https:\/\/secure.gravatar.com\/avatar\/de044757faaba64b0534f56a73332e8dea9b4e61cea3c751cba5b277b625215e?s=96&d=mm&r=g","url":"https:\/\/secure.gravatar.com\/avatar\/de044757faaba64b0534f56a73332e8dea9b4e61cea3c751cba5b277b625215e?s=96&d=mm&r=g","contentUrl":"https:\/\/secure.gravatar.com\/avatar\/de044757faaba64b0534f56a73332e8dea9b4e61cea3c751cba5b277b625215e?s=96&d=mm&r=g","caption":"Emmanuel Morell"}}]}},"jetpack_featured_media_url":"https:\/\/werocksport.com\/wp-content\/uploads\/2023\/03\/WRS-podcast-19.jpg","_links":{"self":[{"href":"https:\/\/werocksport.com\/en\/wp-json\/wp\/v2\/posts\/3635","targetHints":{"allow":["GET"]}}],"collection":[{"href":"https:\/\/werocksport.com\/en\/wp-json\/wp\/v2\/posts"}],"about":[{"href":"https:\/\/werocksport.com\/en\/wp-json\/wp\/v2\/types\/post"}],"author":[{"embeddable":true,"href":"https:\/\/werocksport.com\/en\/wp-json\/wp\/v2\/users\/12"}],"replies":[{"embeddable":true,"href":"https:\/\/werocksport.com\/en\/wp-json\/wp\/v2\/comments?post=3635"}],"version-history":[{"count":2,"href":"https:\/\/werocksport.com\/en\/wp-json\/wp\/v2\/posts\/3635\/revisions"}],"predecessor-version":[{"id":3638,"href":"https:\/\/werocksport.com\/en\/wp-json\/wp\/v2\/posts\/3635\/revisions\/3638"}],"wp:featuredmedia":[{"embeddable":true,"href":"https:\/\/werocksport.com\/en\/wp-json\/wp\/v2\/media\/3637"}],"wp:attachment":[{"href":"https:\/\/werocksport.com\/en\/wp-json\/wp\/v2\/media?parent=3635"}],"wp:term":[{"taxonomy":"category","embeddable":true,"href":"https:\/\/werocksport.com\/en\/wp-json\/wp\/v2\/categories?post=3635"},{"taxonomy":"post_tag","embeddable":true,"href":"https:\/\/werocksport.com\/en\/wp-json\/wp\/v2\/tags?post=3635"}],"curies":[{"name":"wp","href":"https:\/\/api.w.org\/{rel}","templated":true}]}}