{"id":2640,"date":"2022-11-01T08:53:00","date_gmt":"2022-11-01T07:53:00","guid":{"rendered":"https:\/\/werocksport.com\/?p=2640"},"modified":"2022-10-31T07:23:10","modified_gmt":"2022-10-31T06:23:10","slug":"festival-femmes-en-montagne-quand-les-sommets-se-conjuguent-au-feminin","status":"publish","type":"post","link":"https:\/\/werocksport.com\/en\/festival-femmes-en-montagne-quand-les-sommets-se-conjuguent-au-feminin\/","title":{"rendered":"Women in the Mountains Festival : When the summits are conjugated in the feminine"},"content":{"rendered":"<p><strong>From November 9th to 13th, the Femmes en Montagne film festival will welcome the public for 5 days of film screenings in Annecy and Talloires.<\/strong><\/p>\n\n\n\n<p>28 films selected from the 80 applicants will be shown over seven screenings in Annecy and Talloires for the Festival Femmes en Montagne 2022. A packed program featuring independent films and shorts retracing the adventures and journeys of inspiring women in the mountains. New for this fourth edition, a base camp has been set up in the heart of Annecy, with video workshops and meetings.<\/p>\n\n\n\n<figure class=\"wp-block-embed is-type-video is-provider-youtube wp-block-embed-youtube wp-embed-aspect-16-9 wp-has-aspect-ratio\"><div class=\"wp-block-embed__wrapper\">\n<iframe loading=\"lazy\" title=\"Teaser of the Women in the Mountains 2022 film festival\" width=\"1170\" height=\"658\" src=\"https:\/\/www.youtube.com\/embed\/UNP7lW_HQNU?feature=oembed&#038;enablejsapi=1&#038;origin=https:\/\/werocksport.com\" frameborder=\"0\" allow=\"accelerometer; autoplay; clipboard-write; encrypted-media; gyroscope; picture-in-picture\" allowfullscreen><\/iframe>\n<\/div><\/figure>\n\n\n\n<p>You can still register on the festival website at <a href=\"https:\/\/femmesenmontagne.com\/\">this address<\/a> to attend one of the screenings on the program (5 euros per screening, 50 euros for the 7 screenings pass, 25 euros for the digital pass). Among the screenings of this 2022 edition, we will note in particular :&nbsp;<\/p>\n\n\n\n<p>Neve Corsa:<\/p>\n\n\n\n<p>This short film is the story of No\u00e9mie Equy, Thalie Larochaix and Art Simondetti's trip to Corsica last winter. Between life in a van, searching for snow, freeriding and splitboarding, it's a memorable roadtrip where they combine vanlife with their passion. It's also a tribute to the person who passed on their love of snowboarding.<\/p>\n\n\n\n<figure class=\"wp-block-embed is-type-video is-provider-youtube wp-block-embed-youtube wp-embed-aspect-16-9 wp-has-aspect-ratio\"><div class=\"wp-block-embed__wrapper\">\n<iframe loading=\"lazy\" title=\"Teaser Neve Corsa\" width=\"1170\" height=\"658\" src=\"https:\/\/www.youtube.com\/embed\/1cMt5Fneoss?feature=oembed&#038;enablejsapi=1&#038;origin=https:\/\/werocksport.com\" frameborder=\"0\" allow=\"accelerometer; autoplay; clipboard-write; encrypted-media; gyroscope; picture-in-picture\" allowfullscreen><\/iframe>\n<\/div><\/figure>\n\n\n\n<p>4000m beyond the pain<\/p>\n\n\n\n<p>The ascent of the D\u00f4me des \u00e9crins with psychically handicapped persons The mountain is a formidable therapeutic mediation. It allows to reach an awareness of oneself and one's body. It reactivates an identity process, the feeling of existing, of having a place. It is a \"re-connection\" to the sensation of pleasure and to the sensation of desire. Access to walking and climbing reactivates the primary sensory processes and allows sufficient support for the patient to access individuation. It is a means of accessing feelings, physical sensations, self-awareness \/ development of the psychic evening. The operation \"4000 meters beyond the evils\" proves that each one can go to the end of its dreams. With 11 months of physical and mental preparation, it presents another image of psychiatry and its patients. It promotes solidarity between people with disabilities and able-bodied people.<\/p>\n\n\n\n<figure class=\"wp-block-embed is-type-video is-provider-youtube wp-block-embed-youtube wp-embed-aspect-16-9 wp-has-aspect-ratio\"><div class=\"wp-block-embed__wrapper\">\n<iframe loading=\"lazy\" title=\"Teaser - 4000m beyond the pain\" width=\"1170\" height=\"658\" src=\"https:\/\/www.youtube.com\/embed\/aXvaa4xuouI?feature=oembed&#038;enablejsapi=1&#038;origin=https:\/\/werocksport.com\" frameborder=\"0\" allow=\"accelerometer; autoplay; clipboard-write; encrypted-media; gyroscope; picture-in-picture\" allowfullscreen><\/iframe>\n<\/div><\/figure>\n\n\n\n<p>The Wall - Climb for Gold&nbsp;<\/p>\n\n\n\n<p>The Wall - Climb for Gold follows four top climbers, Janja Garnbret, Shauna Coxsey, Brooke Raboutou and Miho Nonaka, over the course of two extraordinary years. They battle through Olympic qualifying events to earn their place in Tokyo, facing a grueling season of competition and training before everything is put on hold when the Covid-19 pandemic forces the Games to be postponed. As the young women face their own mental and physical demons en route to Tokyo, the film reveals a stunning and inspiring insight into what it takes to be an Olympian and, ultimately, what it means to be human.<\/p>\n\n\n\n<figure class=\"wp-block-embed is-type-video is-provider-youtube wp-block-embed-youtube wp-embed-aspect-16-9 wp-has-aspect-ratio\"><div class=\"wp-block-embed__wrapper\">\n<iframe loading=\"lazy\" title=\"THE WALL - CLIMB FOR GOLD (TRAILER)\" width=\"1170\" height=\"658\" src=\"https:\/\/www.youtube.com\/embed\/nnryzpwwgVA?feature=oembed&#038;enablejsapi=1&#038;origin=https:\/\/werocksport.com\" frameborder=\"0\" allow=\"accelerometer; autoplay; clipboard-write; encrypted-media; gyroscope; picture-in-picture\" allowfullscreen><\/iframe>\n<\/div><\/figure>\n\n\n\n<p>Climbing Iran<\/p>\n\n\n\n<p>Nasim is a free climber, the only woman capable of opening up new routes in Iran. She faces a double mountain to climb, both physical and cultural, as her passion clashes with strict policies on women's freedom in her country.<\/p>\n\n\n\n<figure class=\"wp-block-embed is-type-video is-provider-youtube wp-block-embed-youtube wp-embed-aspect-16-9 wp-has-aspect-ratio\"><div class=\"wp-block-embed__wrapper\">\n<iframe loading=\"lazy\" title=\"&quot;Climbing Iran&quot; by Francesca Borghetti (Trailer) - Cineffable 2021\" width=\"1170\" height=\"658\" src=\"https:\/\/www.youtube.com\/embed\/xAO_-bMJliE?feature=oembed&#038;enablejsapi=1&#038;origin=https:\/\/werocksport.com\" frameborder=\"0\" allow=\"accelerometer; autoplay; clipboard-write; encrypted-media; gyroscope; picture-in-picture\" allowfullscreen><\/iframe>\n<\/div><\/figure>\n\n\n\n<p>Pasang: In the Shadow of Everest<\/p>\n\n\n\n<p>Transcending cultural barriers and constantly going against the grain, Nepalese mountaineer Pasang Lhamu Sherpa attempted to reach Everest four times in the early 1990s. Despite not being allowed to go to school as a child, Pasang continued to believe in her dreams. After setting up her own trekking business in Kathmandu, she paved the way for Nepalese women by attempting to climb Everest. Proving that you can go far to realize your dreams, she left a legacy not only to the family she left behind, but also to the countless women who follow in her footsteps.<\/p>\n\n\n\n<figure class=\"wp-block-embed is-type-video is-provider-youtube wp-block-embed-youtube wp-embed-aspect-16-9 wp-has-aspect-ratio\"><div class=\"wp-block-embed__wrapper\">\n<iframe loading=\"lazy\" title=\"SBIFF Trailer - Pasang: In the Shadow of Everest\" width=\"1170\" height=\"658\" src=\"https:\/\/www.youtube.com\/embed\/n7HNRz1gwMY?feature=oembed&#038;enablejsapi=1&#038;origin=https:\/\/werocksport.com\" frameborder=\"0\" allow=\"accelerometer; autoplay; clipboard-write; encrypted-media; gyroscope; picture-in-picture\" allowfullscreen><\/iframe>\n<\/div><\/figure>\n\n\n\n<p>Wild Waters&nbsp;<\/p>\n\n\n\n<p>From Olympic pools to wild rivers to world championship podiums, discover the incredible destiny of Nouria Newman, the most gifted kayaker of her generation.<\/p>\n\n\n\n<figure class=\"wp-block-embed is-type-video is-provider-youtube wp-block-embed-youtube wp-embed-aspect-16-9 wp-has-aspect-ratio\"><div class=\"wp-block-embed__wrapper\">\n<iframe loading=\"lazy\" title=\"WILD WATERS - The fate of Nouria Newman\" width=\"1170\" height=\"658\" src=\"https:\/\/www.youtube.com\/embed\/kAdWv9zYPB4?feature=oembed&#038;enablejsapi=1&#038;origin=https:\/\/werocksport.com\" frameborder=\"0\" allow=\"accelerometer; autoplay; clipboard-write; encrypted-media; gyroscope; picture-in-picture\" allowfullscreen><\/iframe>\n<\/div><\/figure>\n\n\n\n<p>More than a route<\/p>\n\n\n\n<p>Abandon old habits, discover new paths\". The documentary \"More than a route - A climbers journey to a new mindset\" accompanies ecologist and top climber Lena M\u00fcller on her Tour- Ecopoint. She cycled 350 km and 5100 m of ascent to climb two dream routes. Giving up the car becomes an extremely enriching experience: \"Time, space, people, everything becomes important\".<\/p>\n\n\n\n<figure class=\"wp-block-embed is-type-video is-provider-youtube wp-block-embed-youtube wp-embed-aspect-16-9 wp-has-aspect-ratio\"><div class=\"wp-block-embed__wrapper\">\n<iframe loading=\"lazy\" title=\"Trailer - MORE THAN A ROUTE | ORTOVOX\" width=\"1170\" height=\"658\" src=\"https:\/\/www.youtube.com\/embed\/oJ_OK2dLlOo?feature=oembed&#038;enablejsapi=1&#038;origin=https:\/\/werocksport.com\" frameborder=\"0\" allow=\"accelerometer; autoplay; clipboard-write; encrypted-media; gyroscope; picture-in-picture\" allowfullscreen><\/iframe>\n<\/div><\/figure>\n\n\n\n<p>Ascending Afghanistan: Women Rising<\/p>\n\n\n\n<p>A poignant documentary account of a group of Afghan women with a passion for mountaineering who brave the prohibitions of their society to live their dream and prove their worth to the world of men. Awarded the Special Jury Prize at the Banff Mountain film festival (Canada) in 2018, a terrifying but hopeful dive into a society where patriarchy and religion sometimes lead to the worst atrocities<\/p>\n\n\n\n<figure class=\"wp-block-embed is-type-video is-provider-youtube wp-block-embed-youtube wp-embed-aspect-16-9 wp-has-aspect-ratio\"><div class=\"wp-block-embed__wrapper\">\n<iframe loading=\"lazy\" title=\"UMFF219_\uc544\ud504\uac00\ub2c8\uc2a4\ud0c4\uc744 \uc624\ub974\ub2e4: \uc5ec\uc131\uc758 \uc678\uce68 Ascending Afghanistan: Women Rising\" width=\"1170\" height=\"658\" src=\"https:\/\/www.youtube.com\/embed\/tEenrzQB5Vg?feature=oembed&#038;enablejsapi=1&#038;origin=https:\/\/werocksport.com\" frameborder=\"0\" allow=\"accelerometer; autoplay; clipboard-write; encrypted-media; gyroscope; picture-in-picture\" allowfullscreen><\/iframe>\n<\/div><\/figure>","protected":false},"excerpt":{"rendered":"<p>Du 9 au 13 novembre prochain, le festival de films Femmes en Montagne accueillera le public pour 5 jours de projections de films \u00e0 Annecy et Talloires. 28 films s\u00e9lectionn\u00e9s parmi les 80 qui ont candidat\u00e9 seront diffus\u00e9s au cours de sept projections \u00e0 Annecy et Talloires pour le Festival Femmes en Montagne 2022. Un [&hellip;]<\/p>\n","protected":false},"author":12,"featured_media":2641,"comment_status":"closed","ping_status":"closed","sticky":false,"template":"","format":"standard","meta":{"footnotes":""},"categories":[99],"tags":[],"class_list":{"0":"post-2640","1":"post","2":"type-post","3":"status-publish","4":"format-standard","5":"has-post-thumbnail","7":"category-culture"},"yoast_head":"<!-- This site is optimized with the Yoast SEO plugin v27.2 - https:\/\/yoast.com\/product\/yoast-seo-wordpress\/ -->\n<title>Festival Femmes en Montagne : Quand les sommets se conjuguent au f\u00e9minin - We Rock Sport<\/title>\n<meta name=\"robots\" content=\"index, follow, max-snippet:-1, max-image-preview:large, max-video-preview:-1\" \/>\n<link rel=\"canonical\" href=\"https:\/\/werocksport.com\/en\/festival-femmes-en-montagne-quand-les-sommets-se-conjuguent-au-feminin\/\" \/>\n<meta property=\"og:locale\" content=\"en_GB\" \/>\n<meta property=\"og:type\" content=\"article\" \/>\n<meta property=\"og:title\" content=\"Festival Femmes en Montagne : Quand les sommets se conjuguent au f\u00e9minin - We Rock Sport\" \/>\n<meta property=\"og:description\" content=\"Du 9 au 13 novembre prochain, le festival de films Femmes en Montagne accueillera le public pour 5 jours de projections de films \u00e0 Annecy et Talloires. 28 films s\u00e9lectionn\u00e9s parmi les 80 qui ont candidat\u00e9 seront diffus\u00e9s au cours de sept projections \u00e0 Annecy et Talloires pour le Festival Femmes en Montagne 2022. Un [&hellip;]\" \/>\n<meta property=\"og:url\" content=\"https:\/\/werocksport.com\/en\/festival-femmes-en-montagne-quand-les-sommets-se-conjuguent-au-feminin\/\" \/>\n<meta property=\"og:site_name\" content=\"We Rock Sport\" \/>\n<meta property=\"article:published_time\" content=\"2022-11-01T07:53:00+00:00\" \/>\n<meta property=\"og:image\" content=\"https:\/\/werocksport.com\/wp-content\/uploads\/2022\/10\/Image-de-une-Credit-M.Jacques.jpg\" \/>\n\t<meta property=\"og:image:width\" content=\"1080\" \/>\n\t<meta property=\"og:image:height\" content=\"720\" \/>\n\t<meta property=\"og:image:type\" content=\"image\/jpeg\" \/>\n<meta name=\"author\" content=\"Emmanuel Morell\" \/>\n<meta name=\"twitter:card\" content=\"summary_large_image\" \/>\n<meta name=\"twitter:label1\" content=\"Written by\" \/>\n\t<meta name=\"twitter:data1\" content=\"Emmanuel Morell\" \/>\n\t<meta name=\"twitter:label2\" content=\"Estimated reading time\" \/>\n\t<meta name=\"twitter:data2\" content=\"5 minutes\" \/>\n<script type=\"application\/ld+json\" class=\"yoast-schema-graph\">{\"@context\":\"https:\/\/schema.org\",\"@graph\":[{\"@type\":\"Article\",\"@id\":\"https:\/\/werocksport.com\/festival-femmes-en-montagne-quand-les-sommets-se-conjuguent-au-feminin\/#article\",\"isPartOf\":{\"@id\":\"https:\/\/werocksport.com\/festival-femmes-en-montagne-quand-les-sommets-se-conjuguent-au-feminin\/\"},\"author\":{\"name\":\"Emmanuel Morell\",\"@id\":\"https:\/\/werocksport.com\/#\/schema\/person\/dd296d720f707d08adeaf8cb80afb9ec\"},\"headline\":\"Festival Femmes en Montagne : Quand les sommets se conjuguent au f\u00e9minin\",\"datePublished\":\"2022-11-01T07:53:00+00:00\",\"mainEntityOfPage\":{\"@id\":\"https:\/\/werocksport.com\/festival-femmes-en-montagne-quand-les-sommets-se-conjuguent-au-feminin\/\"},\"wordCount\":947,\"publisher\":{\"@id\":\"https:\/\/werocksport.com\/#organization\"},\"image\":{\"@id\":\"https:\/\/werocksport.com\/festival-femmes-en-montagne-quand-les-sommets-se-conjuguent-au-feminin\/#primaryimage\"},\"thumbnailUrl\":\"https:\/\/werocksport.com\/wp-content\/uploads\/2022\/10\/Image-de-une-Credit-M.Jacques.jpg\",\"articleSection\":[\"Culture\"],\"inLanguage\":\"en-GB\"},{\"@type\":\"WebPage\",\"@id\":\"https:\/\/werocksport.com\/festival-femmes-en-montagne-quand-les-sommets-se-conjuguent-au-feminin\/\",\"url\":\"https:\/\/werocksport.com\/festival-femmes-en-montagne-quand-les-sommets-se-conjuguent-au-feminin\/\",\"name\":\"Festival Femmes en Montagne : Quand les sommets se conjuguent au f\u00e9minin - We Rock Sport\",\"isPartOf\":{\"@id\":\"https:\/\/werocksport.com\/#website\"},\"primaryImageOfPage\":{\"@id\":\"https:\/\/werocksport.com\/festival-femmes-en-montagne-quand-les-sommets-se-conjuguent-au-feminin\/#primaryimage\"},\"image\":{\"@id\":\"https:\/\/werocksport.com\/festival-femmes-en-montagne-quand-les-sommets-se-conjuguent-au-feminin\/#primaryimage\"},\"thumbnailUrl\":\"https:\/\/werocksport.com\/wp-content\/uploads\/2022\/10\/Image-de-une-Credit-M.Jacques.jpg\",\"datePublished\":\"2022-11-01T07:53:00+00:00\",\"breadcrumb\":{\"@id\":\"https:\/\/werocksport.com\/festival-femmes-en-montagne-quand-les-sommets-se-conjuguent-au-feminin\/#breadcrumb\"},\"inLanguage\":\"en-GB\",\"potentialAction\":[{\"@type\":\"ReadAction\",\"target\":[\"https:\/\/werocksport.com\/festival-femmes-en-montagne-quand-les-sommets-se-conjuguent-au-feminin\/\"]}]},{\"@type\":\"ImageObject\",\"inLanguage\":\"en-GB\",\"@id\":\"https:\/\/werocksport.com\/festival-femmes-en-montagne-quand-les-sommets-se-conjuguent-au-feminin\/#primaryimage\",\"url\":\"https:\/\/werocksport.com\/wp-content\/uploads\/2022\/10\/Image-de-une-Credit-M.Jacques.jpg\",\"contentUrl\":\"https:\/\/werocksport.com\/wp-content\/uploads\/2022\/10\/Image-de-une-Credit-M.Jacques.jpg\",\"width\":1080,\"height\":720},{\"@type\":\"BreadcrumbList\",\"@id\":\"https:\/\/werocksport.com\/festival-femmes-en-montagne-quand-les-sommets-se-conjuguent-au-feminin\/#breadcrumb\",\"itemListElement\":[{\"@type\":\"ListItem\",\"position\":1,\"name\":\"Home\",\"item\":\"https:\/\/werocksport.com\/\"},{\"@type\":\"ListItem\",\"position\":2,\"name\":\"Festival Femmes en Montagne : Quand les sommets se conjuguent au f\u00e9minin\"}]},{\"@type\":\"WebSite\",\"@id\":\"https:\/\/werocksport.com\/#website\",\"url\":\"https:\/\/werocksport.com\/\",\"name\":\"We Rock Sport\",\"description\":\"le m\u00e9dia 100% outdoor !\",\"publisher\":{\"@id\":\"https:\/\/werocksport.com\/#organization\"},\"potentialAction\":[{\"@type\":\"SearchAction\",\"target\":{\"@type\":\"EntryPoint\",\"urlTemplate\":\"https:\/\/werocksport.com\/?s={search_term_string}\"},\"query-input\":{\"@type\":\"PropertyValueSpecification\",\"valueRequired\":true,\"valueName\":\"search_term_string\"}}],\"inLanguage\":\"en-GB\"},{\"@type\":\"Organization\",\"@id\":\"https:\/\/werocksport.com\/#organization\",\"name\":\"We Rock Sport\",\"url\":\"https:\/\/werocksport.com\/\",\"logo\":{\"@type\":\"ImageObject\",\"inLanguage\":\"en-GB\",\"@id\":\"https:\/\/werocksport.com\/#\/schema\/logo\/image\/\",\"url\":\"https:\/\/werocksport.com\/wp-content\/uploads\/2020\/12\/WRS-logo.png\",\"contentUrl\":\"https:\/\/werocksport.com\/wp-content\/uploads\/2020\/12\/WRS-logo.png\",\"width\":136,\"height\":60,\"caption\":\"We Rock Sport\"},\"image\":{\"@id\":\"https:\/\/werocksport.com\/#\/schema\/logo\/image\/\"}},{\"@type\":\"Person\",\"@id\":\"https:\/\/werocksport.com\/#\/schema\/person\/dd296d720f707d08adeaf8cb80afb9ec\",\"name\":\"Emmanuel Morell\",\"image\":{\"@type\":\"ImageObject\",\"inLanguage\":\"en-GB\",\"@id\":\"https:\/\/secure.gravatar.com\/avatar\/de044757faaba64b0534f56a73332e8dea9b4e61cea3c751cba5b277b625215e?s=96&d=mm&r=g\",\"url\":\"https:\/\/secure.gravatar.com\/avatar\/de044757faaba64b0534f56a73332e8dea9b4e61cea3c751cba5b277b625215e?s=96&d=mm&r=g\",\"contentUrl\":\"https:\/\/secure.gravatar.com\/avatar\/de044757faaba64b0534f56a73332e8dea9b4e61cea3c751cba5b277b625215e?s=96&d=mm&r=g\",\"caption\":\"Emmanuel Morell\"}}]}<\/script>\n<!-- \/ Yoast SEO plugin. -->","yoast_head_json":{"title":"Women in the Mountains Festival : When the summits are conjugated in the feminine - We Rock Sport","robots":{"index":"index","follow":"follow","max-snippet":"max-snippet:-1","max-image-preview":"max-image-preview:large","max-video-preview":"max-video-preview:-1"},"canonical":"https:\/\/werocksport.com\/en\/festival-femmes-en-montagne-quand-les-sommets-se-conjuguent-au-feminin\/","og_locale":"en_GB","og_type":"article","og_title":"Festival Femmes en Montagne : Quand les sommets se conjuguent au f\u00e9minin - We Rock Sport","og_description":"Du 9 au 13 novembre prochain, le festival de films Femmes en Montagne accueillera le public pour 5 jours de projections de films \u00e0 Annecy et Talloires. 28 films s\u00e9lectionn\u00e9s parmi les 80 qui ont candidat\u00e9 seront diffus\u00e9s au cours de sept projections \u00e0 Annecy et Talloires pour le Festival Femmes en Montagne 2022. Un [&hellip;]","og_url":"https:\/\/werocksport.com\/en\/festival-femmes-en-montagne-quand-les-sommets-se-conjuguent-au-feminin\/","og_site_name":"We Rock Sport","article_published_time":"2022-11-01T07:53:00+00:00","og_image":[{"width":1080,"height":720,"url":"https:\/\/werocksport.com\/wp-content\/uploads\/2022\/10\/Image-de-une-Credit-M.Jacques.jpg","type":"image\/jpeg"}],"author":"Emmanuel Morell","twitter_card":"summary_large_image","twitter_misc":{"Written by":"Emmanuel Morell","Estimated reading time":"5 minutes"},"schema":{"@context":"https:\/\/schema.org","@graph":[{"@type":"Article","@id":"https:\/\/werocksport.com\/festival-femmes-en-montagne-quand-les-sommets-se-conjuguent-au-feminin\/#article","isPartOf":{"@id":"https:\/\/werocksport.com\/festival-femmes-en-montagne-quand-les-sommets-se-conjuguent-au-feminin\/"},"author":{"name":"Emmanuel Morell","@id":"https:\/\/werocksport.com\/#\/schema\/person\/dd296d720f707d08adeaf8cb80afb9ec"},"headline":"Festival Femmes en Montagne : Quand les sommets se conjuguent au f\u00e9minin","datePublished":"2022-11-01T07:53:00+00:00","mainEntityOfPage":{"@id":"https:\/\/werocksport.com\/festival-femmes-en-montagne-quand-les-sommets-se-conjuguent-au-feminin\/"},"wordCount":947,"publisher":{"@id":"https:\/\/werocksport.com\/#organization"},"image":{"@id":"https:\/\/werocksport.com\/festival-femmes-en-montagne-quand-les-sommets-se-conjuguent-au-feminin\/#primaryimage"},"thumbnailUrl":"https:\/\/werocksport.com\/wp-content\/uploads\/2022\/10\/Image-de-une-Credit-M.Jacques.jpg","articleSection":["Culture"],"inLanguage":"en-GB"},{"@type":"WebPage","@id":"https:\/\/werocksport.com\/festival-femmes-en-montagne-quand-les-sommets-se-conjuguent-au-feminin\/","url":"https:\/\/werocksport.com\/festival-femmes-en-montagne-quand-les-sommets-se-conjuguent-au-feminin\/","name":"Women in the Mountains Festival : When the summits are conjugated in the feminine - We Rock Sport","isPartOf":{"@id":"https:\/\/werocksport.com\/#website"},"primaryImageOfPage":{"@id":"https:\/\/werocksport.com\/festival-femmes-en-montagne-quand-les-sommets-se-conjuguent-au-feminin\/#primaryimage"},"image":{"@id":"https:\/\/werocksport.com\/festival-femmes-en-montagne-quand-les-sommets-se-conjuguent-au-feminin\/#primaryimage"},"thumbnailUrl":"https:\/\/werocksport.com\/wp-content\/uploads\/2022\/10\/Image-de-une-Credit-M.Jacques.jpg","datePublished":"2022-11-01T07:53:00+00:00","breadcrumb":{"@id":"https:\/\/werocksport.com\/festival-femmes-en-montagne-quand-les-sommets-se-conjuguent-au-feminin\/#breadcrumb"},"inLanguage":"en-GB","potentialAction":[{"@type":"ReadAction","target":["https:\/\/werocksport.com\/festival-femmes-en-montagne-quand-les-sommets-se-conjuguent-au-feminin\/"]}]},{"@type":"ImageObject","inLanguage":"en-GB","@id":"https:\/\/werocksport.com\/festival-femmes-en-montagne-quand-les-sommets-se-conjuguent-au-feminin\/#primaryimage","url":"https:\/\/werocksport.com\/wp-content\/uploads\/2022\/10\/Image-de-une-Credit-M.Jacques.jpg","contentUrl":"https:\/\/werocksport.com\/wp-content\/uploads\/2022\/10\/Image-de-une-Credit-M.Jacques.jpg","width":1080,"height":720},{"@type":"BreadcrumbList","@id":"https:\/\/werocksport.com\/festival-femmes-en-montagne-quand-les-sommets-se-conjuguent-au-feminin\/#breadcrumb","itemListElement":[{"@type":"ListItem","position":1,"name":"Home","item":"https:\/\/werocksport.com\/"},{"@type":"ListItem","position":2,"name":"Festival Femmes en Montagne : Quand les sommets se conjuguent au f\u00e9minin"}]},{"@type":"WebSite","@id":"https:\/\/werocksport.com\/#website","url":"https:\/\/werocksport.com\/","name":"We Rock Sport","description":"100% outdoor media!","publisher":{"@id":"https:\/\/werocksport.com\/#organization"},"potentialAction":[{"@type":"SearchAction","target":{"@type":"EntryPoint","urlTemplate":"https:\/\/werocksport.com\/?s={search_term_string}"},"query-input":{"@type":"PropertyValueSpecification","valueRequired":true,"valueName":"search_term_string"}}],"inLanguage":"en-GB"},{"@type":"Organization","@id":"https:\/\/werocksport.com\/#organization","name":"We Rock Sport","url":"https:\/\/werocksport.com\/","logo":{"@type":"ImageObject","inLanguage":"en-GB","@id":"https:\/\/werocksport.com\/#\/schema\/logo\/image\/","url":"https:\/\/werocksport.com\/wp-content\/uploads\/2020\/12\/WRS-logo.png","contentUrl":"https:\/\/werocksport.com\/wp-content\/uploads\/2020\/12\/WRS-logo.png","width":136,"height":60,"caption":"We Rock Sport"},"image":{"@id":"https:\/\/werocksport.com\/#\/schema\/logo\/image\/"}},{"@type":"Person","@id":"https:\/\/werocksport.com\/#\/schema\/person\/dd296d720f707d08adeaf8cb80afb9ec","name":"Emmanuel Morell","image":{"@type":"ImageObject","inLanguage":"en-GB","@id":"https:\/\/secure.gravatar.com\/avatar\/de044757faaba64b0534f56a73332e8dea9b4e61cea3c751cba5b277b625215e?s=96&d=mm&r=g","url":"https:\/\/secure.gravatar.com\/avatar\/de044757faaba64b0534f56a73332e8dea9b4e61cea3c751cba5b277b625215e?s=96&d=mm&r=g","contentUrl":"https:\/\/secure.gravatar.com\/avatar\/de044757faaba64b0534f56a73332e8dea9b4e61cea3c751cba5b277b625215e?s=96&d=mm&r=g","caption":"Emmanuel Morell"}}]}},"jetpack_featured_media_url":"https:\/\/werocksport.com\/wp-content\/uploads\/2022\/10\/Image-de-une-Credit-M.Jacques.jpg","_links":{"self":[{"href":"https:\/\/werocksport.com\/en\/wp-json\/wp\/v2\/posts\/2640","targetHints":{"allow":["GET"]}}],"collection":[{"href":"https:\/\/werocksport.com\/en\/wp-json\/wp\/v2\/posts"}],"about":[{"href":"https:\/\/werocksport.com\/en\/wp-json\/wp\/v2\/types\/post"}],"author":[{"embeddable":true,"href":"https:\/\/werocksport.com\/en\/wp-json\/wp\/v2\/users\/12"}],"replies":[{"embeddable":true,"href":"https:\/\/werocksport.com\/en\/wp-json\/wp\/v2\/comments?post=2640"}],"version-history":[{"count":1,"href":"https:\/\/werocksport.com\/en\/wp-json\/wp\/v2\/posts\/2640\/revisions"}],"predecessor-version":[{"id":2642,"href":"https:\/\/werocksport.com\/en\/wp-json\/wp\/v2\/posts\/2640\/revisions\/2642"}],"wp:featuredmedia":[{"embeddable":true,"href":"https:\/\/werocksport.com\/en\/wp-json\/wp\/v2\/media\/2641"}],"wp:attachment":[{"href":"https:\/\/werocksport.com\/en\/wp-json\/wp\/v2\/media?parent=2640"}],"wp:term":[{"taxonomy":"category","embeddable":true,"href":"https:\/\/werocksport.com\/en\/wp-json\/wp\/v2\/categories?post=2640"},{"taxonomy":"post_tag","embeddable":true,"href":"https:\/\/werocksport.com\/en\/wp-json\/wp\/v2\/tags?post=2640"}],"curies":[{"name":"wp","href":"https:\/\/api.w.org\/{rel}","templated":true}]}}