{"id":7252,"date":"2025-02-18T12:07:34","date_gmt":"2025-02-18T11:07:34","guid":{"rendered":"https:\/\/werocksport.com\/?p=7252"},"modified":"2025-02-20T09:45:47","modified_gmt":"2025-02-20T08:45:47","slug":"private-sport-shop-devient-partenaire-principal-du-colnago-gf-mont-ventoux","status":"publish","type":"post","link":"https:\/\/werocksport.com\/de\/private-sport-shop-devient-partenaire-principal-du-colnago-gf-mont-ventoux\/","title":{"rendered":"Private Sport Shop wird Hauptpartner des Colnago GF Mont Ventoux"},"content":{"rendered":"<p>Werden Sie es wagen, sich dem Riesen der Provence zu stellen? <a href=\"https:\/\/www.privatesportshop.fr\/\">Privates Sportgesch\u00e4ft<\/a>&nbsp;gab am Dienstag seine Partnerschaft mit dem <strong><a href=\"https:\/\/gfmontventoux.com\/\" target=\"_blank\" rel=\"noreferrer noopener\">Colnago GF Mont Ventoux<\/a><\/strong> Die Veranstaltung findet 2025 am 31. Mai und 1. Juni statt. Der E-Commerce-Anbieter aus Montpellier, der auf den Verkauf von Sportartikeln spezialisiert ist, tritt der Organisation als Hauptpartner bei.<\/p>\n\n\n\n<h2 class=\"wp-block-heading\">Ein emblematischer Wettkampf und ein mythischer Gipfel<\/h2>\n\n\n\n<p>Die <strong>Mont Ventoux<\/strong> ist ein legend\u00e4rer Gipfel des Weltradsports. Der \"Gigant der Provence\", Schauplatz von Heldentaten und Dramen wie dem tragischen Tod von Tom Simpson im Jahr 1967, hat die Geschichte der Tour de France gepr\u00e4gt. Mit einer H\u00f6he von 1909 Metern zieht er Radfahrer aus aller Welt an, die bereit sind, sich der Herausforderung zu stellen und sich an einem der gef\u00fcrchtetsten P\u00e4sse zu messen. Sei es wegen seiner Schwierigkeit oder wegen des unberechenbaren Wetters.<\/p>\n\n\n\n<figure class=\"wp-block-image size-large\"><img loading=\"lazy\" decoding=\"async\" width=\"1024\" height=\"683\" src=\"https:\/\/werocksport.com\/wp-content\/uploads\/2025\/02\/Copie-de-Copie-de-9393_AGU1_04530-1024x683.jpg\" alt=\"\" class=\"wp-image-7253\" srcset=\"https:\/\/werocksport.com\/wp-content\/uploads\/2025\/02\/Copie-de-Copie-de-9393_AGU1_04530-1024x683.jpg 1024w, https:\/\/werocksport.com\/wp-content\/uploads\/2025\/02\/Copie-de-Copie-de-9393_AGU1_04530-300x200.jpg 300w, https:\/\/werocksport.com\/wp-content\/uploads\/2025\/02\/Copie-de-Copie-de-9393_AGU1_04530-768x512.jpg 768w, https:\/\/werocksport.com\/wp-content\/uploads\/2025\/02\/Copie-de-Copie-de-9393_AGU1_04530-18x12.jpg 18w, https:\/\/werocksport.com\/wp-content\/uploads\/2025\/02\/Copie-de-Copie-de-9393_AGU1_04530-450x300.jpg 450w, https:\/\/werocksport.com\/wp-content\/uploads\/2025\/02\/Copie-de-Copie-de-9393_AGU1_04530-780x520.jpg 780w, https:\/\/werocksport.com\/wp-content\/uploads\/2025\/02\/Copie-de-Copie-de-9393_AGU1_04530.jpg 1200w\" sizes=\"auto, (max-width: 1024px) 100vw, 1024px\" \/><\/figure>\n\n\n\n<p>Die <strong><a href=\"https:\/\/gfmontventoux.com\/\">Colnago GF Mont Ventoux<\/a><\/strong> bietet Amateuren und erfahrenen Radfahrern ein einzigartiges Erlebnis auf anspruchsvollen und aussichtsreichen Strecken. Auch in diesem Jahr werden wieder mehr als 5.000 Teilnehmer erwartet. Es ist auch das einzige Radrennen, das die M\u00f6glichkeit bietet, den G\u00e9ant de Provence wie die Profis der Tour de France zu erklimmen, wobei der Gipfelteil f\u00fcr den Verkehr gesperrt ist. Ein einzigartiges Erlebnis in einer freundlichen und herzlichen Atmosph\u00e4re.<\/p>\n\n\n\n<h2 class=\"wp-block-heading\">Drei spektakul\u00e4re Strecken<\/h2>\n\n\n\n<p>Am Sonntag, den 01. Juni, werden von Vaison-La-Romaine (84) aus drei Radsportstrecken angeboten, die zum Gipfel des Mont Ventoux f\u00fchren: l<strong>e Grand Fondo<\/strong>Die Tour de France ist die K\u00f6nigsetappe (168km, 3.250m D+),<strong> der Medio Fondo<\/strong> (137km, 2.600m D+) und ein <strong>80 km lange Strecke<\/strong> f\u00fcr 2.135m D+.<\/p>\n\n\n\n<p>Diese Strecken f\u00fchren \u00fcber wundersch\u00f6ne Stra\u00dfen in einer traumhaften Umgebung. Sie durchqueren kleine, typisch provenzalische D\u00f6rfer, bl\u00fchende Lavendelfelder, die fabelhafte Schlucht Gorges de La Nesque und die typischen Weinberge der Appellation AOC Ventoux. Und nat\u00fcrlich eine der sch\u00f6nsten Zielank\u00fcnfte der Welt mit dem Gipfel des Mont Ventoux.<\/p>\n\n\n\n<figure class=\"wp-block-image size-large\"><img loading=\"lazy\" decoding=\"async\" width=\"1024\" height=\"724\" src=\"https:\/\/werocksport.com\/wp-content\/uploads\/2025\/02\/image-1024x724.png\" alt=\"\" class=\"wp-image-7273\" srcset=\"https:\/\/werocksport.com\/wp-content\/uploads\/2025\/02\/image-1024x724.png 1024w, https:\/\/werocksport.com\/wp-content\/uploads\/2025\/02\/image-300x212.png 300w, https:\/\/werocksport.com\/wp-content\/uploads\/2025\/02\/image-768x543.png 768w, https:\/\/werocksport.com\/wp-content\/uploads\/2025\/02\/image-18x12.png 18w, https:\/\/werocksport.com\/wp-content\/uploads\/2025\/02\/image-450x318.png 450w, https:\/\/werocksport.com\/wp-content\/uploads\/2025\/02\/image-780x551.png 780w\" sizes=\"auto, (max-width: 1024px) 100vw, 1024px\" \/><\/figure>\n\n\n\n<p>Es wird alles getan, damit Sie den Gipfel unter den besten Bedingungen erreichen k\u00f6nnen: kostenlose Trikots, Energieausstattungen, hochwertige und einzigartige Verpflegung dank der Verpflegungsstationen.<\/p>\n\n\n\n<p>Parallele, <strong>3 Gravel-Parcours <\/strong>werden am Samstag, den 31. Mai 2025, angeboten, um die Region und das Land um den Mont Ventoux zu entdecken (46km, 80km, 110km).<\/p>\n\n\n\n<p>Z\u00f6gern Sie nicht und melden Sie sich jetzt auf dem <a href=\"https:\/\/www.sportsnconnect.com\/events\/parcours_cart\/28408\/gfseries\"><strong>Offizielle Website des Colnago GF Mont Ventoux<\/strong><\/a><\/p>\n\n\n\n<figure class=\"wp-block-gallery has-nested-images columns-default is-cropped wp-block-gallery-1 is-layout-flex wp-block-gallery-is-layout-flex\">\n<figure class=\"wp-block-image size-large\"><img loading=\"lazy\" decoding=\"async\" width=\"1024\" height=\"768\" data-id=\"7261\" src=\"https:\/\/werocksport.com\/wp-content\/uploads\/2025\/02\/6520_20200906_130321_192601815_original-1024x768.jpg\" alt=\"\" class=\"wp-image-7261\" srcset=\"https:\/\/werocksport.com\/wp-content\/uploads\/2025\/02\/6520_20200906_130321_192601815_original-1024x768.jpg 1024w, https:\/\/werocksport.com\/wp-content\/uploads\/2025\/02\/6520_20200906_130321_192601815_original-300x225.jpg 300w, https:\/\/werocksport.com\/wp-content\/uploads\/2025\/02\/6520_20200906_130321_192601815_original-768x576.jpg 768w, https:\/\/werocksport.com\/wp-content\/uploads\/2025\/02\/6520_20200906_130321_192601815_original-16x12.jpg 16w, https:\/\/werocksport.com\/wp-content\/uploads\/2025\/02\/6520_20200906_130321_192601815_original-280x210.jpg 280w, https:\/\/werocksport.com\/wp-content\/uploads\/2025\/02\/6520_20200906_130321_192601815_original-560x420.jpg 560w, https:\/\/werocksport.com\/wp-content\/uploads\/2025\/02\/6520_20200906_130321_192601815_original-450x338.jpg 450w, https:\/\/werocksport.com\/wp-content\/uploads\/2025\/02\/6520_20200906_130321_192601815_original-780x585.jpg 780w\" sizes=\"auto, (max-width: 1024px) 100vw, 1024px\" \/><\/figure>\n\n\n\n<figure class=\"wp-block-image size-large\"><img loading=\"lazy\" decoding=\"async\" width=\"1024\" height=\"768\" data-id=\"7259\" src=\"https:\/\/werocksport.com\/wp-content\/uploads\/2025\/02\/6520_20200906_130729_192601827_original-1024x768.jpg\" alt=\"\" class=\"wp-image-7259\" srcset=\"https:\/\/werocksport.com\/wp-content\/uploads\/2025\/02\/6520_20200906_130729_192601827_original-1024x768.jpg 1024w, https:\/\/werocksport.com\/wp-content\/uploads\/2025\/02\/6520_20200906_130729_192601827_original-300x225.jpg 300w, https:\/\/werocksport.com\/wp-content\/uploads\/2025\/02\/6520_20200906_130729_192601827_original-768x576.jpg 768w, https:\/\/werocksport.com\/wp-content\/uploads\/2025\/02\/6520_20200906_130729_192601827_original-16x12.jpg 16w, https:\/\/werocksport.com\/wp-content\/uploads\/2025\/02\/6520_20200906_130729_192601827_original-280x210.jpg 280w, https:\/\/werocksport.com\/wp-content\/uploads\/2025\/02\/6520_20200906_130729_192601827_original-560x420.jpg 560w, https:\/\/werocksport.com\/wp-content\/uploads\/2025\/02\/6520_20200906_130729_192601827_original-450x338.jpg 450w, https:\/\/werocksport.com\/wp-content\/uploads\/2025\/02\/6520_20200906_130729_192601827_original-780x585.jpg 780w\" sizes=\"auto, (max-width: 1024px) 100vw, 1024px\" \/><\/figure>\n\n\n\n<figure class=\"wp-block-image size-large\"><img loading=\"lazy\" decoding=\"async\" width=\"1024\" height=\"576\" data-id=\"7260\" src=\"https:\/\/werocksport.com\/wp-content\/uploads\/2025\/02\/AdobeStock_531518708-1024x576.jpeg\" alt=\"\" class=\"wp-image-7260\" srcset=\"https:\/\/werocksport.com\/wp-content\/uploads\/2025\/02\/AdobeStock_531518708-1024x576.jpeg 1024w, https:\/\/werocksport.com\/wp-content\/uploads\/2025\/02\/AdobeStock_531518708-300x169.jpeg 300w, https:\/\/werocksport.com\/wp-content\/uploads\/2025\/02\/AdobeStock_531518708-768x432.jpeg 768w, https:\/\/werocksport.com\/wp-content\/uploads\/2025\/02\/AdobeStock_531518708-18x10.jpeg 18w, https:\/\/werocksport.com\/wp-content\/uploads\/2025\/02\/AdobeStock_531518708-450x253.jpeg 450w, https:\/\/werocksport.com\/wp-content\/uploads\/2025\/02\/AdobeStock_531518708-780x439.jpeg 780w\" sizes=\"auto, (max-width: 1024px) 100vw, 1024px\" \/><\/figure>\n<\/figure>\n\n\n\n<p><\/p>\n\n\n\n<h2 class=\"wp-block-heading\">Nehmen Sie an einer au\u00dfergew\u00f6hnlichen Herausforderung mit Kilian Bron und Isabeau Courdurier teil.<\/h2>\n\n\n\n<p>Ein legend\u00e4res Rennen bedeutet auch ein unvergessliches Erlebnis! Anl\u00e4sslich seiner Partnerschaft mit dem Colnago GF Mont Ventoux bietet Private Sport Shop eine einmalige Gelegenheit und l\u00e4dt Sie ein, den Mont Ventoux von B\u00e9doin aus zu erklimmen (21,3 km - 1.589 m D+), an der Seite von zwei MTB-Legenden, Kilian Bron und der <a href=\"https:\/\/werocksport.com\/isabeau-courdurier-premiere-championne-du-monde-enduro-de-lhistoire\/\" target=\"_blank\" rel=\"noreferrer noopener\">j\u00fcngste Enduro-Weltmeisterin: Isabeau Courdurier<\/a>. <\/p>\n\n\n\n<p>Am 22. und 28. Mai werden diese au\u00dfergew\u00f6hnlichen Athleten ihre Erfahrung und Leidenschaft teilen, um Ihnen einen unvergesslichen Moment des Sports und der Geselligkeit zu bieten.<\/p>\n\n\n\n<figure class=\"wp-block-image size-large\"><img loading=\"lazy\" decoding=\"async\" width=\"1024\" height=\"563\" src=\"https:\/\/werocksport.com\/wp-content\/uploads\/2025\/02\/Banner-middle-kilian-isa-1024x563.jpg\" alt=\"\" class=\"wp-image-7345\" srcset=\"https:\/\/werocksport.com\/wp-content\/uploads\/2025\/02\/Banner-middle-kilian-isa-1024x563.jpg 1024w, https:\/\/werocksport.com\/wp-content\/uploads\/2025\/02\/Banner-middle-kilian-isa-300x165.jpg 300w, https:\/\/werocksport.com\/wp-content\/uploads\/2025\/02\/Banner-middle-kilian-isa-768x422.jpg 768w, https:\/\/werocksport.com\/wp-content\/uploads\/2025\/02\/Banner-middle-kilian-isa-18x10.jpg 18w, https:\/\/werocksport.com\/wp-content\/uploads\/2025\/02\/Banner-middle-kilian-isa-450x248.jpg 450w, https:\/\/werocksport.com\/wp-content\/uploads\/2025\/02\/Banner-middle-kilian-isa-780x429.jpg 780w, https:\/\/werocksport.com\/wp-content\/uploads\/2025\/02\/Banner-middle-kilian-isa.jpg 1200w\" sizes=\"auto, (max-width: 1024px) 100vw, 1024px\" \/><\/figure>\n\n\n\n<p>Verpassen Sie nicht diese Gelegenheit, eine legend\u00e4re Besteigung an der Seite der Besten zu erleben. <strong>Melden Sie sich jetzt an, indem Sie auf <a href=\"https:\/\/form.typeform.com\/to\/Og0WurYU\">dieser Fragebogen<\/a> und machen Sie sich bereit, Ihre Grenzen auf dem G\u00e9ant de Provence zu erweitern!<\/strong><\/p>\n\n\n\n<p><\/p>","protected":false},"excerpt":{"rendered":"<p>Oserez-vous affronter le g\u00e9ant de Provence ? Private Sport Shop&nbsp;a annonc\u00e9 ce mardi son partenariat avec le Colnago GF Mont Ventoux dont l\u2019\u00e9dition 2025 se d\u00e9roulera les 31 mai et 1er juin prochains. Le e-commer\u00e7ant montpelli\u00e9rain sp\u00e9cialis\u00e9 dans la vente d&#8217;articles de sport rejoint l\u2019organisation au rang de partenaire principal. Une \u00e9preuve embl\u00e9matique et un [&hellip;]<\/p>\n","protected":false},"author":12,"featured_media":7286,"comment_status":"closed","ping_status":"closed","sticky":false,"template":"","format":"standard","meta":{"footnotes":""},"categories":[44],"tags":[],"class_list":{"0":"post-7252","1":"post","2":"type-post","3":"status-publish","4":"format-standard","5":"has-post-thumbnail","7":"category-aventure"},"yoast_head":"<!-- This site is optimized with the Yoast SEO plugin v27.2 - https:\/\/yoast.com\/product\/yoast-seo-wordpress\/ -->\n<title>Private Sport Shop devient partenaire principal du Colnago GF Mont Ventoux - We Rock Sport<\/title>\n<meta name=\"robots\" content=\"index, follow, max-snippet:-1, max-image-preview:large, max-video-preview:-1\" \/>\n<link rel=\"canonical\" href=\"https:\/\/werocksport.com\/de\/private-sport-shop-devient-partenaire-principal-du-colnago-gf-mont-ventoux\/\" \/>\n<meta property=\"og:locale\" content=\"de_DE\" \/>\n<meta property=\"og:type\" content=\"article\" \/>\n<meta property=\"og:title\" content=\"Private Sport Shop devient partenaire principal du Colnago GF Mont Ventoux - We Rock Sport\" \/>\n<meta property=\"og:description\" content=\"Oserez-vous affronter le g\u00e9ant de Provence ? Private Sport Shop&nbsp;a annonc\u00e9 ce mardi son partenariat avec le Colnago GF Mont Ventoux dont l\u2019\u00e9dition 2025 se d\u00e9roulera les 31 mai et 1er juin prochains. Le e-commer\u00e7ant montpelli\u00e9rain sp\u00e9cialis\u00e9 dans la vente d&#8217;articles de sport rejoint l\u2019organisation au rang de partenaire principal. Une \u00e9preuve embl\u00e9matique et un [&hellip;]\" \/>\n<meta property=\"og:url\" content=\"https:\/\/werocksport.com\/de\/private-sport-shop-devient-partenaire-principal-du-colnago-gf-mont-ventoux\/\" \/>\n<meta property=\"og:site_name\" content=\"We Rock Sport\" \/>\n<meta property=\"article:published_time\" content=\"2025-02-18T11:07:34+00:00\" \/>\n<meta property=\"article:modified_time\" content=\"2025-02-20T08:45:47+00:00\" \/>\n<meta property=\"og:image\" content=\"https:\/\/werocksport.com\/wp-content\/uploads\/2025\/02\/6520_20200906_130729_192601827_original-1-scaled.jpg\" \/>\n\t<meta property=\"og:image:width\" content=\"2560\" \/>\n\t<meta property=\"og:image:height\" content=\"1920\" \/>\n\t<meta property=\"og:image:type\" content=\"image\/jpeg\" \/>\n<meta name=\"author\" content=\"Emmanuel Morell\" \/>\n<meta name=\"twitter:card\" content=\"summary_large_image\" \/>\n<meta name=\"twitter:label1\" content=\"Verfasst von\" \/>\n\t<meta name=\"twitter:data1\" content=\"Emmanuel Morell\" \/>\n\t<meta name=\"twitter:label2\" content=\"Gesch\u00e4tzte Lesezeit\" \/>\n\t<meta name=\"twitter:data2\" content=\"4\u00a0Minuten\" \/>\n<script type=\"application\/ld+json\" class=\"yoast-schema-graph\">{\"@context\":\"https:\/\/schema.org\",\"@graph\":[{\"@type\":\"Article\",\"@id\":\"https:\/\/werocksport.com\/private-sport-shop-devient-partenaire-principal-du-colnago-gf-mont-ventoux\/#article\",\"isPartOf\":{\"@id\":\"https:\/\/werocksport.com\/private-sport-shop-devient-partenaire-principal-du-colnago-gf-mont-ventoux\/\"},\"author\":{\"name\":\"Emmanuel Morell\",\"@id\":\"https:\/\/werocksport.com\/#\/schema\/person\/dd296d720f707d08adeaf8cb80afb9ec\"},\"headline\":\"Private Sport Shop devient partenaire principal du Colnago GF Mont Ventoux\",\"datePublished\":\"2025-02-18T11:07:34+00:00\",\"dateModified\":\"2025-02-20T08:45:47+00:00\",\"mainEntityOfPage\":{\"@id\":\"https:\/\/werocksport.com\/private-sport-shop-devient-partenaire-principal-du-colnago-gf-mont-ventoux\/\"},\"wordCount\":542,\"publisher\":{\"@id\":\"https:\/\/werocksport.com\/#organization\"},\"image\":{\"@id\":\"https:\/\/werocksport.com\/private-sport-shop-devient-partenaire-principal-du-colnago-gf-mont-ventoux\/#primaryimage\"},\"thumbnailUrl\":\"https:\/\/werocksport.com\/wp-content\/uploads\/2025\/02\/6520_20200906_130729_192601827_original-1-scaled.jpg\",\"articleSection\":[\"Aventure\"],\"inLanguage\":\"de\"},{\"@type\":\"WebPage\",\"@id\":\"https:\/\/werocksport.com\/private-sport-shop-devient-partenaire-principal-du-colnago-gf-mont-ventoux\/\",\"url\":\"https:\/\/werocksport.com\/private-sport-shop-devient-partenaire-principal-du-colnago-gf-mont-ventoux\/\",\"name\":\"Private Sport Shop devient partenaire principal du Colnago GF Mont Ventoux - We Rock Sport\",\"isPartOf\":{\"@id\":\"https:\/\/werocksport.com\/#website\"},\"primaryImageOfPage\":{\"@id\":\"https:\/\/werocksport.com\/private-sport-shop-devient-partenaire-principal-du-colnago-gf-mont-ventoux\/#primaryimage\"},\"image\":{\"@id\":\"https:\/\/werocksport.com\/private-sport-shop-devient-partenaire-principal-du-colnago-gf-mont-ventoux\/#primaryimage\"},\"thumbnailUrl\":\"https:\/\/werocksport.com\/wp-content\/uploads\/2025\/02\/6520_20200906_130729_192601827_original-1-scaled.jpg\",\"datePublished\":\"2025-02-18T11:07:34+00:00\",\"dateModified\":\"2025-02-20T08:45:47+00:00\",\"breadcrumb\":{\"@id\":\"https:\/\/werocksport.com\/private-sport-shop-devient-partenaire-principal-du-colnago-gf-mont-ventoux\/#breadcrumb\"},\"inLanguage\":\"de\",\"potentialAction\":[{\"@type\":\"ReadAction\",\"target\":[\"https:\/\/werocksport.com\/private-sport-shop-devient-partenaire-principal-du-colnago-gf-mont-ventoux\/\"]}]},{\"@type\":\"ImageObject\",\"inLanguage\":\"de\",\"@id\":\"https:\/\/werocksport.com\/private-sport-shop-devient-partenaire-principal-du-colnago-gf-mont-ventoux\/#primaryimage\",\"url\":\"https:\/\/werocksport.com\/wp-content\/uploads\/2025\/02\/6520_20200906_130729_192601827_original-1-scaled.jpg\",\"contentUrl\":\"https:\/\/werocksport.com\/wp-content\/uploads\/2025\/02\/6520_20200906_130729_192601827_original-1-scaled.jpg\",\"width\":2560,\"height\":1920},{\"@type\":\"BreadcrumbList\",\"@id\":\"https:\/\/werocksport.com\/private-sport-shop-devient-partenaire-principal-du-colnago-gf-mont-ventoux\/#breadcrumb\",\"itemListElement\":[{\"@type\":\"ListItem\",\"position\":1,\"name\":\"Home\",\"item\":\"https:\/\/werocksport.com\/\"},{\"@type\":\"ListItem\",\"position\":2,\"name\":\"Private Sport Shop devient partenaire principal du Colnago GF Mont Ventoux\"}]},{\"@type\":\"WebSite\",\"@id\":\"https:\/\/werocksport.com\/#website\",\"url\":\"https:\/\/werocksport.com\/\",\"name\":\"We Rock Sport\",\"description\":\"le m\u00e9dia 100% outdoor !\",\"publisher\":{\"@id\":\"https:\/\/werocksport.com\/#organization\"},\"potentialAction\":[{\"@type\":\"SearchAction\",\"target\":{\"@type\":\"EntryPoint\",\"urlTemplate\":\"https:\/\/werocksport.com\/?s={search_term_string}\"},\"query-input\":{\"@type\":\"PropertyValueSpecification\",\"valueRequired\":true,\"valueName\":\"search_term_string\"}}],\"inLanguage\":\"de\"},{\"@type\":\"Organization\",\"@id\":\"https:\/\/werocksport.com\/#organization\",\"name\":\"We Rock Sport\",\"url\":\"https:\/\/werocksport.com\/\",\"logo\":{\"@type\":\"ImageObject\",\"inLanguage\":\"de\",\"@id\":\"https:\/\/werocksport.com\/#\/schema\/logo\/image\/\",\"url\":\"https:\/\/werocksport.com\/wp-content\/uploads\/2020\/12\/WRS-logo.png\",\"contentUrl\":\"https:\/\/werocksport.com\/wp-content\/uploads\/2020\/12\/WRS-logo.png\",\"width\":136,\"height\":60,\"caption\":\"We Rock Sport\"},\"image\":{\"@id\":\"https:\/\/werocksport.com\/#\/schema\/logo\/image\/\"}},{\"@type\":\"Person\",\"@id\":\"https:\/\/werocksport.com\/#\/schema\/person\/dd296d720f707d08adeaf8cb80afb9ec\",\"name\":\"Emmanuel Morell\",\"image\":{\"@type\":\"ImageObject\",\"inLanguage\":\"de\",\"@id\":\"https:\/\/secure.gravatar.com\/avatar\/de044757faaba64b0534f56a73332e8dea9b4e61cea3c751cba5b277b625215e?s=96&d=mm&r=g\",\"url\":\"https:\/\/secure.gravatar.com\/avatar\/de044757faaba64b0534f56a73332e8dea9b4e61cea3c751cba5b277b625215e?s=96&d=mm&r=g\",\"contentUrl\":\"https:\/\/secure.gravatar.com\/avatar\/de044757faaba64b0534f56a73332e8dea9b4e61cea3c751cba5b277b625215e?s=96&d=mm&r=g\",\"caption\":\"Emmanuel Morell\"}}]}<\/script>\n<!-- \/ Yoast SEO plugin. -->","yoast_head_json":{"title":"Private Sport Shop devient partenaire principal du Colnago GF Mont Ventoux - We Rock Sport","robots":{"index":"index","follow":"follow","max-snippet":"max-snippet:-1","max-image-preview":"max-image-preview:large","max-video-preview":"max-video-preview:-1"},"canonical":"https:\/\/werocksport.com\/de\/private-sport-shop-devient-partenaire-principal-du-colnago-gf-mont-ventoux\/","og_locale":"de_DE","og_type":"article","og_title":"Private Sport Shop devient partenaire principal du Colnago GF Mont Ventoux - We Rock Sport","og_description":"Oserez-vous affronter le g\u00e9ant de Provence ? Private Sport Shop&nbsp;a annonc\u00e9 ce mardi son partenariat avec le Colnago GF Mont Ventoux dont l\u2019\u00e9dition 2025 se d\u00e9roulera les 31 mai et 1er juin prochains. Le e-commer\u00e7ant montpelli\u00e9rain sp\u00e9cialis\u00e9 dans la vente d&#8217;articles de sport rejoint l\u2019organisation au rang de partenaire principal. Une \u00e9preuve embl\u00e9matique et un [&hellip;]","og_url":"https:\/\/werocksport.com\/de\/private-sport-shop-devient-partenaire-principal-du-colnago-gf-mont-ventoux\/","og_site_name":"We Rock Sport","article_published_time":"2025-02-18T11:07:34+00:00","article_modified_time":"2025-02-20T08:45:47+00:00","og_image":[{"width":2560,"height":1920,"url":"https:\/\/werocksport.com\/wp-content\/uploads\/2025\/02\/6520_20200906_130729_192601827_original-1-scaled.jpg","type":"image\/jpeg"}],"author":"Emmanuel Morell","twitter_card":"summary_large_image","twitter_misc":{"Verfasst von":"Emmanuel Morell","Gesch\u00e4tzte Lesezeit":"4\u00a0Minuten"},"schema":{"@context":"https:\/\/schema.org","@graph":[{"@type":"Article","@id":"https:\/\/werocksport.com\/private-sport-shop-devient-partenaire-principal-du-colnago-gf-mont-ventoux\/#article","isPartOf":{"@id":"https:\/\/werocksport.com\/private-sport-shop-devient-partenaire-principal-du-colnago-gf-mont-ventoux\/"},"author":{"name":"Emmanuel Morell","@id":"https:\/\/werocksport.com\/#\/schema\/person\/dd296d720f707d08adeaf8cb80afb9ec"},"headline":"Private Sport Shop devient partenaire principal du Colnago GF Mont Ventoux","datePublished":"2025-02-18T11:07:34+00:00","dateModified":"2025-02-20T08:45:47+00:00","mainEntityOfPage":{"@id":"https:\/\/werocksport.com\/private-sport-shop-devient-partenaire-principal-du-colnago-gf-mont-ventoux\/"},"wordCount":542,"publisher":{"@id":"https:\/\/werocksport.com\/#organization"},"image":{"@id":"https:\/\/werocksport.com\/private-sport-shop-devient-partenaire-principal-du-colnago-gf-mont-ventoux\/#primaryimage"},"thumbnailUrl":"https:\/\/werocksport.com\/wp-content\/uploads\/2025\/02\/6520_20200906_130729_192601827_original-1-scaled.jpg","articleSection":["Aventure"],"inLanguage":"de"},{"@type":"WebPage","@id":"https:\/\/werocksport.com\/private-sport-shop-devient-partenaire-principal-du-colnago-gf-mont-ventoux\/","url":"https:\/\/werocksport.com\/private-sport-shop-devient-partenaire-principal-du-colnago-gf-mont-ventoux\/","name":"Private Sport Shop devient partenaire principal du Colnago GF Mont Ventoux - We Rock Sport","isPartOf":{"@id":"https:\/\/werocksport.com\/#website"},"primaryImageOfPage":{"@id":"https:\/\/werocksport.com\/private-sport-shop-devient-partenaire-principal-du-colnago-gf-mont-ventoux\/#primaryimage"},"image":{"@id":"https:\/\/werocksport.com\/private-sport-shop-devient-partenaire-principal-du-colnago-gf-mont-ventoux\/#primaryimage"},"thumbnailUrl":"https:\/\/werocksport.com\/wp-content\/uploads\/2025\/02\/6520_20200906_130729_192601827_original-1-scaled.jpg","datePublished":"2025-02-18T11:07:34+00:00","dateModified":"2025-02-20T08:45:47+00:00","breadcrumb":{"@id":"https:\/\/werocksport.com\/private-sport-shop-devient-partenaire-principal-du-colnago-gf-mont-ventoux\/#breadcrumb"},"inLanguage":"de","potentialAction":[{"@type":"ReadAction","target":["https:\/\/werocksport.com\/private-sport-shop-devient-partenaire-principal-du-colnago-gf-mont-ventoux\/"]}]},{"@type":"ImageObject","inLanguage":"de","@id":"https:\/\/werocksport.com\/private-sport-shop-devient-partenaire-principal-du-colnago-gf-mont-ventoux\/#primaryimage","url":"https:\/\/werocksport.com\/wp-content\/uploads\/2025\/02\/6520_20200906_130729_192601827_original-1-scaled.jpg","contentUrl":"https:\/\/werocksport.com\/wp-content\/uploads\/2025\/02\/6520_20200906_130729_192601827_original-1-scaled.jpg","width":2560,"height":1920},{"@type":"BreadcrumbList","@id":"https:\/\/werocksport.com\/private-sport-shop-devient-partenaire-principal-du-colnago-gf-mont-ventoux\/#breadcrumb","itemListElement":[{"@type":"ListItem","position":1,"name":"Home","item":"https:\/\/werocksport.com\/"},{"@type":"ListItem","position":2,"name":"Private Sport Shop devient partenaire principal du Colnago GF Mont Ventoux"}]},{"@type":"WebSite","@id":"https:\/\/werocksport.com\/#website","url":"https:\/\/werocksport.com\/","name":"Wir rocken Sport","description":"das Medium 100% outdoor!","publisher":{"@id":"https:\/\/werocksport.com\/#organization"},"potentialAction":[{"@type":"SearchAction","target":{"@type":"EntryPoint","urlTemplate":"https:\/\/werocksport.com\/?s={search_term_string}"},"query-input":{"@type":"PropertyValueSpecification","valueRequired":true,"valueName":"search_term_string"}}],"inLanguage":"de"},{"@type":"Organization","@id":"https:\/\/werocksport.com\/#organization","name":"Wir rocken Sport","url":"https:\/\/werocksport.com\/","logo":{"@type":"ImageObject","inLanguage":"de","@id":"https:\/\/werocksport.com\/#\/schema\/logo\/image\/","url":"https:\/\/werocksport.com\/wp-content\/uploads\/2020\/12\/WRS-logo.png","contentUrl":"https:\/\/werocksport.com\/wp-content\/uploads\/2020\/12\/WRS-logo.png","width":136,"height":60,"caption":"We Rock Sport"},"image":{"@id":"https:\/\/werocksport.com\/#\/schema\/logo\/image\/"}},{"@type":"Person","@id":"https:\/\/werocksport.com\/#\/schema\/person\/dd296d720f707d08adeaf8cb80afb9ec","name":"Emmanuel Morell","image":{"@type":"ImageObject","inLanguage":"de","@id":"https:\/\/secure.gravatar.com\/avatar\/de044757faaba64b0534f56a73332e8dea9b4e61cea3c751cba5b277b625215e?s=96&d=mm&r=g","url":"https:\/\/secure.gravatar.com\/avatar\/de044757faaba64b0534f56a73332e8dea9b4e61cea3c751cba5b277b625215e?s=96&d=mm&r=g","contentUrl":"https:\/\/secure.gravatar.com\/avatar\/de044757faaba64b0534f56a73332e8dea9b4e61cea3c751cba5b277b625215e?s=96&d=mm&r=g","caption":"Emmanuel Morell"}}]}},"jetpack_featured_media_url":"https:\/\/werocksport.com\/wp-content\/uploads\/2025\/02\/6520_20200906_130729_192601827_original-1-scaled.jpg","_links":{"self":[{"href":"https:\/\/werocksport.com\/de\/wp-json\/wp\/v2\/posts\/7252","targetHints":{"allow":["GET"]}}],"collection":[{"href":"https:\/\/werocksport.com\/de\/wp-json\/wp\/v2\/posts"}],"about":[{"href":"https:\/\/werocksport.com\/de\/wp-json\/wp\/v2\/types\/post"}],"author":[{"embeddable":true,"href":"https:\/\/werocksport.com\/de\/wp-json\/wp\/v2\/users\/12"}],"replies":[{"embeddable":true,"href":"https:\/\/werocksport.com\/de\/wp-json\/wp\/v2\/comments?post=7252"}],"version-history":[{"count":40,"href":"https:\/\/werocksport.com\/de\/wp-json\/wp\/v2\/posts\/7252\/revisions"}],"predecessor-version":[{"id":7346,"href":"https:\/\/werocksport.com\/de\/wp-json\/wp\/v2\/posts\/7252\/revisions\/7346"}],"wp:featuredmedia":[{"embeddable":true,"href":"https:\/\/werocksport.com\/de\/wp-json\/wp\/v2\/media\/7286"}],"wp:attachment":[{"href":"https:\/\/werocksport.com\/de\/wp-json\/wp\/v2\/media?parent=7252"}],"wp:term":[{"taxonomy":"category","embeddable":true,"href":"https:\/\/werocksport.com\/de\/wp-json\/wp\/v2\/categories?post=7252"},{"taxonomy":"post_tag","embeddable":true,"href":"https:\/\/werocksport.com\/de\/wp-json\/wp\/v2\/tags?post=7252"}],"curies":[{"name":"wp","href":"https:\/\/api.w.org\/{rel}","templated":true}]}}