{"id":609,"date":"2021-03-10T09:00:00","date_gmt":"2021-03-10T08:00:00","guid":{"rendered":"http:\/\/werocksport.com\/?p=609"},"modified":"2021-03-09T20:44:43","modified_gmt":"2021-03-09T19:44:43","slug":"martin-kern-le-trail-une-quete-de-liberte","status":"publish","type":"post","link":"https:\/\/werocksport.com\/de\/martin-kern-le-trail-une-quete-de-liberte\/","title":{"rendered":"MARTIN KERN - DIE SPUR: EINE SUCHE NACH FREIHEIT"},"content":{"rendered":"<iframe loading=\"lazy\" src=\"https:\/\/www.facebook.com\/plugins\/video.php?height=476&#038;href=https%3A%2F%2Fwww.facebook.com%2Fwerocksport%2Fvideos%2F2877094829204176%2F&#038;show_text=false&#038;width=380\" width=\"380\" height=\"476\" style=\"border:none;overflow:hidden\" scrolling=\"no\" frameborder=\"0\" allowfullscreen=\"true\" allow=\"autoplay; clipboard-write; encrypted-media; picture-in-picture; web-share\"><\/iframe>\n\n\n\n<p>Mit 33 Jahren hat Martin Kern eine sch\u00f6ne Bilanz im Ultra Trail: Sieger des Swiss Canyon Trail (2019) und des 6000D (2019) und 12. des UTMB (2019). Der gelernte Ingenieur und begeisterte Sportler lebt seine Leidenschaft zwischen Vallouise und Grenoble als Suche nach Freiheit und Erf\u00fcllung, die in der heutigen Gesellschaft unerl\u00e4sslich ist.<\/p>\n\n\n\n<p>F\u00fcr ihn geht es beim Trailrunning vor allem darum, sich auszutauschen, Menschen zu treffen, neue Landschaften zu entdecken, aber auch \u00fcber sich selbst hinauszuwachsen.<\/p>\n\n\n\n<p>Heute identifiziert sich Martin Kern voll mit der neuen Kampagne <a href=\"https:\/\/www.youtube.com\/watch?v=E9iEwXIEtPA\">\u00c4u\u00dferer Frieden<\/a> seines Sponsors Arc'Teryx. \u00c4u\u00dferer Frieden ist ein langfristiges Engagement, den Zugang zur Natur zu erleichtern, damit traditionell marginalisierte Menschen Frieden und Wohlbefinden finden k\u00f6nnen. Im Jahr 2021 wird die Marke eine Million Dollar an Partner spenden, die sich daf\u00fcr einsetzen, die Natur zu erhalten und sie f\u00fcr alle zug\u00e4nglich zu machen.<\/p>\n\n\n\n<p>Mit einem L\u00e4cheln nahm uns Martin Kern mit auf den Bergr\u00fccken von N\u00e9ron, der die Stadt Grenoble \u00fcberragt, um uns ein Trainingsgel\u00e4nde zu zeigen, das er besonders mag, und vor allem ein atemberaubendes Panorama.<\/p>","protected":false},"excerpt":{"rendered":"<p>\u00c0 33 ans, Martin Kern poss\u00e8de un beau palmar\u00e8s dans l\u2019Ultra Trail&nbsp;: Vainqueur du Swiss Canyon Trail (2019), et de la 6000D (2019) et 12\u00e8me de l\u2019UTMB (2019). Cet ing\u00e9nieur de formation et v\u00e9ritable f\u00e9ru de sports vit sa passion entre Vallouise et Grenoble comme une qu\u00eate de libert\u00e9 et une recherche de pl\u00e9nitude essentielle [&hellip;]<\/p>\n","protected":false},"author":12,"featured_media":0,"comment_status":"closed","ping_status":"closed","sticky":false,"template":"","format":"video","meta":{"footnotes":""},"categories":[48],"tags":[245,242,244,9,243,223,103],"class_list":{"0":"post-609","1":"post","2":"type-post","3":"status-publish","4":"format-video","6":"category-inspiration","7":"tag-arcteryx","8":"tag-martin-kern","9":"tag-outer-peace","10":"tag-sport","11":"tag-swiss-canyon-trail","12":"tag-trail","13":"tag-ultra-trail","14":"post_format-post-format-video"},"yoast_head":"<!-- This site is optimized with the Yoast SEO plugin v27.2 - https:\/\/yoast.com\/product\/yoast-seo-wordpress\/ -->\n<title>MARTIN KERN - LE TRAIL : UNE QU\u00caTE DE LIBERT\u00c9 - We Rock Sport<\/title>\n<meta name=\"robots\" content=\"index, follow, max-snippet:-1, max-image-preview:large, max-video-preview:-1\" \/>\n<link rel=\"canonical\" href=\"https:\/\/werocksport.com\/de\/martin-kern-le-trail-une-quete-de-liberte\/\" \/>\n<meta property=\"og:locale\" content=\"de_DE\" \/>\n<meta property=\"og:type\" content=\"article\" \/>\n<meta property=\"og:title\" content=\"MARTIN KERN - LE TRAIL : UNE QU\u00caTE DE LIBERT\u00c9 - We Rock Sport\" \/>\n<meta property=\"og:description\" content=\"\u00c0 33 ans, Martin Kern poss\u00e8de un beau palmar\u00e8s dans l\u2019Ultra Trail&nbsp;: Vainqueur du Swiss Canyon Trail (2019), et de la 6000D (2019) et 12\u00e8me de l\u2019UTMB (2019). Cet ing\u00e9nieur de formation et v\u00e9ritable f\u00e9ru de sports vit sa passion entre Vallouise et Grenoble comme une qu\u00eate de libert\u00e9 et une recherche de pl\u00e9nitude essentielle [&hellip;]\" \/>\n<meta property=\"og:url\" content=\"https:\/\/werocksport.com\/de\/martin-kern-le-trail-une-quete-de-liberte\/\" \/>\n<meta property=\"og:site_name\" content=\"We Rock Sport\" \/>\n<meta property=\"article:published_time\" content=\"2021-03-10T08:00:00+00:00\" \/>\n<meta property=\"og:image\" content=\"https:\/\/werocksport.com\/wp-content\/uploads\/2021\/03\/WRS_MARTIN_KERN-1.jpg\" \/>\n\t<meta property=\"og:image:width\" content=\"1920\" \/>\n\t<meta property=\"og:image:height\" content=\"1080\" \/>\n\t<meta property=\"og:image:type\" content=\"image\/jpeg\" \/>\n<meta name=\"author\" content=\"Emmanuel Morell\" \/>\n<meta name=\"twitter:card\" content=\"summary_large_image\" \/>\n<meta name=\"twitter:label1\" content=\"Verfasst von\" \/>\n\t<meta name=\"twitter:data1\" content=\"Emmanuel Morell\" \/>\n\t<meta name=\"twitter:label2\" content=\"Gesch\u00e4tzte Lesezeit\" \/>\n\t<meta name=\"twitter:data2\" content=\"1\u00a0Minute\" \/>\n<script type=\"application\/ld+json\" class=\"yoast-schema-graph\">{\"@context\":\"https:\/\/schema.org\",\"@graph\":[{\"@type\":\"Article\",\"@id\":\"https:\/\/werocksport.com\/martin-kern-le-trail-une-quete-de-liberte\/#article\",\"isPartOf\":{\"@id\":\"https:\/\/werocksport.com\/martin-kern-le-trail-une-quete-de-liberte\/\"},\"author\":{\"name\":\"Emmanuel Morell\",\"@id\":\"https:\/\/werocksport.com\/#\/schema\/person\/dd296d720f707d08adeaf8cb80afb9ec\"},\"headline\":\"MARTIN KERN &#8211; LE TRAIL : UNE QU\u00caTE DE LIBERT\u00c9\",\"datePublished\":\"2021-03-10T08:00:00+00:00\",\"mainEntityOfPage\":{\"@id\":\"https:\/\/werocksport.com\/martin-kern-le-trail-une-quete-de-liberte\/\"},\"wordCount\":219,\"publisher\":{\"@id\":\"https:\/\/werocksport.com\/#organization\"},\"keywords\":[\"Arc&#039;Teryx\",\"Martin Kern\",\"Outer Peace\",\"Sport\",\"Swiss Canyon Trail\",\"trail\",\"Ultra-trail\"],\"articleSection\":[\"Inspiration\"],\"inLanguage\":\"de\"},{\"@type\":\"WebPage\",\"@id\":\"https:\/\/werocksport.com\/martin-kern-le-trail-une-quete-de-liberte\/\",\"url\":\"https:\/\/werocksport.com\/martin-kern-le-trail-une-quete-de-liberte\/\",\"name\":\"MARTIN KERN - LE TRAIL : UNE QU\u00caTE DE LIBERT\u00c9 - We Rock Sport\",\"isPartOf\":{\"@id\":\"https:\/\/werocksport.com\/#website\"},\"datePublished\":\"2021-03-10T08:00:00+00:00\",\"breadcrumb\":{\"@id\":\"https:\/\/werocksport.com\/martin-kern-le-trail-une-quete-de-liberte\/#breadcrumb\"},\"inLanguage\":\"de\",\"potentialAction\":[{\"@type\":\"ReadAction\",\"target\":[\"https:\/\/werocksport.com\/martin-kern-le-trail-une-quete-de-liberte\/\"]}]},{\"@type\":\"BreadcrumbList\",\"@id\":\"https:\/\/werocksport.com\/martin-kern-le-trail-une-quete-de-liberte\/#breadcrumb\",\"itemListElement\":[{\"@type\":\"ListItem\",\"position\":1,\"name\":\"Home\",\"item\":\"https:\/\/werocksport.com\/\"},{\"@type\":\"ListItem\",\"position\":2,\"name\":\"MARTIN KERN &#8211; LE TRAIL : UNE QU\u00caTE DE LIBERT\u00c9\"}]},{\"@type\":\"WebSite\",\"@id\":\"https:\/\/werocksport.com\/#website\",\"url\":\"https:\/\/werocksport.com\/\",\"name\":\"We Rock Sport\",\"description\":\"le m\u00e9dia 100% outdoor !\",\"publisher\":{\"@id\":\"https:\/\/werocksport.com\/#organization\"},\"potentialAction\":[{\"@type\":\"SearchAction\",\"target\":{\"@type\":\"EntryPoint\",\"urlTemplate\":\"https:\/\/werocksport.com\/?s={search_term_string}\"},\"query-input\":{\"@type\":\"PropertyValueSpecification\",\"valueRequired\":true,\"valueName\":\"search_term_string\"}}],\"inLanguage\":\"de\"},{\"@type\":\"Organization\",\"@id\":\"https:\/\/werocksport.com\/#organization\",\"name\":\"We Rock Sport\",\"url\":\"https:\/\/werocksport.com\/\",\"logo\":{\"@type\":\"ImageObject\",\"inLanguage\":\"de\",\"@id\":\"https:\/\/werocksport.com\/#\/schema\/logo\/image\/\",\"url\":\"https:\/\/werocksport.com\/wp-content\/uploads\/2020\/12\/WRS-logo.png\",\"contentUrl\":\"https:\/\/werocksport.com\/wp-content\/uploads\/2020\/12\/WRS-logo.png\",\"width\":136,\"height\":60,\"caption\":\"We Rock Sport\"},\"image\":{\"@id\":\"https:\/\/werocksport.com\/#\/schema\/logo\/image\/\"}},{\"@type\":\"Person\",\"@id\":\"https:\/\/werocksport.com\/#\/schema\/person\/dd296d720f707d08adeaf8cb80afb9ec\",\"name\":\"Emmanuel Morell\",\"image\":{\"@type\":\"ImageObject\",\"inLanguage\":\"de\",\"@id\":\"https:\/\/secure.gravatar.com\/avatar\/de044757faaba64b0534f56a73332e8dea9b4e61cea3c751cba5b277b625215e?s=96&d=mm&r=g\",\"url\":\"https:\/\/secure.gravatar.com\/avatar\/de044757faaba64b0534f56a73332e8dea9b4e61cea3c751cba5b277b625215e?s=96&d=mm&r=g\",\"contentUrl\":\"https:\/\/secure.gravatar.com\/avatar\/de044757faaba64b0534f56a73332e8dea9b4e61cea3c751cba5b277b625215e?s=96&d=mm&r=g\",\"caption\":\"Emmanuel Morell\"}}]}<\/script>\n<!-- \/ Yoast SEO plugin. -->","yoast_head_json":{"title":"MARTIN KERN - DIE SPUR: EINE SUCHE NACH FREIHEIT - We Rock Sport","robots":{"index":"index","follow":"follow","max-snippet":"max-snippet:-1","max-image-preview":"max-image-preview:large","max-video-preview":"max-video-preview:-1"},"canonical":"https:\/\/werocksport.com\/de\/martin-kern-le-trail-une-quete-de-liberte\/","og_locale":"de_DE","og_type":"article","og_title":"MARTIN KERN - LE TRAIL : UNE QU\u00caTE DE LIBERT\u00c9 - We Rock Sport","og_description":"\u00c0 33 ans, Martin Kern poss\u00e8de un beau palmar\u00e8s dans l\u2019Ultra Trail&nbsp;: Vainqueur du Swiss Canyon Trail (2019), et de la 6000D (2019) et 12\u00e8me de l\u2019UTMB (2019). Cet ing\u00e9nieur de formation et v\u00e9ritable f\u00e9ru de sports vit sa passion entre Vallouise et Grenoble comme une qu\u00eate de libert\u00e9 et une recherche de pl\u00e9nitude essentielle [&hellip;]","og_url":"https:\/\/werocksport.com\/de\/martin-kern-le-trail-une-quete-de-liberte\/","og_site_name":"We Rock Sport","article_published_time":"2021-03-10T08:00:00+00:00","og_image":[{"width":1920,"height":1080,"url":"https:\/\/werocksport.com\/wp-content\/uploads\/2021\/03\/WRS_MARTIN_KERN-1.jpg","type":"image\/jpeg"}],"author":"Emmanuel Morell","twitter_card":"summary_large_image","twitter_misc":{"Verfasst von":"Emmanuel Morell","Gesch\u00e4tzte Lesezeit":"1\u00a0Minute"},"schema":{"@context":"https:\/\/schema.org","@graph":[{"@type":"Article","@id":"https:\/\/werocksport.com\/martin-kern-le-trail-une-quete-de-liberte\/#article","isPartOf":{"@id":"https:\/\/werocksport.com\/martin-kern-le-trail-une-quete-de-liberte\/"},"author":{"name":"Emmanuel Morell","@id":"https:\/\/werocksport.com\/#\/schema\/person\/dd296d720f707d08adeaf8cb80afb9ec"},"headline":"MARTIN KERN &#8211; LE TRAIL : UNE QU\u00caTE DE LIBERT\u00c9","datePublished":"2021-03-10T08:00:00+00:00","mainEntityOfPage":{"@id":"https:\/\/werocksport.com\/martin-kern-le-trail-une-quete-de-liberte\/"},"wordCount":219,"publisher":{"@id":"https:\/\/werocksport.com\/#organization"},"keywords":["Arc&#039;Teryx","Martin Kern","Outer Peace","Sport","Swiss Canyon Trail","trail","Ultra-trail"],"articleSection":["Inspiration"],"inLanguage":"de"},{"@type":"WebPage","@id":"https:\/\/werocksport.com\/martin-kern-le-trail-une-quete-de-liberte\/","url":"https:\/\/werocksport.com\/martin-kern-le-trail-une-quete-de-liberte\/","name":"MARTIN KERN - DIE SPUR: EINE SUCHE NACH FREIHEIT - We Rock Sport","isPartOf":{"@id":"https:\/\/werocksport.com\/#website"},"datePublished":"2021-03-10T08:00:00+00:00","breadcrumb":{"@id":"https:\/\/werocksport.com\/martin-kern-le-trail-une-quete-de-liberte\/#breadcrumb"},"inLanguage":"de","potentialAction":[{"@type":"ReadAction","target":["https:\/\/werocksport.com\/martin-kern-le-trail-une-quete-de-liberte\/"]}]},{"@type":"BreadcrumbList","@id":"https:\/\/werocksport.com\/martin-kern-le-trail-une-quete-de-liberte\/#breadcrumb","itemListElement":[{"@type":"ListItem","position":1,"name":"Home","item":"https:\/\/werocksport.com\/"},{"@type":"ListItem","position":2,"name":"MARTIN KERN &#8211; LE TRAIL : UNE QU\u00caTE DE LIBERT\u00c9"}]},{"@type":"WebSite","@id":"https:\/\/werocksport.com\/#website","url":"https:\/\/werocksport.com\/","name":"Wir rocken Sport","description":"das Medium 100% outdoor!","publisher":{"@id":"https:\/\/werocksport.com\/#organization"},"potentialAction":[{"@type":"SearchAction","target":{"@type":"EntryPoint","urlTemplate":"https:\/\/werocksport.com\/?s={search_term_string}"},"query-input":{"@type":"PropertyValueSpecification","valueRequired":true,"valueName":"search_term_string"}}],"inLanguage":"de"},{"@type":"Organization","@id":"https:\/\/werocksport.com\/#organization","name":"Wir rocken Sport","url":"https:\/\/werocksport.com\/","logo":{"@type":"ImageObject","inLanguage":"de","@id":"https:\/\/werocksport.com\/#\/schema\/logo\/image\/","url":"https:\/\/werocksport.com\/wp-content\/uploads\/2020\/12\/WRS-logo.png","contentUrl":"https:\/\/werocksport.com\/wp-content\/uploads\/2020\/12\/WRS-logo.png","width":136,"height":60,"caption":"We Rock Sport"},"image":{"@id":"https:\/\/werocksport.com\/#\/schema\/logo\/image\/"}},{"@type":"Person","@id":"https:\/\/werocksport.com\/#\/schema\/person\/dd296d720f707d08adeaf8cb80afb9ec","name":"Emmanuel Morell","image":{"@type":"ImageObject","inLanguage":"de","@id":"https:\/\/secure.gravatar.com\/avatar\/de044757faaba64b0534f56a73332e8dea9b4e61cea3c751cba5b277b625215e?s=96&d=mm&r=g","url":"https:\/\/secure.gravatar.com\/avatar\/de044757faaba64b0534f56a73332e8dea9b4e61cea3c751cba5b277b625215e?s=96&d=mm&r=g","contentUrl":"https:\/\/secure.gravatar.com\/avatar\/de044757faaba64b0534f56a73332e8dea9b4e61cea3c751cba5b277b625215e?s=96&d=mm&r=g","caption":"Emmanuel Morell"}}]}},"jetpack_featured_media_url":"","_links":{"self":[{"href":"https:\/\/werocksport.com\/de\/wp-json\/wp\/v2\/posts\/609","targetHints":{"allow":["GET"]}}],"collection":[{"href":"https:\/\/werocksport.com\/de\/wp-json\/wp\/v2\/posts"}],"about":[{"href":"https:\/\/werocksport.com\/de\/wp-json\/wp\/v2\/types\/post"}],"author":[{"embeddable":true,"href":"https:\/\/werocksport.com\/de\/wp-json\/wp\/v2\/users\/12"}],"replies":[{"embeddable":true,"href":"https:\/\/werocksport.com\/de\/wp-json\/wp\/v2\/comments?post=609"}],"version-history":[{"count":2,"href":"https:\/\/werocksport.com\/de\/wp-json\/wp\/v2\/posts\/609\/revisions"}],"predecessor-version":[{"id":612,"href":"https:\/\/werocksport.com\/de\/wp-json\/wp\/v2\/posts\/609\/revisions\/612"}],"wp:attachment":[{"href":"https:\/\/werocksport.com\/de\/wp-json\/wp\/v2\/media?parent=609"}],"wp:term":[{"taxonomy":"category","embeddable":true,"href":"https:\/\/werocksport.com\/de\/wp-json\/wp\/v2\/categories?post=609"},{"taxonomy":"post_tag","embeddable":true,"href":"https:\/\/werocksport.com\/de\/wp-json\/wp\/v2\/tags?post=609"}],"curies":[{"name":"wp","href":"https:\/\/api.w.org\/{rel}","templated":true}]}}