{"id":4533,"date":"2023-09-29T17:06:32","date_gmt":"2023-09-29T15:06:32","guid":{"rendered":"https:\/\/werocksport.com\/?p=4533"},"modified":"2023-09-29T19:45:36","modified_gmt":"2023-09-29T17:45:36","slug":"kilian-bron-presente-en-avant-premiere-au-roc-dazur-son-documentaire-fuego","status":"publish","type":"post","link":"https:\/\/werocksport.com\/de\/kilian-bron-presente-en-avant-premiere-au-roc-dazur-son-documentaire-fuego\/","title":{"rendered":"Kilian Bron pr\u00e4sentiert im Roc d'Azur die Vorpremiere seines Dokumentarfilms \"Fuego\"."},"content":{"rendered":"<p><strong>Der Private Sport Shop-Botschafter wird n\u00e4chste Woche anl\u00e4sslich des ber\u00fchmten Mountainbike-Events an der C\u00f4te d'Azur sein, um seinen 55-min\u00fctigen Dokumentarfilm \"Fuego\" zu enth\u00fcllen.<\/strong><\/p>\n\n\n\n<p>Zu Beginn des Jahres <a href=\"https:\/\/werocksport.com\/kilian-bron-devoile-fuego\/\">Kilian Bron hatte ein Video mit dem Namen \"Fuego\" enth\u00fcllt<\/a> (Der Name des Films war eine Hommage an den 3.763 Meter hohen guatemaltekischen Vulkan, der einen Tag nach seiner Ankunft vor Ort ausgebrochen war). \"Fuego\" ist ein wunderbarer Edit aus der Feder des Private Sport Shop-Botschafters und seines Teams, der an den farbenfrohen Spots S\u00fcdamerikas gedreht wurde (siehe unten). Von Guatemala \u00fcber Bolivien bis Peru ist dieser Film ein Festival der unterschiedlichsten Landschaften und eine neue Lektion im Fahren, die Kilian an diesen Spots am Ende der Welt erteilt. Die bunten Fassaden des Barrio Chualluma in La Paz, die geologischen Formationen des Valle de las Animas und die Kontraste des Auzangate sind nur einige Beispiele.<\/p>\n\n\n\n<figure class=\"wp-block-embed is-type-video is-provider-youtube wp-block-embed-youtube wp-embed-aspect-16-9 wp-has-aspect-ratio\"><div class=\"wp-block-embed__wrapper\">\n<iframe loading=\"lazy\" title=\"FUEGO - Kilian Bron\" width=\"1170\" height=\"658\" src=\"https:\/\/www.youtube.com\/embed\/qPY3fYSR4Wk?feature=oembed\" frameborder=\"0\" allow=\"accelerometer; autoplay; clipboard-write; encrypted-media; gyroscope; picture-in-picture; web-share\" allowfullscreen><\/iframe>\n<\/div><\/figure>\n\n\n\n<p>Nun ist es ein gr\u00f6\u00dferer 55-min\u00fctiger Dokumentarfilm \u00fcber dieses s\u00fcdamerikanische Abenteuer, den der Rider Commencal ver\u00f6ffentlichen wird. Die Vorpremiere findet anl\u00e4sslich des n\u00e4chsten Roc D'Azur (4. - 8. Oktober) statt. <strong>Der Termin ist am Freitag, den 6. Oktober um 18 Uhr im Kino Lido in Saint-Rapha\u00ebl. <\/strong>f\u00fcr ein Kino\/Konferenz\/Apero und die Vorpremiere dieses Dokumentarfilms. We Rock Sport wird vor Ort sein. Es wird auch eine Gelegenheit f\u00fcr das Publikum sein, Kilian Bron und seinem Team (Mathieu Ruffray, Pierre Henni und JB Liautard) Fragen zu stellen.<\/p>\n\n\n<blockquote class=\"instagram-media\" data-instgrm-captioned=\"\" data-instgrm-permalink=\"https:\/\/www.instagram.com\/p\/CwVhMOlMC_3\/?utm_source=ig_embed&amp;utm_campaign=loading\" data-instgrm-version=\"14\" style=\" background:#FFF; border:0; border-radius:3px; box-shadow:0 0 1px 0 rgba(0,0,0,0.5),0 1px 10px 0 rgba(0,0,0,0.15); margin: 1px; max-width:540px; min-width:326px; padding:0; width:99.375%; width:-webkit-calc(100% - 2px); width:calc(100% - 2px);\">\n<div style=\"padding:16px;\"> <a href=\"https:\/\/www.instagram.com\/p\/CwVhMOlMC_3\/?utm_source=ig_embed&amp;utm_campaign=loading\" style=\" background:#FFFFFF; line-height:0; padding:0 0; text-align:center; text-decoration:none; width:100%;\" target=\"_blank\" rel=\"noopener\"> <p><\/p>\n<div style=\" display: flex; flex-direction: row; align-items: center;\">\n<div style=\"background-color: #F4F4F4; border-radius: 50%; flex-grow: 0; height: 40px; margin-right: 14px; width: 40px;\"><\/div>\n<div style=\"display: flex; flex-direction: column; flex-grow: 1; justify-content: center;\">\n<div style=\" background-color: #F4F4F4; border-radius: 4px; flex-grow: 0; height: 14px; margin-bottom: 6px; width: 100px;\"><\/div>\n<div style=\" background-color: #F4F4F4; border-radius: 4px; flex-grow: 0; height: 14px; width: 60px;\"><\/div>\n<\/div>\n<\/div>\n<div style=\"padding: 19% 0;\"><\/div>\n<div style=\"display:block; height:50px; margin:0 auto 12px; width:50px;\"><svg width=\"50px\" height=\"50px\" viewbox=\"0 0 60 60\" version=\"1.1\" xmlns=\"https:\/\/www.w3.org\/2000\/svg\" xmlns:xlink=\"https:\/\/www.w3.org\/1999\/xlink\"><g stroke=\"none\" stroke-width=\"1\" fill=\"none\" fill-rule=\"evenodd\"><g transform=\"translate(-511.000000, -20.000000)\" fill=\"#000000\"><g><path d=\"M556.869,30.41 C554.814,30.41 553.148,32.076 553.148,34.131 C553.148,36.186 554.814,37.852 556.869,37.852 C558.924,37.852 560.59,36.186 560.59,34.131 C560.59,32.076 558.924,30.41 556.869,30.41 M541,60.657 C535.114,60.657 530.342,55.887 530.342,50 C530.342,44.114 535.114,39.342 541,39.342 C546.887,39.342 551.658,44.114 551.658,50 C551.658,55.887 546.887,60.657 541,60.657 M541,33.886 C532.1,33.886 524.886,41.1 524.886,50 C524.886,58.899 532.1,66.113 541,66.113 C549.9,66.113 557.115,58.899 557.115,50 C557.115,41.1 549.9,33.886 541,33.886 M565.378,62.101 C565.244,65.022 564.756,66.606 564.346,67.663 C563.803,69.06 563.154,70.057 562.106,71.106 C561.058,72.155 560.06,72.803 558.662,73.347 C557.607,73.757 556.021,74.244 553.102,74.378 C549.944,74.521 548.997,74.552 541,74.552 C533.003,74.552 532.056,74.521 528.898,74.378 C525.979,74.244 524.393,73.757 523.338,73.347 C521.94,72.803 520.942,72.155 519.894,71.106 C518.846,70.057 518.197,69.06 517.654,67.663 C517.244,66.606 516.755,65.022 516.623,62.101 C516.479,58.943 516.448,57.996 516.448,50 C516.448,42.003 516.479,41.056 516.623,37.899 C516.755,34.978 517.244,33.391 517.654,32.338 C518.197,30.938 518.846,29.942 519.894,28.894 C520.942,27.846 521.94,27.196 523.338,26.654 C524.393,26.244 525.979,25.756 528.898,25.623 C532.057,25.479 533.004,25.448 541,25.448 C548.997,25.448 549.943,25.479 553.102,25.623 C556.021,25.756 557.607,26.244 558.662,26.654 C560.06,27.196 561.058,27.846 562.106,28.894 C563.154,29.942 563.803,30.938 564.346,32.338 C564.756,33.391 565.244,34.978 565.378,37.899 C565.522,41.056 565.552,42.003 565.552,50 C565.552,57.996 565.522,58.943 565.378,62.101 M570.82,37.631 C570.674,34.438 570.167,32.258 569.425,30.349 C568.659,28.377 567.633,26.702 565.965,25.035 C564.297,23.368 562.623,22.342 560.652,21.575 C558.743,20.834 556.562,20.326 553.369,20.18 C550.169,20.033 549.148,20 541,20 C532.853,20 531.831,20.033 528.631,20.18 C525.438,20.326 523.257,20.834 521.349,21.575 C519.376,22.342 517.703,23.368 516.035,25.035 C514.368,26.702 513.342,28.377 512.574,30.349 C511.834,32.258 511.326,34.438 511.181,37.631 C511.035,40.831 511,41.851 511,50 C511,58.147 511.035,59.17 511.181,62.369 C511.326,65.562 511.834,67.743 512.574,69.651 C513.342,71.625 514.368,73.296 516.035,74.965 C517.703,76.634 519.376,77.658 521.349,78.425 C523.257,79.167 525.438,79.673 528.631,79.82 C531.831,79.965 532.853,80.001 541,80.001 C549.148,80.001 550.169,79.965 553.369,79.82 C556.562,79.673 558.743,79.167 560.652,78.425 C562.623,77.658 564.297,76.634 565.965,74.965 C567.633,73.296 568.659,71.625 569.425,69.651 C570.167,67.743 570.674,65.562 570.82,62.369 C570.966,59.17 571,58.147 571,50 C571,41.851 570.966,40.831 570.82,37.631\"><\/path><\/g><\/g><\/g><\/svg><\/div>\n<div style=\"padding-top: 8px;\">\n<div style=\" color:#3897f0; font-family:Arial,sans-serif; font-size:14px; font-style:normal; font-weight:550; line-height:18px;\">Diesen Beitrag auf Instagram sehen<\/div>\n<\/div>\n<div style=\"padding: 12.5% 0;\"><\/div>\n<div style=\"display: flex; flex-direction: row; margin-bottom: 14px; align-items: center;\">\n<div>\n<div style=\"background-color: #F4F4F4; border-radius: 50%; height: 12.5px; width: 12.5px; transform: translateX(0px) translateY(7px);\"><\/div>\n<div style=\"background-color: #F4F4F4; height: 12.5px; transform: rotate(-45deg) translateX(3px) translateY(1px); width: 12.5px; flex-grow: 0; margin-right: 14px; margin-left: 2px;\"><\/div>\n<div style=\"background-color: #F4F4F4; border-radius: 50%; height: 12.5px; width: 12.5px; transform: translateX(9px) translateY(-18px);\"><\/div>\n<\/div>\n<div style=\"margin-left: 8px;\">\n<div style=\" background-color: #F4F4F4; border-radius: 50%; flex-grow: 0; height: 20px; width: 20px;\"><\/div>\n<div style=\" width: 0; height: 0; border-top: 2px solid transparent; border-left: 6px solid #f4f4f4; border-bottom: 2px solid transparent; transform: translateX(16px) translateY(-4px) rotate(30deg)\"><\/div>\n<\/div>\n<div style=\"margin-left: auto;\">\n<div style=\" width: 0px; border-top: 8px solid #F4F4F4; border-right: 8px solid transparent; transform: translateY(16px);\"><\/div>\n<div style=\" background-color: #F4F4F4; flex-grow: 0; height: 12px; width: 16px; transform: translateY(-4px);\"><\/div>\n<div style=\" width: 0; height: 0; border-top: 8px solid #F4F4F4; border-left: 8px solid transparent; transform: translateY(-4px) translateX(8px);\"><\/div>\n<\/div>\n<\/div>\n<div style=\"display: flex; flex-direction: column; flex-grow: 1; justify-content: center; margin-bottom: 24px;\">\n<div style=\" background-color: #F4F4F4; border-radius: 4px; flex-grow: 0; height: 14px; margin-bottom: 6px; width: 224px;\"><\/div>\n<div style=\" background-color: #F4F4F4; border-radius: 4px; flex-grow: 0; height: 14px; width: 144px;\"><\/div>\n<\/div>\n<\/a><p><a href=\"https:\/\/www.instagram.com\/p\/CwVhMOlMC_3\/?utm_source=ig_embed&amp;utm_campaign=loading\" style=\" background:#FFFFFF; line-height:0; padding:0 0; text-align:center; text-decoration:none; width:100%;\" target=\"_blank\" rel=\"noopener\"><\/a><\/p>\n<p><a href=\"https:\/\/www.instagram.com\/p\/CwVhMOlMC_3\/?utm_source=ig_embed&amp;utm_campaign=loading\" style=\" background:#FFFFFF; line-height:0; padding:0 0; text-align:center; text-decoration:none; width:100%;\" target=\"_blank\" rel=\"noopener\"><\/a><\/p>\n<p style=\" color:#c9c8cd; font-family:Arial,sans-serif; font-size:14px; line-height:17px; margin-bottom:0; margin-top:8px; overflow:hidden; padding:8px 0 7px; text-align:center; text-overflow:ellipsis; white-space:nowrap;\"><a href=\"https:\/\/www.instagram.com\/p\/CwVhMOlMC_3\/?utm_source=ig_embed&amp;utm_campaign=loading\" style=\" color:#c9c8cd; font-family:Arial,sans-serif; font-size:14px; font-style:normal; font-weight:normal; line-height:17px; text-decoration:none;\" target=\"_blank\" rel=\"noopener\">Ein Beitrag geteilt von Jb Liautard \ud83d\udcf7 (@jbliautard)<\/a><\/p>\n<\/div>\n<\/blockquote>\n<p> <script async=\"\" src=\"\/\/www.instagram.com\/embed.js\"><\/script><\/p>\n\n\n<p>Die T\u00fcren werden um 18 Uhr ge\u00f6ffnet, die Vorstellung beginnt um 18.15 Uhr. Im Anschluss an die Vorf\u00fchrung k\u00f6nnen Sie Fragen stellen und beantworten. F\u00fcr die Wagemutigen gibt es anschlie\u00dfend einen gem\u00fctlichen Moment bei einem Getr\u00e4nk im South Wake Park in Puget-Sur-Argens. Mit Ihrer Eintrittskarte k\u00f6nnen Sie auch versuchen, einen der Preise von Kilians Partnern zu gewinnen. Um Ihre Eintrittskarten zu erhalten, wenden Sie sich bitte an <strong><a href=\"https:\/\/my.weezevent.com\/fuego-avant-premiere-roc-dazur?_gl=1*bmk153*_gcl_au*MTg4NDY2MjUxNS4xNjk0NjIzODg1*_ga*MTYwNDA2Mzg0OS4xNjk0NjIzODg1*_ga_39H9VBFX7G*MTY5NDc4MjUzOS4zLjEuMTY5NDc4NDE4MC41My4wLjA\" target=\"_blank\" rel=\"noreferrer noopener\">diese Adresse<\/a><\/strong>.<\/p>\n\n\n<div class=\"wp-block-image\">\n<figure class=\"aligncenter size-large\"><img loading=\"lazy\" decoding=\"async\" width=\"576\" height=\"1024\" src=\"https:\/\/werocksport.com\/wp-content\/uploads\/2023\/09\/STORIES-576x1024.png\" alt=\"\" class=\"wp-image-4535\" srcset=\"https:\/\/werocksport.com\/wp-content\/uploads\/2023\/09\/STORIES-576x1024.png 576w, https:\/\/werocksport.com\/wp-content\/uploads\/2023\/09\/STORIES-169x300.png 169w, https:\/\/werocksport.com\/wp-content\/uploads\/2023\/09\/STORIES-768x1365.png 768w, https:\/\/werocksport.com\/wp-content\/uploads\/2023\/09\/STORIES-864x1536.png 864w, https:\/\/werocksport.com\/wp-content\/uploads\/2023\/09\/STORIES-7x12.png 7w, https:\/\/werocksport.com\/wp-content\/uploads\/2023\/09\/STORIES-450x800.png 450w, https:\/\/werocksport.com\/wp-content\/uploads\/2023\/09\/STORIES-780x1387.png 780w, https:\/\/werocksport.com\/wp-content\/uploads\/2023\/09\/STORIES.png 1080w\" sizes=\"auto, (max-width: 576px) 100vw, 576px\" \/><\/figure>\n<\/div>","protected":false},"excerpt":{"rendered":"<p>L\u2019ambassadeur Private Sport Shop sera sur la C\u00f4te d\u2019Azur la semaine prochaine \u00e0 l\u2019occasion du c\u00e9l\u00e8bre \u00e9v\u00e9nement de VTT pour d\u00e9voiler son documentaire de 55 minutes &#8220;Fuego&#8221;. En d\u00e9but d\u2019ann\u00e9e, Kilian Bron avait d\u00e9voil\u00e9 une vid\u00e9o baptis\u00e9e &#8220;Fuego&#8221; (le nom du film \u00e9tait un hommage au volcan&nbsp;guat\u00e9malt\u00e8que de 3&nbsp;763&nbsp;m\u00e8tres d\u2019altitude qui \u00e9tait entr\u00e9 en \u00e9ruption [&hellip;]<\/p>\n","protected":false},"author":11,"featured_media":4540,"comment_status":"closed","ping_status":"closed","sticky":false,"template":"","format":"standard","meta":{"footnotes":""},"categories":[44],"tags":[485,472,228,137],"class_list":{"0":"post-4533","1":"post","2":"type-post","3":"status-publish","4":"format-standard","5":"has-post-thumbnail","7":"category-aventure","8":"tag-enduro","9":"tag-film","10":"tag-kilian-bron","11":"tag-vtt"},"yoast_head":"<!-- This site is optimized with the Yoast SEO plugin v27.2 - https:\/\/yoast.com\/product\/yoast-seo-wordpress\/ -->\n<title>Kilian Bron pr\u00e9sente en avant-premi\u00e8re au Roc d&#039;Azur son documentaire &quot;Fuego&quot; - We Rock Sport<\/title>\n<meta name=\"robots\" content=\"index, follow, max-snippet:-1, max-image-preview:large, max-video-preview:-1\" \/>\n<link rel=\"canonical\" href=\"https:\/\/werocksport.com\/de\/kilian-bron-presente-en-avant-premiere-au-roc-dazur-son-documentaire-fuego\/\" \/>\n<meta property=\"og:locale\" content=\"de_DE\" \/>\n<meta property=\"og:type\" content=\"article\" \/>\n<meta property=\"og:title\" content=\"Kilian Bron pr\u00e9sente en avant-premi\u00e8re au Roc d&#039;Azur son documentaire &quot;Fuego&quot; - We Rock Sport\" \/>\n<meta property=\"og:description\" content=\"L\u2019ambassadeur Private Sport Shop sera sur la C\u00f4te d\u2019Azur la semaine prochaine \u00e0 l\u2019occasion du c\u00e9l\u00e8bre \u00e9v\u00e9nement de VTT pour d\u00e9voiler son documentaire de 55 minutes &#8220;Fuego&#8221;. En d\u00e9but d\u2019ann\u00e9e, Kilian Bron avait d\u00e9voil\u00e9 une vid\u00e9o baptis\u00e9e &#8220;Fuego&#8221; (le nom du film \u00e9tait un hommage au volcan&nbsp;guat\u00e9malt\u00e8que de 3&nbsp;763&nbsp;m\u00e8tres d\u2019altitude qui \u00e9tait entr\u00e9 en \u00e9ruption [&hellip;]\" \/>\n<meta property=\"og:url\" content=\"https:\/\/werocksport.com\/de\/kilian-bron-presente-en-avant-premiere-au-roc-dazur-son-documentaire-fuego\/\" \/>\n<meta property=\"og:site_name\" content=\"We Rock Sport\" \/>\n<meta property=\"article:published_time\" content=\"2023-09-29T15:06:32+00:00\" \/>\n<meta property=\"article:modified_time\" content=\"2023-09-29T17:45:36+00:00\" \/>\n<meta property=\"og:image\" content=\"https:\/\/werocksport.com\/wp-content\/uploads\/2023\/09\/hhhh.jpg\" \/>\n\t<meta property=\"og:image:width\" content=\"1241\" \/>\n\t<meta property=\"og:image:height\" content=\"614\" \/>\n\t<meta property=\"og:image:type\" content=\"image\/jpeg\" \/>\n<meta name=\"author\" content=\"vincent girard\" \/>\n<meta name=\"twitter:card\" content=\"summary_large_image\" \/>\n<meta name=\"twitter:label1\" content=\"Verfasst von\" \/>\n\t<meta name=\"twitter:data1\" content=\"vincent girard\" \/>\n\t<meta name=\"twitter:label2\" content=\"Gesch\u00e4tzte Lesezeit\" \/>\n\t<meta name=\"twitter:data2\" content=\"2\u00a0Minuten\" \/>\n<script type=\"application\/ld+json\" class=\"yoast-schema-graph\">{\"@context\":\"https:\/\/schema.org\",\"@graph\":[{\"@type\":\"Article\",\"@id\":\"https:\/\/werocksport.com\/kilian-bron-presente-en-avant-premiere-au-roc-dazur-son-documentaire-fuego\/#article\",\"isPartOf\":{\"@id\":\"https:\/\/werocksport.com\/kilian-bron-presente-en-avant-premiere-au-roc-dazur-son-documentaire-fuego\/\"},\"author\":{\"name\":\"vincent girard\",\"@id\":\"https:\/\/werocksport.com\/#\/schema\/person\/fda0db71bd8f31705d1685623d7ec3d9\"},\"headline\":\"Kilian Bron pr\u00e9sente en avant-premi\u00e8re au Roc d&#8217;Azur son documentaire &#8220;Fuego&#8221;\",\"datePublished\":\"2023-09-29T15:06:32+00:00\",\"dateModified\":\"2023-09-29T17:45:36+00:00\",\"mainEntityOfPage\":{\"@id\":\"https:\/\/werocksport.com\/kilian-bron-presente-en-avant-premiere-au-roc-dazur-son-documentaire-fuego\/\"},\"wordCount\":391,\"publisher\":{\"@id\":\"https:\/\/werocksport.com\/#organization\"},\"image\":{\"@id\":\"https:\/\/werocksport.com\/kilian-bron-presente-en-avant-premiere-au-roc-dazur-son-documentaire-fuego\/#primaryimage\"},\"thumbnailUrl\":\"https:\/\/werocksport.com\/wp-content\/uploads\/2023\/09\/hhhh.jpg\",\"keywords\":[\"enduro\",\"film\",\"Kilian Bron\",\"VTT\"],\"articleSection\":[\"Aventure\"],\"inLanguage\":\"de\"},{\"@type\":\"WebPage\",\"@id\":\"https:\/\/werocksport.com\/kilian-bron-presente-en-avant-premiere-au-roc-dazur-son-documentaire-fuego\/\",\"url\":\"https:\/\/werocksport.com\/kilian-bron-presente-en-avant-premiere-au-roc-dazur-son-documentaire-fuego\/\",\"name\":\"Kilian Bron pr\u00e9sente en avant-premi\u00e8re au Roc d'Azur son documentaire \\\"Fuego\\\" - We Rock Sport\",\"isPartOf\":{\"@id\":\"https:\/\/werocksport.com\/#website\"},\"primaryImageOfPage\":{\"@id\":\"https:\/\/werocksport.com\/kilian-bron-presente-en-avant-premiere-au-roc-dazur-son-documentaire-fuego\/#primaryimage\"},\"image\":{\"@id\":\"https:\/\/werocksport.com\/kilian-bron-presente-en-avant-premiere-au-roc-dazur-son-documentaire-fuego\/#primaryimage\"},\"thumbnailUrl\":\"https:\/\/werocksport.com\/wp-content\/uploads\/2023\/09\/hhhh.jpg\",\"datePublished\":\"2023-09-29T15:06:32+00:00\",\"dateModified\":\"2023-09-29T17:45:36+00:00\",\"breadcrumb\":{\"@id\":\"https:\/\/werocksport.com\/kilian-bron-presente-en-avant-premiere-au-roc-dazur-son-documentaire-fuego\/#breadcrumb\"},\"inLanguage\":\"de\",\"potentialAction\":[{\"@type\":\"ReadAction\",\"target\":[\"https:\/\/werocksport.com\/kilian-bron-presente-en-avant-premiere-au-roc-dazur-son-documentaire-fuego\/\"]}]},{\"@type\":\"ImageObject\",\"inLanguage\":\"de\",\"@id\":\"https:\/\/werocksport.com\/kilian-bron-presente-en-avant-premiere-au-roc-dazur-son-documentaire-fuego\/#primaryimage\",\"url\":\"https:\/\/werocksport.com\/wp-content\/uploads\/2023\/09\/hhhh.jpg\",\"contentUrl\":\"https:\/\/werocksport.com\/wp-content\/uploads\/2023\/09\/hhhh.jpg\",\"width\":1241,\"height\":614},{\"@type\":\"BreadcrumbList\",\"@id\":\"https:\/\/werocksport.com\/kilian-bron-presente-en-avant-premiere-au-roc-dazur-son-documentaire-fuego\/#breadcrumb\",\"itemListElement\":[{\"@type\":\"ListItem\",\"position\":1,\"name\":\"Home\",\"item\":\"https:\/\/werocksport.com\/\"},{\"@type\":\"ListItem\",\"position\":2,\"name\":\"Kilian Bron pr\u00e9sente en avant-premi\u00e8re au Roc d&rsquo;Azur son documentaire \u00ab\u00a0Fuego\u00a0\u00bb\"}]},{\"@type\":\"WebSite\",\"@id\":\"https:\/\/werocksport.com\/#website\",\"url\":\"https:\/\/werocksport.com\/\",\"name\":\"We Rock Sport\",\"description\":\"le m\u00e9dia 100% outdoor !\",\"publisher\":{\"@id\":\"https:\/\/werocksport.com\/#organization\"},\"potentialAction\":[{\"@type\":\"SearchAction\",\"target\":{\"@type\":\"EntryPoint\",\"urlTemplate\":\"https:\/\/werocksport.com\/?s={search_term_string}\"},\"query-input\":{\"@type\":\"PropertyValueSpecification\",\"valueRequired\":true,\"valueName\":\"search_term_string\"}}],\"inLanguage\":\"de\"},{\"@type\":\"Organization\",\"@id\":\"https:\/\/werocksport.com\/#organization\",\"name\":\"We Rock Sport\",\"url\":\"https:\/\/werocksport.com\/\",\"logo\":{\"@type\":\"ImageObject\",\"inLanguage\":\"de\",\"@id\":\"https:\/\/werocksport.com\/#\/schema\/logo\/image\/\",\"url\":\"https:\/\/werocksport.com\/wp-content\/uploads\/2020\/12\/WRS-logo.png\",\"contentUrl\":\"https:\/\/werocksport.com\/wp-content\/uploads\/2020\/12\/WRS-logo.png\",\"width\":136,\"height\":60,\"caption\":\"We Rock Sport\"},\"image\":{\"@id\":\"https:\/\/werocksport.com\/#\/schema\/logo\/image\/\"}},{\"@type\":\"Person\",\"@id\":\"https:\/\/werocksport.com\/#\/schema\/person\/fda0db71bd8f31705d1685623d7ec3d9\",\"name\":\"vincent girard\",\"image\":{\"@type\":\"ImageObject\",\"inLanguage\":\"de\",\"@id\":\"https:\/\/secure.gravatar.com\/avatar\/d110edb058ac132daf0a052c59f3f137e4842586bc4e35431e2ca6e70a27b393?s=96&d=mm&r=g\",\"url\":\"https:\/\/secure.gravatar.com\/avatar\/d110edb058ac132daf0a052c59f3f137e4842586bc4e35431e2ca6e70a27b393?s=96&d=mm&r=g\",\"contentUrl\":\"https:\/\/secure.gravatar.com\/avatar\/d110edb058ac132daf0a052c59f3f137e4842586bc4e35431e2ca6e70a27b393?s=96&d=mm&r=g\",\"caption\":\"vincent girard\"}}]}<\/script>\n<!-- \/ Yoast SEO plugin. -->","yoast_head_json":{"title":"Kilian Bron pr\u00e4sentiert in einer Vorpremiere am Roc d'Azur seinen Dokumentarfilm \"Fuego\" - We Rock Sport","robots":{"index":"index","follow":"follow","max-snippet":"max-snippet:-1","max-image-preview":"max-image-preview:large","max-video-preview":"max-video-preview:-1"},"canonical":"https:\/\/werocksport.com\/de\/kilian-bron-presente-en-avant-premiere-au-roc-dazur-son-documentaire-fuego\/","og_locale":"de_DE","og_type":"article","og_title":"Kilian Bron pr\u00e9sente en avant-premi\u00e8re au Roc d'Azur son documentaire \"Fuego\" - We Rock Sport","og_description":"L\u2019ambassadeur Private Sport Shop sera sur la C\u00f4te d\u2019Azur la semaine prochaine \u00e0 l\u2019occasion du c\u00e9l\u00e8bre \u00e9v\u00e9nement de VTT pour d\u00e9voiler son documentaire de 55 minutes &#8220;Fuego&#8221;. En d\u00e9but d\u2019ann\u00e9e, Kilian Bron avait d\u00e9voil\u00e9 une vid\u00e9o baptis\u00e9e &#8220;Fuego&#8221; (le nom du film \u00e9tait un hommage au volcan&nbsp;guat\u00e9malt\u00e8que de 3&nbsp;763&nbsp;m\u00e8tres d\u2019altitude qui \u00e9tait entr\u00e9 en \u00e9ruption [&hellip;]","og_url":"https:\/\/werocksport.com\/de\/kilian-bron-presente-en-avant-premiere-au-roc-dazur-son-documentaire-fuego\/","og_site_name":"We Rock Sport","article_published_time":"2023-09-29T15:06:32+00:00","article_modified_time":"2023-09-29T17:45:36+00:00","og_image":[{"width":1241,"height":614,"url":"https:\/\/werocksport.com\/wp-content\/uploads\/2023\/09\/hhhh.jpg","type":"image\/jpeg"}],"author":"vincent girard","twitter_card":"summary_large_image","twitter_misc":{"Verfasst von":"vincent girard","Gesch\u00e4tzte Lesezeit":"2\u00a0Minuten"},"schema":{"@context":"https:\/\/schema.org","@graph":[{"@type":"Article","@id":"https:\/\/werocksport.com\/kilian-bron-presente-en-avant-premiere-au-roc-dazur-son-documentaire-fuego\/#article","isPartOf":{"@id":"https:\/\/werocksport.com\/kilian-bron-presente-en-avant-premiere-au-roc-dazur-son-documentaire-fuego\/"},"author":{"name":"vincent girard","@id":"https:\/\/werocksport.com\/#\/schema\/person\/fda0db71bd8f31705d1685623d7ec3d9"},"headline":"Kilian Bron pr\u00e9sente en avant-premi\u00e8re au Roc d&#8217;Azur son documentaire &#8220;Fuego&#8221;","datePublished":"2023-09-29T15:06:32+00:00","dateModified":"2023-09-29T17:45:36+00:00","mainEntityOfPage":{"@id":"https:\/\/werocksport.com\/kilian-bron-presente-en-avant-premiere-au-roc-dazur-son-documentaire-fuego\/"},"wordCount":391,"publisher":{"@id":"https:\/\/werocksport.com\/#organization"},"image":{"@id":"https:\/\/werocksport.com\/kilian-bron-presente-en-avant-premiere-au-roc-dazur-son-documentaire-fuego\/#primaryimage"},"thumbnailUrl":"https:\/\/werocksport.com\/wp-content\/uploads\/2023\/09\/hhhh.jpg","keywords":["enduro","film","Kilian Bron","VTT"],"articleSection":["Aventure"],"inLanguage":"de"},{"@type":"WebPage","@id":"https:\/\/werocksport.com\/kilian-bron-presente-en-avant-premiere-au-roc-dazur-son-documentaire-fuego\/","url":"https:\/\/werocksport.com\/kilian-bron-presente-en-avant-premiere-au-roc-dazur-son-documentaire-fuego\/","name":"Kilian Bron pr\u00e4sentiert in einer Vorpremiere am Roc d'Azur seinen Dokumentarfilm \"Fuego\" - We Rock Sport","isPartOf":{"@id":"https:\/\/werocksport.com\/#website"},"primaryImageOfPage":{"@id":"https:\/\/werocksport.com\/kilian-bron-presente-en-avant-premiere-au-roc-dazur-son-documentaire-fuego\/#primaryimage"},"image":{"@id":"https:\/\/werocksport.com\/kilian-bron-presente-en-avant-premiere-au-roc-dazur-son-documentaire-fuego\/#primaryimage"},"thumbnailUrl":"https:\/\/werocksport.com\/wp-content\/uploads\/2023\/09\/hhhh.jpg","datePublished":"2023-09-29T15:06:32+00:00","dateModified":"2023-09-29T17:45:36+00:00","breadcrumb":{"@id":"https:\/\/werocksport.com\/kilian-bron-presente-en-avant-premiere-au-roc-dazur-son-documentaire-fuego\/#breadcrumb"},"inLanguage":"de","potentialAction":[{"@type":"ReadAction","target":["https:\/\/werocksport.com\/kilian-bron-presente-en-avant-premiere-au-roc-dazur-son-documentaire-fuego\/"]}]},{"@type":"ImageObject","inLanguage":"de","@id":"https:\/\/werocksport.com\/kilian-bron-presente-en-avant-premiere-au-roc-dazur-son-documentaire-fuego\/#primaryimage","url":"https:\/\/werocksport.com\/wp-content\/uploads\/2023\/09\/hhhh.jpg","contentUrl":"https:\/\/werocksport.com\/wp-content\/uploads\/2023\/09\/hhhh.jpg","width":1241,"height":614},{"@type":"BreadcrumbList","@id":"https:\/\/werocksport.com\/kilian-bron-presente-en-avant-premiere-au-roc-dazur-son-documentaire-fuego\/#breadcrumb","itemListElement":[{"@type":"ListItem","position":1,"name":"Home","item":"https:\/\/werocksport.com\/"},{"@type":"ListItem","position":2,"name":"Kilian Bron pr\u00e9sente en avant-premi\u00e8re au Roc d&rsquo;Azur son documentaire \u00ab\u00a0Fuego\u00a0\u00bb"}]},{"@type":"WebSite","@id":"https:\/\/werocksport.com\/#website","url":"https:\/\/werocksport.com\/","name":"Wir rocken Sport","description":"das Medium 100% outdoor!","publisher":{"@id":"https:\/\/werocksport.com\/#organization"},"potentialAction":[{"@type":"SearchAction","target":{"@type":"EntryPoint","urlTemplate":"https:\/\/werocksport.com\/?s={search_term_string}"},"query-input":{"@type":"PropertyValueSpecification","valueRequired":true,"valueName":"search_term_string"}}],"inLanguage":"de"},{"@type":"Organization","@id":"https:\/\/werocksport.com\/#organization","name":"Wir rocken Sport","url":"https:\/\/werocksport.com\/","logo":{"@type":"ImageObject","inLanguage":"de","@id":"https:\/\/werocksport.com\/#\/schema\/logo\/image\/","url":"https:\/\/werocksport.com\/wp-content\/uploads\/2020\/12\/WRS-logo.png","contentUrl":"https:\/\/werocksport.com\/wp-content\/uploads\/2020\/12\/WRS-logo.png","width":136,"height":60,"caption":"We Rock Sport"},"image":{"@id":"https:\/\/werocksport.com\/#\/schema\/logo\/image\/"}},{"@type":"Person","@id":"https:\/\/werocksport.com\/#\/schema\/person\/fda0db71bd8f31705d1685623d7ec3d9","name":"vincent girard","image":{"@type":"ImageObject","inLanguage":"de","@id":"https:\/\/secure.gravatar.com\/avatar\/d110edb058ac132daf0a052c59f3f137e4842586bc4e35431e2ca6e70a27b393?s=96&d=mm&r=g","url":"https:\/\/secure.gravatar.com\/avatar\/d110edb058ac132daf0a052c59f3f137e4842586bc4e35431e2ca6e70a27b393?s=96&d=mm&r=g","contentUrl":"https:\/\/secure.gravatar.com\/avatar\/d110edb058ac132daf0a052c59f3f137e4842586bc4e35431e2ca6e70a27b393?s=96&d=mm&r=g","caption":"vincent girard"}}]}},"jetpack_featured_media_url":"https:\/\/werocksport.com\/wp-content\/uploads\/2023\/09\/hhhh.jpg","_links":{"self":[{"href":"https:\/\/werocksport.com\/de\/wp-json\/wp\/v2\/posts\/4533","targetHints":{"allow":["GET"]}}],"collection":[{"href":"https:\/\/werocksport.com\/de\/wp-json\/wp\/v2\/posts"}],"about":[{"href":"https:\/\/werocksport.com\/de\/wp-json\/wp\/v2\/types\/post"}],"author":[{"embeddable":true,"href":"https:\/\/werocksport.com\/de\/wp-json\/wp\/v2\/users\/11"}],"replies":[{"embeddable":true,"href":"https:\/\/werocksport.com\/de\/wp-json\/wp\/v2\/comments?post=4533"}],"version-history":[{"count":5,"href":"https:\/\/werocksport.com\/de\/wp-json\/wp\/v2\/posts\/4533\/revisions"}],"predecessor-version":[{"id":4541,"href":"https:\/\/werocksport.com\/de\/wp-json\/wp\/v2\/posts\/4533\/revisions\/4541"}],"wp:featuredmedia":[{"embeddable":true,"href":"https:\/\/werocksport.com\/de\/wp-json\/wp\/v2\/media\/4540"}],"wp:attachment":[{"href":"https:\/\/werocksport.com\/de\/wp-json\/wp\/v2\/media?parent=4533"}],"wp:term":[{"taxonomy":"category","embeddable":true,"href":"https:\/\/werocksport.com\/de\/wp-json\/wp\/v2\/categories?post=4533"},{"taxonomy":"post_tag","embeddable":true,"href":"https:\/\/werocksport.com\/de\/wp-json\/wp\/v2\/tags?post=4533"}],"curies":[{"name":"wp","href":"https:\/\/api.w.org\/{rel}","templated":true}]}}