{"id":4054,"date":"2023-07-11T16:07:09","date_gmt":"2023-07-11T14:07:09","guid":{"rendered":"https:\/\/werocksport.com\/?p=4054"},"modified":"2023-07-11T16:08:15","modified_gmt":"2023-07-11T14:08:15","slug":"sport-for-future-quand-les-sportifs-se-mobilisent-pour-lavenir-des-glaciers","status":"publish","type":"post","link":"https:\/\/werocksport.com\/de\/sport-for-future-quand-les-sportifs-se-mobilisent-pour-lavenir-des-glaciers\/","title":{"rendered":"\"Sport for future\": Wenn Sportler sich f\u00fcr die Zukunft der Gletscher einsetzen"},"content":{"rendered":"<p><strong>Vom 1. bis 3. August dieses Jahres in Chamonix wird die zweite Ausgabe von \"Sport for future\" zehn Spitzensportlern, die von Kilian Jornet, Xavier Th\u00e9venard und drei Glaziologen betreut werden, die M\u00f6glichkeit bieten, das Bewusstsein f\u00fcr das Abschmelzen der Gletscher zu sch\u00e4rfen.<\/strong><\/p>\n\n\n\n<p>Zwischen 2020 und 2021 haben Armelle Courtois (Vizeweltmeisterin im Speed-Kitesurfen) und Martin Thomas (Teamweltmeister und Vizeeuropameister im Kanuslalom) die Grenzen des Kitesurfens erweitert, indem sie die h\u00f6chsten Seen der Welt befahren haben, die alle \u00fcber 5000 m hoch liegen, von den Alpen \u00fcber die Anden bis zum Himalaya. Aus diesem Abenteuer entstand ein 52-min\u00fctiger Dokumentarfilm mit dem Namen \"\".<a href=\"https:\/\/www.youtube.com\/watch?v=GDrCS7CcWnk\">One Degree<\/a>\"(Teaser unten zum Entdecken oder Wiederentdecken) sowie einen neuen Blick auf die globale Erw\u00e4rmung durch den R\u00fcckzug der Gletscher, der zur Bildung zahlreicher Seen im Hochgebirge f\u00fchrt, die die \u00d6kosysteme und Millionen von Menschen direkt bedrohen.<\/p>\n\n\n\n<figure class=\"wp-block-embed is-type-video is-provider-youtube wp-block-embed-youtube wp-embed-aspect-16-9 wp-has-aspect-ratio\"><div class=\"wp-block-embed__wrapper\">\n<iframe loading=\"lazy\" title=\"ONE DEGREE\u00b0_Der Trailer\" width=\"1170\" height=\"658\" src=\"https:\/\/www.youtube.com\/embed\/GDrCS7CcWnk?feature=oembed\" frameborder=\"0\" allow=\"accelerometer; autoplay; clipboard-write; encrypted-media; gyroscope; picture-in-picture; web-share\" allowfullscreen><\/iframe>\n<\/div><\/figure>\n\n\n\n<p>Als Armelle und Martin von ihren Expeditionen zur\u00fcckkehrten, hatten sie das dringende Bed\u00fcrfnis, das Bewusstsein f\u00fcr die Auswirkungen der Klimakrise zu sch\u00e4rfen. Was lag also n\u00e4her, als dies \u00fcber ihre Altersgenossen, die Spitzensportler sind, zu tun? So kam es, dass <a href=\"https:\/\/www.ridingtoexplore.com\/sport-for-future\">Sport For Future<\/a> wurde im Jahr 2022 geboren. Letztes Jahr trafen sich Profisportler zur ersten Ausgabe von Sport For Future in Chamonix in der Haute-Savoie, im Herzen der Alpen und des Mont-Blanc-Massivs. Dieser Ort wurde aufgrund der zahlreichen Gletscher gew\u00e4hlt, die man hier finden kann, wie z. B. das Mer de Glace, den Bossons-Gletscher, den Riesen-Gletscher oder den Argenti\u00e8re-Gletscher.<\/p>\n\n\n\n<figure class=\"wp-block-embed is-type-video is-provider-youtube wp-block-embed-youtube wp-embed-aspect-16-9 wp-has-aspect-ratio\"><div class=\"wp-block-embed__wrapper\">\n<iframe loading=\"lazy\" title=\"TEASER SPORT FOR FUTURE Staffel 2\" width=\"1170\" height=\"658\" src=\"https:\/\/www.youtube.com\/embed\/R3kYTYbQEI0?feature=oembed\" frameborder=\"0\" allow=\"accelerometer; autoplay; clipboard-write; encrypted-media; gyroscope; picture-in-picture; web-share\" allowfullscreen><\/iframe>\n<\/div><\/figure>\n\n\n\n<p>In diesem Jahr bietet \"Sport for future\" eine zweite Veranstaltung an, die diesmal \u00fcber drei Tage (2022: zwei Tage) organisiert wird. Auch hier werden die 10 Spitzensportler, die an diesem Abenteuer teilnehmen, von Kilian Jornet, Xavier Th\u00e9venard sowie drei international anerkannten Glaziologen betreut. Vom 1. bis zum 3. August ist das erkl\u00e4rte Ziel der Sch\u00f6pfer des Ereignisses \"?<em>bei diesen Sportlern den Wunsch zu wecken, sich an einer positiven Aktion zu beteiligen und sich in ihren Gemeinschaften f\u00fcr die entscheidenden Klimafragen einzusetzen, damit die Botschaft m\u00f6glichst vielen Menschen vermittelt werden kann<\/em>\". Zu den diesj\u00e4hrigen G\u00e4sten geh\u00f6ren Nail\u00e9 Meignan (franz\u00f6sische Klettermannschaft und Weltmeisterin sowie Europameisterin im Bouldern f\u00fcr Jugendliche 2021), Benjamin Auffret (4. Platz bei den Olympischen Spielen in Rio und Europameister im Wasserspringen) und der internationale Rugbyspieler Mathieu Bastareaud.<\/p>\n\n\n\n<figure class=\"wp-block-image size-large\"><img loading=\"lazy\" decoding=\"async\" width=\"1024\" height=\"681\" src=\"https:\/\/werocksport.com\/wp-content\/uploads\/2023\/07\/Mont-Blanc-H2_Sport-for-future_2022-1024x681.jpg\" alt=\"\" class=\"wp-image-4065\" srcset=\"https:\/\/werocksport.com\/wp-content\/uploads\/2023\/07\/Mont-Blanc-H2_Sport-for-future_2022-1024x681.jpg 1024w, https:\/\/werocksport.com\/wp-content\/uploads\/2023\/07\/Mont-Blanc-H2_Sport-for-future_2022-300x200.jpg 300w, https:\/\/werocksport.com\/wp-content\/uploads\/2023\/07\/Mont-Blanc-H2_Sport-for-future_2022-768x511.jpg 768w, https:\/\/werocksport.com\/wp-content\/uploads\/2023\/07\/Mont-Blanc-H2_Sport-for-future_2022-18x12.jpg 18w, https:\/\/werocksport.com\/wp-content\/uploads\/2023\/07\/Mont-Blanc-H2_Sport-for-future_2022-450x299.jpg 450w, https:\/\/werocksport.com\/wp-content\/uploads\/2023\/07\/Mont-Blanc-H2_Sport-for-future_2022-780x519.jpg 780w\" sizes=\"auto, (max-width: 1024px) 100vw, 1024px\" \/><figcaption class=\"wp-element-caption\"><em>Arthur Bertrand - Riding to Explore<\/em><\/figcaption><\/figure>\n\n\n\n<p>Die gesamte Gruppe wird sich zum Mer de Glace und in die N\u00e4he der Schmelzwasserb\u00e4che begeben und eine weltweit einzigartige subglaziale H\u00f6hle unter dem Argenti\u00e8re-Gletscher erkunden, um das Ph\u00e4nomen der Gletscherschmelze und ihre Folgen zu entdecken und zu verstehen. Zwei Vereinigungen werden sich ebenfalls f\u00fcr die Veranstaltung engagieren: \"Ice&amp;Life\", die sich f\u00fcr den Schutz der Gletscher und der postglazialen \u00d6kosysteme angesichts der beispiellosen Herausforderungen des Anthropoz\u00e4ns (Klima, Wasser, Biodiversit\u00e4t usw.) einsetzt und daf\u00fcr k\u00e4mpft, und die Vereinigung \"Une Bouteille \u00e0 la Mer\", die durch Bilder und Sport das Bewusstsein f\u00fcr Umweltbedrohungen wecken will.<\/p>\n\n\n\n<figure class=\"wp-block-image size-large\"><img loading=\"lazy\" decoding=\"async\" width=\"1024\" height=\"681\" src=\"https:\/\/werocksport.com\/wp-content\/uploads\/2023\/07\/Glacier-groupe-depart_Sport-for-future_2022-1024x681.jpg\" alt=\"\" class=\"wp-image-4060\" srcset=\"https:\/\/werocksport.com\/wp-content\/uploads\/2023\/07\/Glacier-groupe-depart_Sport-for-future_2022-1024x681.jpg 1024w, https:\/\/werocksport.com\/wp-content\/uploads\/2023\/07\/Glacier-groupe-depart_Sport-for-future_2022-300x200.jpg 300w, https:\/\/werocksport.com\/wp-content\/uploads\/2023\/07\/Glacier-groupe-depart_Sport-for-future_2022-768x511.jpg 768w, https:\/\/werocksport.com\/wp-content\/uploads\/2023\/07\/Glacier-groupe-depart_Sport-for-future_2022-18x12.jpg 18w, https:\/\/werocksport.com\/wp-content\/uploads\/2023\/07\/Glacier-groupe-depart_Sport-for-future_2022-450x299.jpg 450w, https:\/\/werocksport.com\/wp-content\/uploads\/2023\/07\/Glacier-groupe-depart_Sport-for-future_2022-780x519.jpg 780w\" sizes=\"auto, (max-width: 1024px) 100vw, 1024px\" \/><figcaption class=\"wp-element-caption\"><em>Arthur Bertrand - Riding to Explore<\/em><\/figcaption><\/figure>","protected":false},"excerpt":{"rendered":"<p>Du 1er au 3 ao\u00fbt prochain \u00e0 Chamonix, la deuxi\u00e8me \u00e9dition de &#8220;Sport for future&#8221;&nbsp;permettra \u00e0 dix sportifs de haut niveau encadr\u00e9es par Kilian Jornet, Xavier Th\u00e9venard et trois glaciologues d\u2019\u00eatre mieux sensibilis\u00e9s \u00e0 la fonte des glaciers. Entre 2020 et 2021, Armelle Courtois (vice-championne du monde de kitesurf speed) et Martin Thomas (champion du [&hellip;]<\/p>\n","protected":false},"author":11,"featured_media":4061,"comment_status":"closed","ping_status":"closed","sticky":false,"template":"","format":"standard","meta":{"footnotes":""},"categories":[269],"tags":[188,165,260,470,225],"class_list":{"0":"post-4054","1":"post","2":"type-post","3":"status-publish","4":"format-standard","5":"has-post-thumbnail","7":"category-green-sport","8":"tag-alpinisme","9":"tag-chamonix","10":"tag-environnement","11":"tag-glacier","12":"tag-kilian-jornet"},"yoast_head":"<!-- This site is optimized with the Yoast SEO plugin v27.2 - https:\/\/yoast.com\/product\/yoast-seo-wordpress\/ -->\n<title>&quot;Sport for future&quot;\u00a0: Quand les sportifs se mobilisent pour l\u2019avenir des glaciers - We Rock Sport<\/title>\n<meta name=\"robots\" content=\"index, follow, max-snippet:-1, max-image-preview:large, max-video-preview:-1\" \/>\n<link rel=\"canonical\" href=\"https:\/\/werocksport.com\/de\/sport-for-future-quand-les-sportifs-se-mobilisent-pour-lavenir-des-glaciers\/\" \/>\n<meta property=\"og:locale\" content=\"de_DE\" \/>\n<meta property=\"og:type\" content=\"article\" \/>\n<meta property=\"og:title\" content=\"&quot;Sport for future&quot;\u00a0: Quand les sportifs se mobilisent pour l\u2019avenir des glaciers - We Rock Sport\" \/>\n<meta property=\"og:description\" content=\"Du 1er au 3 ao\u00fbt prochain \u00e0 Chamonix, la deuxi\u00e8me \u00e9dition de &#8220;Sport for future&#8221;&nbsp;permettra \u00e0 dix sportifs de haut niveau encadr\u00e9es par Kilian Jornet, Xavier Th\u00e9venard et trois glaciologues d\u2019\u00eatre mieux sensibilis\u00e9s \u00e0 la fonte des glaciers. Entre 2020 et 2021, Armelle Courtois (vice-championne du monde de kitesurf speed) et Martin Thomas (champion du [&hellip;]\" \/>\n<meta property=\"og:url\" content=\"https:\/\/werocksport.com\/de\/sport-for-future-quand-les-sportifs-se-mobilisent-pour-lavenir-des-glaciers\/\" \/>\n<meta property=\"og:site_name\" content=\"We Rock Sport\" \/>\n<meta property=\"article:published_time\" content=\"2023-07-11T14:07:09+00:00\" \/>\n<meta property=\"article:modified_time\" content=\"2023-07-11T14:08:15+00:00\" \/>\n<meta property=\"og:image\" content=\"https:\/\/werocksport.com\/wp-content\/uploads\/2023\/07\/Glacier_Explications-Hugo-dos-H_Sport-for-future_2022-scaled.jpg\" \/>\n\t<meta property=\"og:image:width\" content=\"2560\" \/>\n\t<meta property=\"og:image:height\" content=\"1703\" \/>\n\t<meta property=\"og:image:type\" content=\"image\/jpeg\" \/>\n<meta name=\"author\" content=\"vincent girard\" \/>\n<meta name=\"twitter:card\" content=\"summary_large_image\" \/>\n<meta name=\"twitter:label1\" content=\"Verfasst von\" \/>\n\t<meta name=\"twitter:data1\" content=\"vincent girard\" \/>\n\t<meta name=\"twitter:label2\" content=\"Gesch\u00e4tzte Lesezeit\" \/>\n\t<meta name=\"twitter:data2\" content=\"4\u00a0Minuten\" \/>\n<script type=\"application\/ld+json\" class=\"yoast-schema-graph\">{\"@context\":\"https:\/\/schema.org\",\"@graph\":[{\"@type\":\"Article\",\"@id\":\"https:\/\/werocksport.com\/sport-for-future-quand-les-sportifs-se-mobilisent-pour-lavenir-des-glaciers\/#article\",\"isPartOf\":{\"@id\":\"https:\/\/werocksport.com\/sport-for-future-quand-les-sportifs-se-mobilisent-pour-lavenir-des-glaciers\/\"},\"author\":{\"name\":\"vincent girard\",\"@id\":\"https:\/\/werocksport.com\/#\/schema\/person\/fda0db71bd8f31705d1685623d7ec3d9\"},\"headline\":\"&#8220;Sport for future&#8221;\u00a0: Quand les sportifs se mobilisent pour l\u2019avenir des glaciers\",\"datePublished\":\"2023-07-11T14:07:09+00:00\",\"dateModified\":\"2023-07-11T14:08:15+00:00\",\"mainEntityOfPage\":{\"@id\":\"https:\/\/werocksport.com\/sport-for-future-quand-les-sportifs-se-mobilisent-pour-lavenir-des-glaciers\/\"},\"wordCount\":607,\"publisher\":{\"@id\":\"https:\/\/werocksport.com\/#organization\"},\"image\":{\"@id\":\"https:\/\/werocksport.com\/sport-for-future-quand-les-sportifs-se-mobilisent-pour-lavenir-des-glaciers\/#primaryimage\"},\"thumbnailUrl\":\"https:\/\/werocksport.com\/wp-content\/uploads\/2023\/07\/Glacier_Explications-Hugo-dos-H_Sport-for-future_2022-scaled.jpg\",\"keywords\":[\"alpinisme\",\"Chamonix\",\"environnement\",\"glacier\",\"Kilian Jornet\"],\"articleSection\":[\"Green sport\"],\"inLanguage\":\"de\"},{\"@type\":\"WebPage\",\"@id\":\"https:\/\/werocksport.com\/sport-for-future-quand-les-sportifs-se-mobilisent-pour-lavenir-des-glaciers\/\",\"url\":\"https:\/\/werocksport.com\/sport-for-future-quand-les-sportifs-se-mobilisent-pour-lavenir-des-glaciers\/\",\"name\":\"\\\"Sport for future\\\"\u00a0: Quand les sportifs se mobilisent pour l\u2019avenir des glaciers - We Rock Sport\",\"isPartOf\":{\"@id\":\"https:\/\/werocksport.com\/#website\"},\"primaryImageOfPage\":{\"@id\":\"https:\/\/werocksport.com\/sport-for-future-quand-les-sportifs-se-mobilisent-pour-lavenir-des-glaciers\/#primaryimage\"},\"image\":{\"@id\":\"https:\/\/werocksport.com\/sport-for-future-quand-les-sportifs-se-mobilisent-pour-lavenir-des-glaciers\/#primaryimage\"},\"thumbnailUrl\":\"https:\/\/werocksport.com\/wp-content\/uploads\/2023\/07\/Glacier_Explications-Hugo-dos-H_Sport-for-future_2022-scaled.jpg\",\"datePublished\":\"2023-07-11T14:07:09+00:00\",\"dateModified\":\"2023-07-11T14:08:15+00:00\",\"breadcrumb\":{\"@id\":\"https:\/\/werocksport.com\/sport-for-future-quand-les-sportifs-se-mobilisent-pour-lavenir-des-glaciers\/#breadcrumb\"},\"inLanguage\":\"de\",\"potentialAction\":[{\"@type\":\"ReadAction\",\"target\":[\"https:\/\/werocksport.com\/sport-for-future-quand-les-sportifs-se-mobilisent-pour-lavenir-des-glaciers\/\"]}]},{\"@type\":\"ImageObject\",\"inLanguage\":\"de\",\"@id\":\"https:\/\/werocksport.com\/sport-for-future-quand-les-sportifs-se-mobilisent-pour-lavenir-des-glaciers\/#primaryimage\",\"url\":\"https:\/\/werocksport.com\/wp-content\/uploads\/2023\/07\/Glacier_Explications-Hugo-dos-H_Sport-for-future_2022-scaled.jpg\",\"contentUrl\":\"https:\/\/werocksport.com\/wp-content\/uploads\/2023\/07\/Glacier_Explications-Hugo-dos-H_Sport-for-future_2022-scaled.jpg\",\"width\":2560,\"height\":1703},{\"@type\":\"BreadcrumbList\",\"@id\":\"https:\/\/werocksport.com\/sport-for-future-quand-les-sportifs-se-mobilisent-pour-lavenir-des-glaciers\/#breadcrumb\",\"itemListElement\":[{\"@type\":\"ListItem\",\"position\":1,\"name\":\"Home\",\"item\":\"https:\/\/werocksport.com\/\"},{\"@type\":\"ListItem\",\"position\":2,\"name\":\"\u00ab\u00a0Sport for future\u00a0\u00bb\u00a0: Quand les sportifs se mobilisent pour l\u2019avenir des glaciers\"}]},{\"@type\":\"WebSite\",\"@id\":\"https:\/\/werocksport.com\/#website\",\"url\":\"https:\/\/werocksport.com\/\",\"name\":\"We Rock Sport\",\"description\":\"le m\u00e9dia 100% outdoor !\",\"publisher\":{\"@id\":\"https:\/\/werocksport.com\/#organization\"},\"potentialAction\":[{\"@type\":\"SearchAction\",\"target\":{\"@type\":\"EntryPoint\",\"urlTemplate\":\"https:\/\/werocksport.com\/?s={search_term_string}\"},\"query-input\":{\"@type\":\"PropertyValueSpecification\",\"valueRequired\":true,\"valueName\":\"search_term_string\"}}],\"inLanguage\":\"de\"},{\"@type\":\"Organization\",\"@id\":\"https:\/\/werocksport.com\/#organization\",\"name\":\"We Rock Sport\",\"url\":\"https:\/\/werocksport.com\/\",\"logo\":{\"@type\":\"ImageObject\",\"inLanguage\":\"de\",\"@id\":\"https:\/\/werocksport.com\/#\/schema\/logo\/image\/\",\"url\":\"https:\/\/werocksport.com\/wp-content\/uploads\/2020\/12\/WRS-logo.png\",\"contentUrl\":\"https:\/\/werocksport.com\/wp-content\/uploads\/2020\/12\/WRS-logo.png\",\"width\":136,\"height\":60,\"caption\":\"We Rock Sport\"},\"image\":{\"@id\":\"https:\/\/werocksport.com\/#\/schema\/logo\/image\/\"}},{\"@type\":\"Person\",\"@id\":\"https:\/\/werocksport.com\/#\/schema\/person\/fda0db71bd8f31705d1685623d7ec3d9\",\"name\":\"vincent girard\",\"image\":{\"@type\":\"ImageObject\",\"inLanguage\":\"de\",\"@id\":\"https:\/\/secure.gravatar.com\/avatar\/d110edb058ac132daf0a052c59f3f137e4842586bc4e35431e2ca6e70a27b393?s=96&d=mm&r=g\",\"url\":\"https:\/\/secure.gravatar.com\/avatar\/d110edb058ac132daf0a052c59f3f137e4842586bc4e35431e2ca6e70a27b393?s=96&d=mm&r=g\",\"contentUrl\":\"https:\/\/secure.gravatar.com\/avatar\/d110edb058ac132daf0a052c59f3f137e4842586bc4e35431e2ca6e70a27b393?s=96&d=mm&r=g\",\"caption\":\"vincent girard\"}}]}<\/script>\n<!-- \/ Yoast SEO plugin. -->","yoast_head_json":{"title":"\"Sport for future\": Wenn Sportler sich f\u00fcr die Zukunft der Gletscher einsetzen - We Rock Sport","robots":{"index":"index","follow":"follow","max-snippet":"max-snippet:-1","max-image-preview":"max-image-preview:large","max-video-preview":"max-video-preview:-1"},"canonical":"https:\/\/werocksport.com\/de\/sport-for-future-quand-les-sportifs-se-mobilisent-pour-lavenir-des-glaciers\/","og_locale":"de_DE","og_type":"article","og_title":"\"Sport for future\"\u00a0: Quand les sportifs se mobilisent pour l\u2019avenir des glaciers - We Rock Sport","og_description":"Du 1er au 3 ao\u00fbt prochain \u00e0 Chamonix, la deuxi\u00e8me \u00e9dition de &#8220;Sport for future&#8221;&nbsp;permettra \u00e0 dix sportifs de haut niveau encadr\u00e9es par Kilian Jornet, Xavier Th\u00e9venard et trois glaciologues d\u2019\u00eatre mieux sensibilis\u00e9s \u00e0 la fonte des glaciers. Entre 2020 et 2021, Armelle Courtois (vice-championne du monde de kitesurf speed) et Martin Thomas (champion du [&hellip;]","og_url":"https:\/\/werocksport.com\/de\/sport-for-future-quand-les-sportifs-se-mobilisent-pour-lavenir-des-glaciers\/","og_site_name":"We Rock Sport","article_published_time":"2023-07-11T14:07:09+00:00","article_modified_time":"2023-07-11T14:08:15+00:00","og_image":[{"width":2560,"height":1703,"url":"https:\/\/werocksport.com\/wp-content\/uploads\/2023\/07\/Glacier_Explications-Hugo-dos-H_Sport-for-future_2022-scaled.jpg","type":"image\/jpeg"}],"author":"vincent girard","twitter_card":"summary_large_image","twitter_misc":{"Verfasst von":"vincent girard","Gesch\u00e4tzte Lesezeit":"4\u00a0Minuten"},"schema":{"@context":"https:\/\/schema.org","@graph":[{"@type":"Article","@id":"https:\/\/werocksport.com\/sport-for-future-quand-les-sportifs-se-mobilisent-pour-lavenir-des-glaciers\/#article","isPartOf":{"@id":"https:\/\/werocksport.com\/sport-for-future-quand-les-sportifs-se-mobilisent-pour-lavenir-des-glaciers\/"},"author":{"name":"vincent girard","@id":"https:\/\/werocksport.com\/#\/schema\/person\/fda0db71bd8f31705d1685623d7ec3d9"},"headline":"&#8220;Sport for future&#8221;\u00a0: Quand les sportifs se mobilisent pour l\u2019avenir des glaciers","datePublished":"2023-07-11T14:07:09+00:00","dateModified":"2023-07-11T14:08:15+00:00","mainEntityOfPage":{"@id":"https:\/\/werocksport.com\/sport-for-future-quand-les-sportifs-se-mobilisent-pour-lavenir-des-glaciers\/"},"wordCount":607,"publisher":{"@id":"https:\/\/werocksport.com\/#organization"},"image":{"@id":"https:\/\/werocksport.com\/sport-for-future-quand-les-sportifs-se-mobilisent-pour-lavenir-des-glaciers\/#primaryimage"},"thumbnailUrl":"https:\/\/werocksport.com\/wp-content\/uploads\/2023\/07\/Glacier_Explications-Hugo-dos-H_Sport-for-future_2022-scaled.jpg","keywords":["alpinisme","Chamonix","environnement","glacier","Kilian Jornet"],"articleSection":["Green sport"],"inLanguage":"de"},{"@type":"WebPage","@id":"https:\/\/werocksport.com\/sport-for-future-quand-les-sportifs-se-mobilisent-pour-lavenir-des-glaciers\/","url":"https:\/\/werocksport.com\/sport-for-future-quand-les-sportifs-se-mobilisent-pour-lavenir-des-glaciers\/","name":"\"Sport for future\": Wenn Sportler sich f\u00fcr die Zukunft der Gletscher einsetzen - We Rock Sport","isPartOf":{"@id":"https:\/\/werocksport.com\/#website"},"primaryImageOfPage":{"@id":"https:\/\/werocksport.com\/sport-for-future-quand-les-sportifs-se-mobilisent-pour-lavenir-des-glaciers\/#primaryimage"},"image":{"@id":"https:\/\/werocksport.com\/sport-for-future-quand-les-sportifs-se-mobilisent-pour-lavenir-des-glaciers\/#primaryimage"},"thumbnailUrl":"https:\/\/werocksport.com\/wp-content\/uploads\/2023\/07\/Glacier_Explications-Hugo-dos-H_Sport-for-future_2022-scaled.jpg","datePublished":"2023-07-11T14:07:09+00:00","dateModified":"2023-07-11T14:08:15+00:00","breadcrumb":{"@id":"https:\/\/werocksport.com\/sport-for-future-quand-les-sportifs-se-mobilisent-pour-lavenir-des-glaciers\/#breadcrumb"},"inLanguage":"de","potentialAction":[{"@type":"ReadAction","target":["https:\/\/werocksport.com\/sport-for-future-quand-les-sportifs-se-mobilisent-pour-lavenir-des-glaciers\/"]}]},{"@type":"ImageObject","inLanguage":"de","@id":"https:\/\/werocksport.com\/sport-for-future-quand-les-sportifs-se-mobilisent-pour-lavenir-des-glaciers\/#primaryimage","url":"https:\/\/werocksport.com\/wp-content\/uploads\/2023\/07\/Glacier_Explications-Hugo-dos-H_Sport-for-future_2022-scaled.jpg","contentUrl":"https:\/\/werocksport.com\/wp-content\/uploads\/2023\/07\/Glacier_Explications-Hugo-dos-H_Sport-for-future_2022-scaled.jpg","width":2560,"height":1703},{"@type":"BreadcrumbList","@id":"https:\/\/werocksport.com\/sport-for-future-quand-les-sportifs-se-mobilisent-pour-lavenir-des-glaciers\/#breadcrumb","itemListElement":[{"@type":"ListItem","position":1,"name":"Home","item":"https:\/\/werocksport.com\/"},{"@type":"ListItem","position":2,"name":"\u00ab\u00a0Sport for future\u00a0\u00bb\u00a0: Quand les sportifs se mobilisent pour l\u2019avenir des glaciers"}]},{"@type":"WebSite","@id":"https:\/\/werocksport.com\/#website","url":"https:\/\/werocksport.com\/","name":"Wir rocken Sport","description":"das Medium 100% outdoor!","publisher":{"@id":"https:\/\/werocksport.com\/#organization"},"potentialAction":[{"@type":"SearchAction","target":{"@type":"EntryPoint","urlTemplate":"https:\/\/werocksport.com\/?s={search_term_string}"},"query-input":{"@type":"PropertyValueSpecification","valueRequired":true,"valueName":"search_term_string"}}],"inLanguage":"de"},{"@type":"Organization","@id":"https:\/\/werocksport.com\/#organization","name":"Wir rocken Sport","url":"https:\/\/werocksport.com\/","logo":{"@type":"ImageObject","inLanguage":"de","@id":"https:\/\/werocksport.com\/#\/schema\/logo\/image\/","url":"https:\/\/werocksport.com\/wp-content\/uploads\/2020\/12\/WRS-logo.png","contentUrl":"https:\/\/werocksport.com\/wp-content\/uploads\/2020\/12\/WRS-logo.png","width":136,"height":60,"caption":"We Rock Sport"},"image":{"@id":"https:\/\/werocksport.com\/#\/schema\/logo\/image\/"}},{"@type":"Person","@id":"https:\/\/werocksport.com\/#\/schema\/person\/fda0db71bd8f31705d1685623d7ec3d9","name":"vincent girard","image":{"@type":"ImageObject","inLanguage":"de","@id":"https:\/\/secure.gravatar.com\/avatar\/d110edb058ac132daf0a052c59f3f137e4842586bc4e35431e2ca6e70a27b393?s=96&d=mm&r=g","url":"https:\/\/secure.gravatar.com\/avatar\/d110edb058ac132daf0a052c59f3f137e4842586bc4e35431e2ca6e70a27b393?s=96&d=mm&r=g","contentUrl":"https:\/\/secure.gravatar.com\/avatar\/d110edb058ac132daf0a052c59f3f137e4842586bc4e35431e2ca6e70a27b393?s=96&d=mm&r=g","caption":"vincent girard"}}]}},"jetpack_featured_media_url":"https:\/\/werocksport.com\/wp-content\/uploads\/2023\/07\/Glacier_Explications-Hugo-dos-H_Sport-for-future_2022-scaled.jpg","_links":{"self":[{"href":"https:\/\/werocksport.com\/de\/wp-json\/wp\/v2\/posts\/4054","targetHints":{"allow":["GET"]}}],"collection":[{"href":"https:\/\/werocksport.com\/de\/wp-json\/wp\/v2\/posts"}],"about":[{"href":"https:\/\/werocksport.com\/de\/wp-json\/wp\/v2\/types\/post"}],"author":[{"embeddable":true,"href":"https:\/\/werocksport.com\/de\/wp-json\/wp\/v2\/users\/11"}],"replies":[{"embeddable":true,"href":"https:\/\/werocksport.com\/de\/wp-json\/wp\/v2\/comments?post=4054"}],"version-history":[{"count":3,"href":"https:\/\/werocksport.com\/de\/wp-json\/wp\/v2\/posts\/4054\/revisions"}],"predecessor-version":[{"id":4069,"href":"https:\/\/werocksport.com\/de\/wp-json\/wp\/v2\/posts\/4054\/revisions\/4069"}],"wp:featuredmedia":[{"embeddable":true,"href":"https:\/\/werocksport.com\/de\/wp-json\/wp\/v2\/media\/4061"}],"wp:attachment":[{"href":"https:\/\/werocksport.com\/de\/wp-json\/wp\/v2\/media?parent=4054"}],"wp:term":[{"taxonomy":"category","embeddable":true,"href":"https:\/\/werocksport.com\/de\/wp-json\/wp\/v2\/categories?post=4054"},{"taxonomy":"post_tag","embeddable":true,"href":"https:\/\/werocksport.com\/de\/wp-json\/wp\/v2\/tags?post=4054"}],"curies":[{"name":"wp","href":"https:\/\/api.w.org\/{rel}","templated":true}]}}