{"id":3862,"date":"2023-06-07T14:20:45","date_gmt":"2023-06-07T12:20:45","guid":{"rendered":"https:\/\/werocksport.com\/?p=3862"},"modified":"2023-06-08T18:13:26","modified_gmt":"2023-06-08T16:13:26","slug":"maxime-sorel-reussi-son-double-everest","status":"publish","type":"post","link":"https:\/\/werocksport.com\/de\/maxime-sorel-reussi-son-double-everest\/","title":{"rendered":"Maxime Sorel schafft seinen doppelten Everest"},"content":{"rendered":"<p><strong>Der Segler Maxime Sorel, der bei der letzten Vend\u00e9e Globe um die Welt gesegelt ist, hat sich vorgenommen, den Gipfel des Mount Everest zu erreichen. Dieses Ziel gelang ihm mit der Unterst\u00fctzung von Helly Hansen.<\/strong><\/p>\n\n\n\n<p>\"Es ist geschafft! Ich habe eine Vend\u00e9e Globe abgeschlossen und den Mount Everest bestiegen. Das ist eine Menge Gl\u00fcck und positive Gef\u00fchle.\" Mit diesen Worten schloss Maxime Sorel sein einzigartiges Projekt \"Mon Double Everest\" ab: Es besteht darin, den Everest der Meere (die Vend\u00e9e Globe) und die Besteigung des Mount Everest zu absolvieren. Es gibt nur wenige Sportler, die in beiden Welten, den Bergen und dem Meer, H\u00f6chstleistungen erbringen. Doch nach dem Vorbild eines <a href=\"https:\/\/werocksport.com\/fr\/aurelien-ducroz-gerer-les-risques-davalanche\/\" target=\"_blank\" rel=\"noreferrer noopener\">Aur\u00e9lien Ducroz<\/a> (ein weiterer Helly Hansen-Athlet), der vom Freeride-Ski-Weltmeister zum Class40-Weltmeister aufgestiegen ist, hat auch Maxime Sorel beide Welten gez\u00e4hmt.<\/p>\n\n\n\n<figure class=\"wp-block-embed is-type-rich is-provider-instagram wp-block-embed-instagram\"><div class=\"wp-block-embed__wrapper\">\n<div class=\"sbi-embed-wrap\"><blockquote class=\"instagram-media sbi-embed\" data-instgrm-captioned data-instgrm-permalink=\"https:\/\/www.instagram.com\/p\/Cs50PxlIhr3\/?utm_source=ig_embed&amp;utm_campaign=loading\" data-instgrm-version=\"14\" style=\" background:#FFF; border:0; border-radius:3px; box-shadow:0 0 1px 0 rgba(0,0,0,0.5),0 1px 10px 0 rgba(0,0,0,0.15); margin: 1px; max-width:658px; min-width:326px; padding:0; width:99.375%; width:-webkit-calc(100% - 2px); width:calc(100% - 2px);\"><div style=\"padding:16px;\"> <a href=\"https:\/\/www.instagram.com\/p\/Cs50PxlIhr3\/?utm_source=ig_embed&amp;utm_campaign=loading\" style=\" background:#FFFFFF; line-height:0; padding:0 0; text-align:center; text-decoration:none; width:100%;\" target=\"_blank\"> <div style=\" display: flex; flex-direction: row; align-items: center;\"> <div style=\"background-color: #F4F4F4; border-radius: 50%; flex-grow: 0; height: 40px; margin-right: 14px; width: 40px;\"><\/div> <div style=\"display: flex; flex-direction: column; flex-grow: 1; justify-content: center;\"> <div style=\" background-color: #F4F4F4; border-radius: 4px; flex-grow: 0; height: 14px; margin-bottom: 6px; width: 100px;\"><\/div> <div style=\" background-color: #F4F4F4; border-radius: 4px; flex-grow: 0; height: 14px; width: 60px;\"><\/div><\/div><\/div><div style=\"padding: 19% 0;\"><\/div> <div style=\"display:block; height:50px; margin:0 auto 12px; width:50px;\"><svg width=\"50px\" height=\"50px\" viewbox=\"0 0 60 60\" version=\"1.1\" xmlns=\"https:\/\/www.w3.org\/2000\/svg\" xmlns:xlink=\"https:\/\/www.w3.org\/1999\/xlink\"><g stroke=\"none\" stroke-width=\"1\" fill=\"none\" fill-rule=\"evenodd\"><g transform=\"translate(-511.000000, -20.000000)\" fill=\"#000000\"><g><path d=\"M556.869,30.41 C554.814,30.41 553.148,32.076 553.148,34.131 C553.148,36.186 554.814,37.852 556.869,37.852 C558.924,37.852 560.59,36.186 560.59,34.131 C560.59,32.076 558.924,30.41 556.869,30.41 M541,60.657 C535.114,60.657 530.342,55.887 530.342,50 C530.342,44.114 535.114,39.342 541,39.342 C546.887,39.342 551.658,44.114 551.658,50 C551.658,55.887 546.887,60.657 541,60.657 M541,33.886 C532.1,33.886 524.886,41.1 524.886,50 C524.886,58.899 532.1,66.113 541,66.113 C549.9,66.113 557.115,58.899 557.115,50 C557.115,41.1 549.9,33.886 541,33.886 M565.378,62.101 C565.244,65.022 564.756,66.606 564.346,67.663 C563.803,69.06 563.154,70.057 562.106,71.106 C561.058,72.155 560.06,72.803 558.662,73.347 C557.607,73.757 556.021,74.244 553.102,74.378 C549.944,74.521 548.997,74.552 541,74.552 C533.003,74.552 532.056,74.521 528.898,74.378 C525.979,74.244 524.393,73.757 523.338,73.347 C521.94,72.803 520.942,72.155 519.894,71.106 C518.846,70.057 518.197,69.06 517.654,67.663 C517.244,66.606 516.755,65.022 516.623,62.101 C516.479,58.943 516.448,57.996 516.448,50 C516.448,42.003 516.479,41.056 516.623,37.899 C516.755,34.978 517.244,33.391 517.654,32.338 C518.197,30.938 518.846,29.942 519.894,28.894 C520.942,27.846 521.94,27.196 523.338,26.654 C524.393,26.244 525.979,25.756 528.898,25.623 C532.057,25.479 533.004,25.448 541,25.448 C548.997,25.448 549.943,25.479 553.102,25.623 C556.021,25.756 557.607,26.244 558.662,26.654 C560.06,27.196 561.058,27.846 562.106,28.894 C563.154,29.942 563.803,30.938 564.346,32.338 C564.756,33.391 565.244,34.978 565.378,37.899 C565.522,41.056 565.552,42.003 565.552,50 C565.552,57.996 565.522,58.943 565.378,62.101 M570.82,37.631 C570.674,34.438 570.167,32.258 569.425,30.349 C568.659,28.377 567.633,26.702 565.965,25.035 C564.297,23.368 562.623,22.342 560.652,21.575 C558.743,20.834 556.562,20.326 553.369,20.18 C550.169,20.033 549.148,20 541,20 C532.853,20 531.831,20.033 528.631,20.18 C525.438,20.326 523.257,20.834 521.349,21.575 C519.376,22.342 517.703,23.368 516.035,25.035 C514.368,26.702 513.342,28.377 512.574,30.349 C511.834,32.258 511.326,34.438 511.181,37.631 C511.035,40.831 511,41.851 511,50 C511,58.147 511.035,59.17 511.181,62.369 C511.326,65.562 511.834,67.743 512.574,69.651 C513.342,71.625 514.368,73.296 516.035,74.965 C517.703,76.634 519.376,77.658 521.349,78.425 C523.257,79.167 525.438,79.673 528.631,79.82 C531.831,79.965 532.853,80.001 541,80.001 C549.148,80.001 550.169,79.965 553.369,79.82 C556.562,79.673 558.743,79.167 560.652,78.425 C562.623,77.658 564.297,76.634 565.965,74.965 C567.633,73.296 568.659,71.625 569.425,69.651 C570.167,67.743 570.674,65.562 570.82,62.369 C570.966,59.17 571,58.147 571,50 C571,41.851 570.966,40.831 570.82,37.631\"><\/path><\/g><\/g><\/g><\/svg><\/div><div style=\"padding-top: 8px;\"> <div style=\" color:#3897f0; font-family:Arial,sans-serif; font-size:14px; font-style:normal; font-weight:550; line-height:18px;\">Diesen Beitrag auf Instagram ansehen<\/div><\/div><div style=\"padding: 12.5% 0;\"><\/div> <div style=\"display: flex; flex-direction: row; margin-bottom: 14px; align-items: center;\"><div> <div style=\"background-color: #F4F4F4; border-radius: 50%; height: 12.5px; width: 12.5px; transform: translateX(0px) translateY(7px);\"><\/div> <div style=\"background-color: #F4F4F4; height: 12.5px; transform: rotate(-45deg) translateX(3px) translateY(1px); width: 12.5px; flex-grow: 0; margin-right: 14px; margin-left: 2px;\"><\/div> <div style=\"background-color: #F4F4F4; border-radius: 50%; height: 12.5px; width: 12.5px; transform: translateX(9px) translateY(-18px);\"><\/div><\/div><div style=\"margin-left: 8px;\"> <div style=\" background-color: #F4F4F4; border-radius: 50%; flex-grow: 0; height: 20px; width: 20px;\"><\/div> <div style=\" width: 0; height: 0; border-top: 2px solid transparent; border-left: 6px solid #f4f4f4; border-bottom: 2px solid transparent; transform: translateX(16px) translateY(-4px) rotate(30deg)\"><\/div><\/div><div style=\"margin-left: auto;\"> <div style=\" width: 0px; border-top: 8px solid #F4F4F4; border-right: 8px solid transparent; transform: translateY(16px);\"><\/div> <div style=\" background-color: #F4F4F4; flex-grow: 0; height: 12px; width: 16px; transform: translateY(-4px);\"><\/div> <div style=\" width: 0; height: 0; border-top: 8px solid #F4F4F4; border-left: 8px solid transparent; transform: translateY(-4px) translateX(8px);\"><\/div><\/div><\/div> <div style=\"display: flex; flex-direction: column; flex-grow: 1; justify-content: center; margin-bottom: 24px;\"> <div style=\" background-color: #F4F4F4; border-radius: 4px; flex-grow: 0; height: 14px; margin-bottom: 6px; width: 224px;\"><\/div> <div style=\" background-color: #F4F4F4; border-radius: 4px; flex-grow: 0; height: 14px; width: 144px;\"><\/div><\/div><\/a><p style=\" color:#c9c8cd; font-family:Arial,sans-serif; font-size:14px; line-height:17px; margin-bottom:0; margin-top:8px; overflow:hidden; padding:8px 0 7px; text-align:center; text-overflow:ellipsis; white-space:nowrap;\"><a href=\"https:\/\/www.instagram.com\/p\/Cs50PxlIhr3\/?utm_source=ig_embed&amp;utm_campaign=loading\" style=\" color:#c9c8cd; font-family:Arial,sans-serif; font-size:14px; font-style:normal; font-weight:normal; line-height:17px; text-decoration:none;\" target=\"_blank\">Ein Beitrag geteilt von Maxime SOREL (@maximesorel)<\/a><\/p><\/div><\/blockquote><script async src=\"\/\/platform.instagram.com\/en_US\/embeds.js\"><\/script><\/div>\n<\/div><\/figure>\n\n\n\n<p><\/p>\n\n\n\n<p>Um diesen doppelten Everest zu erreichen und der erste Mensch zu werden, dem dieses Ziel gelingt, hat Maxime Sorel zun\u00e4chst an der Vend\u00e9e Globe teilgenommen. Dieses Segelrennen, bei dem es darum geht, die Welt allein, ohne Zwischenstopp und ohne Hilfeleistung zu umrunden, ist der Gipfel des Segelsports. Nachdem er die Transat Jacques Vabre 2017 in der Class 40 mit Antoine Carpentier gewonnen hatte, wurde der Segler aus Cancala in den Kreis der Einrumpfboote der IMOCA 60 Fu\u00df aufgenommen und nahm somit 2021 an seiner ersten Vend\u00e9e Globe teil. Platz an Bord von V and B - Mayenne.<\/p>\n\n\n\n<p>Kaum in Les Sables d'Olonne angekommen, startete er ein neues Segelprojekt mit dem Bau eines neuen IMOCA mit Foils, der V and B - Monbana - Mayenne, und k\u00fcndigte einige Monate sp\u00e4ter seinen Wunsch an, den Mount Everest zu besteigen. Das Abenteuer \"Berg\" hatte begonnen und mit ihm eine spezifische Vorbereitung, in die der Seemann viel Zeit investiert hatte. \"Man musste aus mir in sehr kurzer Zeit einen erfahrenen Bergsteiger machen\", erkl\u00e4rt er. \"Die Anzahl der technischen Kleidungsst\u00fccke, die man braucht, um den Mount Everest besteigen zu k\u00f6nnen, ist beeindruckend. <a href=\"https:\/\/shop.privatesportshop.fr\/univers\/helly-hansen\">Helly Hansen<\/a> hat mich insbesondere zu Produkten beraten, die man als Seemann nicht kennt und die z. B. in der Reihe Montagne enthalten sind.\"<\/p>\n\n\n<div class=\"wp-block-image\">\n<figure class=\"aligncenter size-full is-resized\"><img loading=\"lazy\" decoding=\"async\" src=\"https:\/\/werocksport.com\/wp-content\/uploads\/2023\/06\/photo_2023-04-2109.52.141-1.jpeg\" alt=\"\" class=\"wp-image-3894\" width=\"349\" height=\"437\" srcset=\"https:\/\/werocksport.com\/wp-content\/uploads\/2023\/06\/photo_2023-04-2109.52.141-1.jpeg 750w, https:\/\/werocksport.com\/wp-content\/uploads\/2023\/06\/photo_2023-04-2109.52.141-1-240x300.jpeg 240w, https:\/\/werocksport.com\/wp-content\/uploads\/2023\/06\/photo_2023-04-2109.52.141-1-10x12.jpeg 10w, https:\/\/werocksport.com\/wp-content\/uploads\/2023\/06\/photo_2023-04-2109.52.141-1-450x563.jpeg 450w\" sizes=\"auto, (max-width: 349px) 100vw, 349px\" \/><figcaption class=\"wp-element-caption\">Guillaume Vallot<\/figcaption><\/figure>\n<\/div>\n\n\n<p>\"In der S\u00fcdsee hatte ich ziemlich viel Skibekleidung. Das breite Sortiment von Helly Hansen deckt alle Bed\u00fcrfnisse ab, die man auf einer Weltumsegelung haben kann, und sie haben ein Wissen \u00fcber ihre Produkte, das f\u00fcr uns top ist. Jedes Mal, wenn sie mir Ratschl\u00e4ge geben, sind diese genau auf meine Bed\u00fcrfnisse zugeschnitten. Ich habe vor allem die Unterlage oft benutzt. <a href=\"https:\/\/shop.privatesportshop.fr\/helly-hansen\/4453492-helly-hansen-lifa-merino-midweight-sous-couche-homme-black.html\">Lifa Merino<\/a>Die Odin 9 Worlds 2.0 Jacke ist in den letzten Wochen, die ich in den Bergen verbracht habe, zu einem festen Bestandteil meiner Garderobe geworden.\"<\/p>\n\n\n\n<p>Technisch gesehen habe ich eine Reihe von Hochtouren, Skitouren, Eisklettern usw. absolviert. All diese Disziplinen haben mir erm\u00f6glicht, mit der Ausr\u00fcstung umzugehen, die man auf den Everest mitnimmt. Das war eine Menge Vorbereitung in den Bergen, vor allem auf k\u00f6rperlicher Ebene. Beim Segeln verliert man immer in den Beinen, wenn man von einer mehrt\u00e4gigen oder mehrw\u00f6chigen Hochseereise zur\u00fcckkommt. Hier musste ich also Muskeln im Unterk\u00f6rper aufbauen, um die H\u00f6henunterschiede im Himalaya zu bew\u00e4ltigen.\"<\/p>\n\n\n\n<figure class=\"wp-block-embed is-type-rich is-provider-instagram wp-block-embed-instagram\"><div class=\"wp-block-embed__wrapper\">\n<div class=\"sbi-embed-wrap\"><blockquote class=\"instagram-media sbi-embed\" data-instgrm-captioned data-instgrm-permalink=\"https:\/\/www.instagram.com\/p\/CsbBa9mLmiO\/?utm_source=ig_embed&amp;utm_campaign=loading\" data-instgrm-version=\"14\" style=\" background:#FFF; border:0; border-radius:3px; box-shadow:0 0 1px 0 rgba(0,0,0,0.5),0 1px 10px 0 rgba(0,0,0,0.15); margin: 1px; max-width:658px; min-width:326px; padding:0; width:99.375%; width:-webkit-calc(100% - 2px); width:calc(100% - 2px);\"><div style=\"padding:16px;\"> <a href=\"https:\/\/www.instagram.com\/p\/CsbBa9mLmiO\/?utm_source=ig_embed&amp;utm_campaign=loading\" style=\" background:#FFFFFF; line-height:0; padding:0 0; text-align:center; text-decoration:none; width:100%;\" target=\"_blank\"> <div style=\" display: flex; flex-direction: row; align-items: center;\"> <div style=\"background-color: #F4F4F4; border-radius: 50%; flex-grow: 0; height: 40px; margin-right: 14px; width: 40px;\"><\/div> <div style=\"display: flex; flex-direction: column; flex-grow: 1; justify-content: center;\"> <div style=\" background-color: #F4F4F4; border-radius: 4px; flex-grow: 0; height: 14px; margin-bottom: 6px; width: 100px;\"><\/div> <div style=\" background-color: #F4F4F4; border-radius: 4px; flex-grow: 0; height: 14px; width: 60px;\"><\/div><\/div><\/div><div style=\"padding: 19% 0;\"><\/div> <div style=\"display:block; height:50px; margin:0 auto 12px; width:50px;\"><svg width=\"50px\" height=\"50px\" viewbox=\"0 0 60 60\" version=\"1.1\" xmlns=\"https:\/\/www.w3.org\/2000\/svg\" xmlns:xlink=\"https:\/\/www.w3.org\/1999\/xlink\"><g stroke=\"none\" stroke-width=\"1\" fill=\"none\" fill-rule=\"evenodd\"><g transform=\"translate(-511.000000, -20.000000)\" fill=\"#000000\"><g><path d=\"M556.869,30.41 C554.814,30.41 553.148,32.076 553.148,34.131 C553.148,36.186 554.814,37.852 556.869,37.852 C558.924,37.852 560.59,36.186 560.59,34.131 C560.59,32.076 558.924,30.41 556.869,30.41 M541,60.657 C535.114,60.657 530.342,55.887 530.342,50 C530.342,44.114 535.114,39.342 541,39.342 C546.887,39.342 551.658,44.114 551.658,50 C551.658,55.887 546.887,60.657 541,60.657 M541,33.886 C532.1,33.886 524.886,41.1 524.886,50 C524.886,58.899 532.1,66.113 541,66.113 C549.9,66.113 557.115,58.899 557.115,50 C557.115,41.1 549.9,33.886 541,33.886 M565.378,62.101 C565.244,65.022 564.756,66.606 564.346,67.663 C563.803,69.06 563.154,70.057 562.106,71.106 C561.058,72.155 560.06,72.803 558.662,73.347 C557.607,73.757 556.021,74.244 553.102,74.378 C549.944,74.521 548.997,74.552 541,74.552 C533.003,74.552 532.056,74.521 528.898,74.378 C525.979,74.244 524.393,73.757 523.338,73.347 C521.94,72.803 520.942,72.155 519.894,71.106 C518.846,70.057 518.197,69.06 517.654,67.663 C517.244,66.606 516.755,65.022 516.623,62.101 C516.479,58.943 516.448,57.996 516.448,50 C516.448,42.003 516.479,41.056 516.623,37.899 C516.755,34.978 517.244,33.391 517.654,32.338 C518.197,30.938 518.846,29.942 519.894,28.894 C520.942,27.846 521.94,27.196 523.338,26.654 C524.393,26.244 525.979,25.756 528.898,25.623 C532.057,25.479 533.004,25.448 541,25.448 C548.997,25.448 549.943,25.479 553.102,25.623 C556.021,25.756 557.607,26.244 558.662,26.654 C560.06,27.196 561.058,27.846 562.106,28.894 C563.154,29.942 563.803,30.938 564.346,32.338 C564.756,33.391 565.244,34.978 565.378,37.899 C565.522,41.056 565.552,42.003 565.552,50 C565.552,57.996 565.522,58.943 565.378,62.101 M570.82,37.631 C570.674,34.438 570.167,32.258 569.425,30.349 C568.659,28.377 567.633,26.702 565.965,25.035 C564.297,23.368 562.623,22.342 560.652,21.575 C558.743,20.834 556.562,20.326 553.369,20.18 C550.169,20.033 549.148,20 541,20 C532.853,20 531.831,20.033 528.631,20.18 C525.438,20.326 523.257,20.834 521.349,21.575 C519.376,22.342 517.703,23.368 516.035,25.035 C514.368,26.702 513.342,28.377 512.574,30.349 C511.834,32.258 511.326,34.438 511.181,37.631 C511.035,40.831 511,41.851 511,50 C511,58.147 511.035,59.17 511.181,62.369 C511.326,65.562 511.834,67.743 512.574,69.651 C513.342,71.625 514.368,73.296 516.035,74.965 C517.703,76.634 519.376,77.658 521.349,78.425 C523.257,79.167 525.438,79.673 528.631,79.82 C531.831,79.965 532.853,80.001 541,80.001 C549.148,80.001 550.169,79.965 553.369,79.82 C556.562,79.673 558.743,79.167 560.652,78.425 C562.623,77.658 564.297,76.634 565.965,74.965 C567.633,73.296 568.659,71.625 569.425,69.651 C570.167,67.743 570.674,65.562 570.82,62.369 C570.966,59.17 571,58.147 571,50 C571,41.851 570.966,40.831 570.82,37.631\"><\/path><\/g><\/g><\/g><\/svg><\/div><div style=\"padding-top: 8px;\"> <div style=\" color:#3897f0; font-family:Arial,sans-serif; font-size:14px; font-style:normal; font-weight:550; line-height:18px;\">Diesen Beitrag auf Instagram ansehen<\/div><\/div><div style=\"padding: 12.5% 0;\"><\/div> <div style=\"display: flex; flex-direction: row; margin-bottom: 14px; align-items: center;\"><div> <div style=\"background-color: #F4F4F4; border-radius: 50%; height: 12.5px; width: 12.5px; transform: translateX(0px) translateY(7px);\"><\/div> <div style=\"background-color: #F4F4F4; height: 12.5px; transform: rotate(-45deg) translateX(3px) translateY(1px); width: 12.5px; flex-grow: 0; margin-right: 14px; margin-left: 2px;\"><\/div> <div style=\"background-color: #F4F4F4; border-radius: 50%; height: 12.5px; width: 12.5px; transform: translateX(9px) translateY(-18px);\"><\/div><\/div><div style=\"margin-left: 8px;\"> <div style=\" background-color: #F4F4F4; border-radius: 50%; flex-grow: 0; height: 20px; width: 20px;\"><\/div> <div style=\" width: 0; height: 0; border-top: 2px solid transparent; border-left: 6px solid #f4f4f4; border-bottom: 2px solid transparent; transform: translateX(16px) translateY(-4px) rotate(30deg)\"><\/div><\/div><div style=\"margin-left: auto;\"> <div style=\" width: 0px; border-top: 8px solid #F4F4F4; border-right: 8px solid transparent; transform: translateY(16px);\"><\/div> <div style=\" background-color: #F4F4F4; flex-grow: 0; height: 12px; width: 16px; transform: translateY(-4px);\"><\/div> <div style=\" width: 0; height: 0; border-top: 8px solid #F4F4F4; border-left: 8px solid transparent; transform: translateY(-4px) translateX(8px);\"><\/div><\/div><\/div> <div style=\"display: flex; flex-direction: column; flex-grow: 1; justify-content: center; margin-bottom: 24px;\"> <div style=\" background-color: #F4F4F4; border-radius: 4px; flex-grow: 0; height: 14px; margin-bottom: 6px; width: 224px;\"><\/div> <div style=\" background-color: #F4F4F4; border-radius: 4px; flex-grow: 0; height: 14px; width: 144px;\"><\/div><\/div><\/a><p style=\" color:#c9c8cd; font-family:Arial,sans-serif; font-size:14px; line-height:17px; margin-bottom:0; margin-top:8px; overflow:hidden; padding:8px 0 7px; text-align:center; text-overflow:ellipsis; white-space:nowrap;\"><a href=\"https:\/\/www.instagram.com\/p\/CsbBa9mLmiO\/?utm_source=ig_embed&amp;utm_campaign=loading\" style=\" color:#c9c8cd; font-family:Arial,sans-serif; font-size:14px; font-style:normal; font-weight:normal; line-height:17px; text-decoration:none;\" target=\"_blank\">Ein Beitrag geteilt von Maxime SOREL (@maximesorel)<\/a><\/p><\/div><\/blockquote><script async src=\"\/\/platform.instagram.com\/en_US\/embeds.js\"><\/script><\/div>\n<\/div><\/figure>\n\n\n\n<p>Am 5. April brach er mit seinem Bergsteigerkollegen und Journalisten Guillaume Vallot und dem Kameramann Julien Ferrandez nach Kathmandu auf, wo er zun\u00e4chst die traditionelle und notwendige lange Akklimatisierungsphase durchlief. Nachdem Maxime und seine Mitstreiter das Lager 2 erreicht hatten, machten sie sich an die Arbeit in den Lagern 3 und 4. In der Nacht vom 17. auf den 18. Mai erreichte er schlie\u00dflich den Gipfel, bevor er schlie\u00dflich ins Basislager abstieg, um seine Leistung zu best\u00e4tigen. Ich habe dieses Projekt durchgef\u00fchrt, um Spenden f\u00fcr den Verein \"\" zu sammeln.&nbsp;<a href=\"https:\/\/mondefi.vaincrelamuco.org\/projects\/jefaismonmax-pour-vaincre-la-mucoviscidose\">\u00dcberwindung der Mukoviszidose<\/a>&nbsp;\"Ich bin der nationale Sponsor\", sagte er, nachdem er vom Dach der Welt heruntergekommen war.<\/p>\n\n\n\n<p>\"Ich bin m\u00fcder als bei der Ankunft einer Vend\u00e9e Globe, weil dieser Aufstieg in kurzer Zeit sehr intensiv war. Es war h\u00e4rter, als ich erwartet hatte. Trotzdem habe ich mich w\u00e4hrend des gesamten Anstiegs gut gef\u00fchlt, auch wenn einige unserer Teammitglieder uns nach und nach verlassen haben, weil es ihnen nicht so gut ging. Als ich auf dem Gipfel ankam, schaute ich in die Sterne und dachte, dass ich sie nie so nah sehen w\u00fcrde. Ich war sehr emotional, als ich sah, dass der Gipfel auftauchte. Wir hatten einen enormen Wind mit einer total verr\u00fcckten K\u00e4lte. Was f\u00fcr Emotionen! Nach dem Gipfel herrschte das totale Chaos mit starkem Wind. Wir hatten es dann sehr eilig, wieder hinunterzukommen, denn dort oben h\u00e4lt man es nicht aus, man bleibt gefroren. Meine Sauerstoffflasche war fast leer. Ich hatte keine Ersatzflasche. Wir hatten keine Zeit zu verlieren\".<\/p>\n\n\n\n<figure class=\"wp-block-embed is-type-video is-provider-youtube wp-block-embed-youtube wp-embed-aspect-16-9 wp-has-aspect-ratio\"><div class=\"wp-block-embed__wrapper\">\n<iframe loading=\"lazy\" title=\"Die Besteigung des Everest von Maxime Sorel f\u00fcr das Projekt #MonDoubleEverest\" width=\"1170\" height=\"658\" src=\"https:\/\/www.youtube.com\/embed\/kDSjGO5lB7M?feature=oembed\" frameborder=\"0\" allow=\"accelerometer; autoplay; clipboard-write; encrypted-media; gyroscope; picture-in-picture; web-share\" allowfullscreen><\/iframe>\n<\/div><\/figure>\n\n\n\n<p>\"Ich habe viel an die Patienten mit Mukoviszidose gedacht, vor allem beim Abstieg. Ich wollte sehr schnell absteigen und habe dabei sicherlich meinen Sauerstoffschlauch abgeklemmt. Mir ging es nicht gut. Mir war schwindelig. Ich setzte mich auf einen Stein und fragte einen Mann, wie hoch meine Sauerstoffflasche sei. Er antwortete mir null!!! Ein Sherpa sah mich und fing meinen abgeklemmten Schlauch auf, puh! Ich wurde wieder lebendig und dachte stark an die Patienten, obwohl ich sehr, sehr wenig Atemkapazit\u00e4t hatte. Ich bin richtig ausgeflippt\".<\/p>\n\n\n\n<p>Von nun an wird der Bergsteiger zu seiner ersten Liebe, dem Meer, zur\u00fcckkehren. Maxime Sorel hat \u00fcbrigens ein volles Programm im Hinblick auf die k\u00fcnftigen Renntermine: das Rolex Fastnet im Juli, das Defi Azimut im September und die Transat Jacques Vabre im Oktober.<\/p>\n\n\n\n<p>Finden Sie die gesamte Helly Hansen-Ausr\u00fcstung auf <a href=\"https:\/\/shop.privatesportshop.fr\/univers\/helly-hansen\">Privates Sportgesch\u00e4ft<\/a><\/p>\n\n\n\n<figure class=\"wp-block-image size-large\"><img loading=\"lazy\" decoding=\"async\" width=\"1024\" height=\"683\" src=\"https:\/\/werocksport.com\/wp-content\/uploads\/2023\/06\/HD_IMOCA_HELICO-_V-AND-B-MONBANA-MAYENNE180-1-1-1024x683.jpg\" alt=\"\" class=\"wp-image-3901\" srcset=\"https:\/\/werocksport.com\/wp-content\/uploads\/2023\/06\/HD_IMOCA_HELICO-_V-AND-B-MONBANA-MAYENNE180-1-1-1024x683.jpg 1024w, https:\/\/werocksport.com\/wp-content\/uploads\/2023\/06\/HD_IMOCA_HELICO-_V-AND-B-MONBANA-MAYENNE180-1-1-300x200.jpg 300w, https:\/\/werocksport.com\/wp-content\/uploads\/2023\/06\/HD_IMOCA_HELICO-_V-AND-B-MONBANA-MAYENNE180-1-1-768x512.jpg 768w, https:\/\/werocksport.com\/wp-content\/uploads\/2023\/06\/HD_IMOCA_HELICO-_V-AND-B-MONBANA-MAYENNE180-1-1-18x12.jpg 18w, https:\/\/werocksport.com\/wp-content\/uploads\/2023\/06\/HD_IMOCA_HELICO-_V-AND-B-MONBANA-MAYENNE180-1-1-450x300.jpg 450w, https:\/\/werocksport.com\/wp-content\/uploads\/2023\/06\/HD_IMOCA_HELICO-_V-AND-B-MONBANA-MAYENNE180-1-1-780x520.jpg 780w\" sizes=\"auto, (max-width: 1024px) 100vw, 1024px\" \/><figcaption class=\"wp-element-caption\">JEAN-MARIE LIOT<\/figcaption><\/figure>","protected":false},"excerpt":{"rendered":"<p>Auteur d\u2019un tour du monde \u00e0 la voile lors du dernier Vend\u00e9e Globe, le marin Maxime Sorel a entrepris d\u2019atteindre le sommet de l\u2019Everest. Objectif r\u00e9ussi avec le soutien d\u2019Helly Hansen. &#8220;C\u2019est fait&nbsp;! J\u2019ai boucl\u00e9 un Vend\u00e9e Globe et j\u2019ai gravi l\u2019Everest. C\u2019est beaucoup de bonheur et de sensations positives.&#8221; C\u2019est par ces mots que [&hellip;]<\/p>\n","protected":false},"author":11,"featured_media":3900,"comment_status":"closed","ping_status":"closed","sticky":false,"template":"","format":"standard","meta":{"footnotes":""},"categories":[44],"tags":[153],"class_list":{"0":"post-3862","1":"post","2":"type-post","3":"status-publish","4":"format-standard","5":"has-post-thumbnail","7":"category-aventure","8":"tag-everest"},"yoast_head":"<!-- This site is optimized with the Yoast SEO plugin v27.2 - https:\/\/yoast.com\/product\/yoast-seo-wordpress\/ -->\n<title>Maxime Sorel r\u00e9ussit son double Everest - We Rock Sport<\/title>\n<meta name=\"description\" content=\"Auteur d\u2019un tour du monde \u00e0 la voile lors du dernier Vend\u00e9e Globe, Maxime Sorel vient d&#039;atteindre le sommet de l&#039;Everest.\" \/>\n<meta name=\"robots\" content=\"index, follow, max-snippet:-1, max-image-preview:large, max-video-preview:-1\" \/>\n<link rel=\"canonical\" href=\"https:\/\/werocksport.com\/de\/maxime-sorel-reussi-son-double-everest\/\" \/>\n<meta property=\"og:locale\" content=\"de_DE\" \/>\n<meta property=\"og:type\" content=\"article\" \/>\n<meta property=\"og:title\" content=\"Maxime Sorel r\u00e9ussit son double Everest - We Rock Sport\" \/>\n<meta property=\"og:description\" content=\"Auteur d\u2019un tour du monde \u00e0 la voile lors du dernier Vend\u00e9e Globe, Maxime Sorel vient d&#039;atteindre le sommet de l&#039;Everest.\" \/>\n<meta property=\"og:url\" content=\"https:\/\/werocksport.com\/de\/maxime-sorel-reussi-son-double-everest\/\" \/>\n<meta property=\"og:site_name\" content=\"We Rock Sport\" \/>\n<meta property=\"article:published_time\" content=\"2023-06-07T12:20:45+00:00\" \/>\n<meta property=\"article:modified_time\" content=\"2023-06-08T16:13:26+00:00\" \/>\n<meta property=\"og:image\" content=\"https:\/\/werocksport.com\/wp-content\/uploads\/2023\/06\/photo_2023-05-1909.11.53.jpeg\" \/>\n\t<meta property=\"og:image:width\" content=\"1000\" \/>\n\t<meta property=\"og:image:height\" content=\"750\" \/>\n\t<meta property=\"og:image:type\" content=\"image\/jpeg\" \/>\n<meta name=\"author\" content=\"vincent girard\" \/>\n<meta name=\"twitter:card\" content=\"summary_large_image\" \/>\n<meta name=\"twitter:label1\" content=\"Verfasst von\" \/>\n\t<meta name=\"twitter:data1\" content=\"vincent girard\" \/>\n\t<meta name=\"twitter:label2\" content=\"Gesch\u00e4tzte Lesezeit\" \/>\n\t<meta name=\"twitter:data2\" content=\"6\u00a0Minuten\" \/>\n<script type=\"application\/ld+json\" class=\"yoast-schema-graph\">{\"@context\":\"https:\/\/schema.org\",\"@graph\":[{\"@type\":\"Article\",\"@id\":\"https:\/\/werocksport.com\/maxime-sorel-reussi-son-double-everest\/#article\",\"isPartOf\":{\"@id\":\"https:\/\/werocksport.com\/maxime-sorel-reussi-son-double-everest\/\"},\"author\":{\"name\":\"vincent girard\",\"@id\":\"https:\/\/werocksport.com\/#\/schema\/person\/fda0db71bd8f31705d1685623d7ec3d9\"},\"headline\":\"Maxime Sorel r\u00e9ussit son double Everest\",\"datePublished\":\"2023-06-07T12:20:45+00:00\",\"dateModified\":\"2023-06-08T16:13:26+00:00\",\"mainEntityOfPage\":{\"@id\":\"https:\/\/werocksport.com\/maxime-sorel-reussi-son-double-everest\/\"},\"wordCount\":1071,\"publisher\":{\"@id\":\"https:\/\/werocksport.com\/#organization\"},\"image\":{\"@id\":\"https:\/\/werocksport.com\/maxime-sorel-reussi-son-double-everest\/#primaryimage\"},\"thumbnailUrl\":\"https:\/\/werocksport.com\/wp-content\/uploads\/2023\/06\/photo_2023-05-1909.11.53.jpeg\",\"keywords\":[\"Everest\"],\"articleSection\":[\"Aventure\"],\"inLanguage\":\"de\"},{\"@type\":\"WebPage\",\"@id\":\"https:\/\/werocksport.com\/maxime-sorel-reussi-son-double-everest\/\",\"url\":\"https:\/\/werocksport.com\/maxime-sorel-reussi-son-double-everest\/\",\"name\":\"Maxime Sorel r\u00e9ussit son double Everest - We Rock Sport\",\"isPartOf\":{\"@id\":\"https:\/\/werocksport.com\/#website\"},\"primaryImageOfPage\":{\"@id\":\"https:\/\/werocksport.com\/maxime-sorel-reussi-son-double-everest\/#primaryimage\"},\"image\":{\"@id\":\"https:\/\/werocksport.com\/maxime-sorel-reussi-son-double-everest\/#primaryimage\"},\"thumbnailUrl\":\"https:\/\/werocksport.com\/wp-content\/uploads\/2023\/06\/photo_2023-05-1909.11.53.jpeg\",\"datePublished\":\"2023-06-07T12:20:45+00:00\",\"dateModified\":\"2023-06-08T16:13:26+00:00\",\"description\":\"Auteur d\u2019un tour du monde \u00e0 la voile lors du dernier Vend\u00e9e Globe, Maxime Sorel vient d'atteindre le sommet de l'Everest.\",\"breadcrumb\":{\"@id\":\"https:\/\/werocksport.com\/maxime-sorel-reussi-son-double-everest\/#breadcrumb\"},\"inLanguage\":\"de\",\"potentialAction\":[{\"@type\":\"ReadAction\",\"target\":[\"https:\/\/werocksport.com\/maxime-sorel-reussi-son-double-everest\/\"]}]},{\"@type\":\"ImageObject\",\"inLanguage\":\"de\",\"@id\":\"https:\/\/werocksport.com\/maxime-sorel-reussi-son-double-everest\/#primaryimage\",\"url\":\"https:\/\/werocksport.com\/wp-content\/uploads\/2023\/06\/photo_2023-05-1909.11.53.jpeg\",\"contentUrl\":\"https:\/\/werocksport.com\/wp-content\/uploads\/2023\/06\/photo_2023-05-1909.11.53.jpeg\",\"width\":1000,\"height\":750},{\"@type\":\"BreadcrumbList\",\"@id\":\"https:\/\/werocksport.com\/maxime-sorel-reussi-son-double-everest\/#breadcrumb\",\"itemListElement\":[{\"@type\":\"ListItem\",\"position\":1,\"name\":\"Home\",\"item\":\"https:\/\/werocksport.com\/\"},{\"@type\":\"ListItem\",\"position\":2,\"name\":\"Maxime Sorel r\u00e9ussit son double Everest\"}]},{\"@type\":\"WebSite\",\"@id\":\"https:\/\/werocksport.com\/#website\",\"url\":\"https:\/\/werocksport.com\/\",\"name\":\"We Rock Sport\",\"description\":\"le m\u00e9dia 100% outdoor !\",\"publisher\":{\"@id\":\"https:\/\/werocksport.com\/#organization\"},\"potentialAction\":[{\"@type\":\"SearchAction\",\"target\":{\"@type\":\"EntryPoint\",\"urlTemplate\":\"https:\/\/werocksport.com\/?s={search_term_string}\"},\"query-input\":{\"@type\":\"PropertyValueSpecification\",\"valueRequired\":true,\"valueName\":\"search_term_string\"}}],\"inLanguage\":\"de\"},{\"@type\":\"Organization\",\"@id\":\"https:\/\/werocksport.com\/#organization\",\"name\":\"We Rock Sport\",\"url\":\"https:\/\/werocksport.com\/\",\"logo\":{\"@type\":\"ImageObject\",\"inLanguage\":\"de\",\"@id\":\"https:\/\/werocksport.com\/#\/schema\/logo\/image\/\",\"url\":\"https:\/\/werocksport.com\/wp-content\/uploads\/2020\/12\/WRS-logo.png\",\"contentUrl\":\"https:\/\/werocksport.com\/wp-content\/uploads\/2020\/12\/WRS-logo.png\",\"width\":136,\"height\":60,\"caption\":\"We Rock Sport\"},\"image\":{\"@id\":\"https:\/\/werocksport.com\/#\/schema\/logo\/image\/\"}},{\"@type\":\"Person\",\"@id\":\"https:\/\/werocksport.com\/#\/schema\/person\/fda0db71bd8f31705d1685623d7ec3d9\",\"name\":\"vincent girard\",\"image\":{\"@type\":\"ImageObject\",\"inLanguage\":\"de\",\"@id\":\"https:\/\/secure.gravatar.com\/avatar\/d110edb058ac132daf0a052c59f3f137e4842586bc4e35431e2ca6e70a27b393?s=96&d=mm&r=g\",\"url\":\"https:\/\/secure.gravatar.com\/avatar\/d110edb058ac132daf0a052c59f3f137e4842586bc4e35431e2ca6e70a27b393?s=96&d=mm&r=g\",\"contentUrl\":\"https:\/\/secure.gravatar.com\/avatar\/d110edb058ac132daf0a052c59f3f137e4842586bc4e35431e2ca6e70a27b393?s=96&d=mm&r=g\",\"caption\":\"vincent girard\"}}]}<\/script>\n<!-- \/ Yoast SEO plugin. -->","yoast_head_json":{"title":"Maxime Sorel schafft seinen doppelten Everest - We Rock Sport","description":"Maxime Sorel, der bei der letzten Vend\u00e9e Globe um die Welt gesegelt ist, hat gerade den Gipfel des Mount Everest erreicht.","robots":{"index":"index","follow":"follow","max-snippet":"max-snippet:-1","max-image-preview":"max-image-preview:large","max-video-preview":"max-video-preview:-1"},"canonical":"https:\/\/werocksport.com\/de\/maxime-sorel-reussi-son-double-everest\/","og_locale":"de_DE","og_type":"article","og_title":"Maxime Sorel r\u00e9ussit son double Everest - We Rock Sport","og_description":"Auteur d\u2019un tour du monde \u00e0 la voile lors du dernier Vend\u00e9e Globe, Maxime Sorel vient d'atteindre le sommet de l'Everest.","og_url":"https:\/\/werocksport.com\/de\/maxime-sorel-reussi-son-double-everest\/","og_site_name":"We Rock Sport","article_published_time":"2023-06-07T12:20:45+00:00","article_modified_time":"2023-06-08T16:13:26+00:00","og_image":[{"width":1000,"height":750,"url":"https:\/\/werocksport.com\/wp-content\/uploads\/2023\/06\/photo_2023-05-1909.11.53.jpeg","type":"image\/jpeg"}],"author":"vincent girard","twitter_card":"summary_large_image","twitter_misc":{"Verfasst von":"vincent girard","Gesch\u00e4tzte Lesezeit":"6\u00a0Minuten"},"schema":{"@context":"https:\/\/schema.org","@graph":[{"@type":"Article","@id":"https:\/\/werocksport.com\/maxime-sorel-reussi-son-double-everest\/#article","isPartOf":{"@id":"https:\/\/werocksport.com\/maxime-sorel-reussi-son-double-everest\/"},"author":{"name":"vincent girard","@id":"https:\/\/werocksport.com\/#\/schema\/person\/fda0db71bd8f31705d1685623d7ec3d9"},"headline":"Maxime Sorel r\u00e9ussit son double Everest","datePublished":"2023-06-07T12:20:45+00:00","dateModified":"2023-06-08T16:13:26+00:00","mainEntityOfPage":{"@id":"https:\/\/werocksport.com\/maxime-sorel-reussi-son-double-everest\/"},"wordCount":1071,"publisher":{"@id":"https:\/\/werocksport.com\/#organization"},"image":{"@id":"https:\/\/werocksport.com\/maxime-sorel-reussi-son-double-everest\/#primaryimage"},"thumbnailUrl":"https:\/\/werocksport.com\/wp-content\/uploads\/2023\/06\/photo_2023-05-1909.11.53.jpeg","keywords":["Everest"],"articleSection":["Aventure"],"inLanguage":"de"},{"@type":"WebPage","@id":"https:\/\/werocksport.com\/maxime-sorel-reussi-son-double-everest\/","url":"https:\/\/werocksport.com\/maxime-sorel-reussi-son-double-everest\/","name":"Maxime Sorel schafft seinen doppelten Everest - We Rock Sport","isPartOf":{"@id":"https:\/\/werocksport.com\/#website"},"primaryImageOfPage":{"@id":"https:\/\/werocksport.com\/maxime-sorel-reussi-son-double-everest\/#primaryimage"},"image":{"@id":"https:\/\/werocksport.com\/maxime-sorel-reussi-son-double-everest\/#primaryimage"},"thumbnailUrl":"https:\/\/werocksport.com\/wp-content\/uploads\/2023\/06\/photo_2023-05-1909.11.53.jpeg","datePublished":"2023-06-07T12:20:45+00:00","dateModified":"2023-06-08T16:13:26+00:00","description":"Maxime Sorel, der bei der letzten Vend\u00e9e Globe um die Welt gesegelt ist, hat gerade den Gipfel des Mount Everest erreicht.","breadcrumb":{"@id":"https:\/\/werocksport.com\/maxime-sorel-reussi-son-double-everest\/#breadcrumb"},"inLanguage":"de","potentialAction":[{"@type":"ReadAction","target":["https:\/\/werocksport.com\/maxime-sorel-reussi-son-double-everest\/"]}]},{"@type":"ImageObject","inLanguage":"de","@id":"https:\/\/werocksport.com\/maxime-sorel-reussi-son-double-everest\/#primaryimage","url":"https:\/\/werocksport.com\/wp-content\/uploads\/2023\/06\/photo_2023-05-1909.11.53.jpeg","contentUrl":"https:\/\/werocksport.com\/wp-content\/uploads\/2023\/06\/photo_2023-05-1909.11.53.jpeg","width":1000,"height":750},{"@type":"BreadcrumbList","@id":"https:\/\/werocksport.com\/maxime-sorel-reussi-son-double-everest\/#breadcrumb","itemListElement":[{"@type":"ListItem","position":1,"name":"Home","item":"https:\/\/werocksport.com\/"},{"@type":"ListItem","position":2,"name":"Maxime Sorel r\u00e9ussit son double Everest"}]},{"@type":"WebSite","@id":"https:\/\/werocksport.com\/#website","url":"https:\/\/werocksport.com\/","name":"Wir rocken Sport","description":"das Medium 100% outdoor!","publisher":{"@id":"https:\/\/werocksport.com\/#organization"},"potentialAction":[{"@type":"SearchAction","target":{"@type":"EntryPoint","urlTemplate":"https:\/\/werocksport.com\/?s={search_term_string}"},"query-input":{"@type":"PropertyValueSpecification","valueRequired":true,"valueName":"search_term_string"}}],"inLanguage":"de"},{"@type":"Organization","@id":"https:\/\/werocksport.com\/#organization","name":"Wir rocken Sport","url":"https:\/\/werocksport.com\/","logo":{"@type":"ImageObject","inLanguage":"de","@id":"https:\/\/werocksport.com\/#\/schema\/logo\/image\/","url":"https:\/\/werocksport.com\/wp-content\/uploads\/2020\/12\/WRS-logo.png","contentUrl":"https:\/\/werocksport.com\/wp-content\/uploads\/2020\/12\/WRS-logo.png","width":136,"height":60,"caption":"We Rock Sport"},"image":{"@id":"https:\/\/werocksport.com\/#\/schema\/logo\/image\/"}},{"@type":"Person","@id":"https:\/\/werocksport.com\/#\/schema\/person\/fda0db71bd8f31705d1685623d7ec3d9","name":"vincent girard","image":{"@type":"ImageObject","inLanguage":"de","@id":"https:\/\/secure.gravatar.com\/avatar\/d110edb058ac132daf0a052c59f3f137e4842586bc4e35431e2ca6e70a27b393?s=96&d=mm&r=g","url":"https:\/\/secure.gravatar.com\/avatar\/d110edb058ac132daf0a052c59f3f137e4842586bc4e35431e2ca6e70a27b393?s=96&d=mm&r=g","contentUrl":"https:\/\/secure.gravatar.com\/avatar\/d110edb058ac132daf0a052c59f3f137e4842586bc4e35431e2ca6e70a27b393?s=96&d=mm&r=g","caption":"vincent girard"}}]}},"jetpack_featured_media_url":"https:\/\/werocksport.com\/wp-content\/uploads\/2023\/06\/photo_2023-05-1909.11.53.jpeg","_links":{"self":[{"href":"https:\/\/werocksport.com\/de\/wp-json\/wp\/v2\/posts\/3862","targetHints":{"allow":["GET"]}}],"collection":[{"href":"https:\/\/werocksport.com\/de\/wp-json\/wp\/v2\/posts"}],"about":[{"href":"https:\/\/werocksport.com\/de\/wp-json\/wp\/v2\/types\/post"}],"author":[{"embeddable":true,"href":"https:\/\/werocksport.com\/de\/wp-json\/wp\/v2\/users\/11"}],"replies":[{"embeddable":true,"href":"https:\/\/werocksport.com\/de\/wp-json\/wp\/v2\/comments?post=3862"}],"version-history":[{"count":29,"href":"https:\/\/werocksport.com\/de\/wp-json\/wp\/v2\/posts\/3862\/revisions"}],"predecessor-version":[{"id":4048,"href":"https:\/\/werocksport.com\/de\/wp-json\/wp\/v2\/posts\/3862\/revisions\/4048"}],"wp:featuredmedia":[{"embeddable":true,"href":"https:\/\/werocksport.com\/de\/wp-json\/wp\/v2\/media\/3900"}],"wp:attachment":[{"href":"https:\/\/werocksport.com\/de\/wp-json\/wp\/v2\/media?parent=3862"}],"wp:term":[{"taxonomy":"category","embeddable":true,"href":"https:\/\/werocksport.com\/de\/wp-json\/wp\/v2\/categories?post=3862"},{"taxonomy":"post_tag","embeddable":true,"href":"https:\/\/werocksport.com\/de\/wp-json\/wp\/v2\/tags?post=3862"}],"curies":[{"name":"wp","href":"https:\/\/api.w.org\/{rel}","templated":true}]}}