{"id":3537,"date":"2023-03-20T09:00:00","date_gmt":"2023-03-20T08:00:00","guid":{"rendered":"https:\/\/werocksport.com\/?p=3537"},"modified":"2023-03-20T09:20:20","modified_gmt":"2023-03-20T08:20:20","slug":"entretenir-son-velo-pour-lhiver","status":"publish","type":"post","link":"https:\/\/werocksport.com\/de\/entretenir-son-velo-pour-lhiver\/","title":{"rendered":"Das Fahrrad f\u00fcr den Winter pflegen"},"content":{"rendered":"<p><strong>Um unter allen Bedingungen, bei jedem Wetter (Wind, Schnee, Regen, Frost ...) und vor allem in aller Sicherheit fahren zu k\u00f6nnen, ist es wichtig, sein Fahrrad im Winter besonders zu pflegen. Tipps.<\/strong><\/p>\n\n\n\n<figure class=\"wp-block-embed is-type-video is-provider-vimeo wp-block-embed-vimeo\"><div class=\"wp-block-embed__wrapper\">\n<iframe loading=\"lazy\" title=\"WRS_BRUT_ENTRETEN_VELO_HIVER.mp4\" src=\"https:\/\/player.vimeo.com\/video\/807549992?h=c0dd527421&amp;dnt=1&amp;app_id=122963\" width=\"800\" height=\"1000\" frameborder=\"0\" allow=\"autoplay; fullscreen; picture-in-picture\" allowfullscreen><\/iframe>\n<\/div><\/figure>","protected":false},"excerpt":{"rendered":"<p>Um unter allen Bedingungen, bei jedem Wetter (Wind, Schnee, Regen, Frost ...) und vor allem in aller Sicherheit fahren zu k\u00f6nnen, ist es wichtig, sein Fahrrad im Winter besonders zu pflegen. Tipps.<\/p>","protected":false},"author":12,"featured_media":3538,"comment_status":"closed","ping_status":"closed","sticky":false,"template":"","format":"video","meta":{"footnotes":""},"categories":[50],"tags":[],"class_list":{"0":"post-3537","1":"post","2":"type-post","3":"status-publish","4":"format-video","5":"has-post-thumbnail","7":"category-equipement","8":"post_format-post-format-video"},"yoast_head":"<!-- This site is optimized with the Yoast SEO plugin v27.2 - https:\/\/yoast.com\/product\/yoast-seo-wordpress\/ -->\n<title>Entretenir son v\u00e9lo pour l\u2019hiver - We Rock Sport<\/title>\n<meta name=\"robots\" content=\"index, follow, max-snippet:-1, max-image-preview:large, max-video-preview:-1\" \/>\n<link rel=\"canonical\" href=\"https:\/\/werocksport.com\/de\/entretenir-son-velo-pour-lhiver\/\" \/>\n<meta property=\"og:locale\" content=\"de_DE\" \/>\n<meta property=\"og:type\" content=\"article\" \/>\n<meta property=\"og:title\" content=\"Entretenir son v\u00e9lo pour l\u2019hiver - We Rock Sport\" \/>\n<meta property=\"og:description\" content=\"Pour rider en toutes conditions, par tous les temps (vent, neige, pluie, gel\u2026), et surtout en toute s\u00e9curit\u00e9, il est important d\u2019entretenir son v\u00e9lo de fa\u00e7on sp\u00e9cifique en hiver. Conseils.\" \/>\n<meta property=\"og:url\" content=\"https:\/\/werocksport.com\/de\/entretenir-son-velo-pour-lhiver\/\" \/>\n<meta property=\"og:site_name\" content=\"We Rock Sport\" \/>\n<meta property=\"article:published_time\" content=\"2023-03-20T08:00:00+00:00\" \/>\n<meta property=\"article:modified_time\" content=\"2023-03-20T08:20:20+00:00\" \/>\n<meta property=\"og:image\" content=\"https:\/\/werocksport.com\/wp-content\/uploads\/2023\/03\/shutterstock_1853996569.jpg\" \/>\n\t<meta property=\"og:image:width\" content=\"1000\" \/>\n\t<meta property=\"og:image:height\" content=\"667\" \/>\n\t<meta property=\"og:image:type\" content=\"image\/jpeg\" \/>\n<meta name=\"author\" content=\"Emmanuel Morell\" \/>\n<meta name=\"twitter:card\" content=\"summary_large_image\" \/>\n<meta name=\"twitter:label1\" content=\"Verfasst von\" \/>\n\t<meta name=\"twitter:data1\" content=\"Emmanuel Morell\" \/>\n\t<meta name=\"twitter:label2\" content=\"Gesch\u00e4tzte Lesezeit\" \/>\n\t<meta name=\"twitter:data2\" content=\"1\u00a0Minute\" \/>\n<script type=\"application\/ld+json\" class=\"yoast-schema-graph\">{\"@context\":\"https:\/\/schema.org\",\"@graph\":[{\"@type\":\"Article\",\"@id\":\"https:\/\/werocksport.com\/entretenir-son-velo-pour-lhiver\/#article\",\"isPartOf\":{\"@id\":\"https:\/\/werocksport.com\/entretenir-son-velo-pour-lhiver\/\"},\"author\":{\"name\":\"Emmanuel Morell\",\"@id\":\"https:\/\/werocksport.com\/#\/schema\/person\/dd296d720f707d08adeaf8cb80afb9ec\"},\"headline\":\"Entretenir son v\u00e9lo pour l\u2019hiver\",\"datePublished\":\"2023-03-20T08:00:00+00:00\",\"dateModified\":\"2023-03-20T08:20:20+00:00\",\"mainEntityOfPage\":{\"@id\":\"https:\/\/werocksport.com\/entretenir-son-velo-pour-lhiver\/\"},\"wordCount\":47,\"publisher\":{\"@id\":\"https:\/\/werocksport.com\/#organization\"},\"image\":{\"@id\":\"https:\/\/werocksport.com\/entretenir-son-velo-pour-lhiver\/#primaryimage\"},\"thumbnailUrl\":\"https:\/\/werocksport.com\/wp-content\/uploads\/2023\/03\/shutterstock_1853996569.jpg\",\"articleSection\":[\"\u00c9quipement\"],\"inLanguage\":\"de\"},{\"@type\":\"WebPage\",\"@id\":\"https:\/\/werocksport.com\/entretenir-son-velo-pour-lhiver\/\",\"url\":\"https:\/\/werocksport.com\/entretenir-son-velo-pour-lhiver\/\",\"name\":\"Entretenir son v\u00e9lo pour l\u2019hiver - We Rock Sport\",\"isPartOf\":{\"@id\":\"https:\/\/werocksport.com\/#website\"},\"primaryImageOfPage\":{\"@id\":\"https:\/\/werocksport.com\/entretenir-son-velo-pour-lhiver\/#primaryimage\"},\"image\":{\"@id\":\"https:\/\/werocksport.com\/entretenir-son-velo-pour-lhiver\/#primaryimage\"},\"thumbnailUrl\":\"https:\/\/werocksport.com\/wp-content\/uploads\/2023\/03\/shutterstock_1853996569.jpg\",\"datePublished\":\"2023-03-20T08:00:00+00:00\",\"dateModified\":\"2023-03-20T08:20:20+00:00\",\"breadcrumb\":{\"@id\":\"https:\/\/werocksport.com\/entretenir-son-velo-pour-lhiver\/#breadcrumb\"},\"inLanguage\":\"de\",\"potentialAction\":[{\"@type\":\"ReadAction\",\"target\":[\"https:\/\/werocksport.com\/entretenir-son-velo-pour-lhiver\/\"]}]},{\"@type\":\"ImageObject\",\"inLanguage\":\"de\",\"@id\":\"https:\/\/werocksport.com\/entretenir-son-velo-pour-lhiver\/#primaryimage\",\"url\":\"https:\/\/werocksport.com\/wp-content\/uploads\/2023\/03\/shutterstock_1853996569.jpg\",\"contentUrl\":\"https:\/\/werocksport.com\/wp-content\/uploads\/2023\/03\/shutterstock_1853996569.jpg\",\"width\":1000,\"height\":667},{\"@type\":\"BreadcrumbList\",\"@id\":\"https:\/\/werocksport.com\/entretenir-son-velo-pour-lhiver\/#breadcrumb\",\"itemListElement\":[{\"@type\":\"ListItem\",\"position\":1,\"name\":\"Home\",\"item\":\"https:\/\/werocksport.com\/\"},{\"@type\":\"ListItem\",\"position\":2,\"name\":\"Entretenir son v\u00e9lo pour l\u2019hiver\"}]},{\"@type\":\"WebSite\",\"@id\":\"https:\/\/werocksport.com\/#website\",\"url\":\"https:\/\/werocksport.com\/\",\"name\":\"We Rock Sport\",\"description\":\"le m\u00e9dia 100% outdoor !\",\"publisher\":{\"@id\":\"https:\/\/werocksport.com\/#organization\"},\"potentialAction\":[{\"@type\":\"SearchAction\",\"target\":{\"@type\":\"EntryPoint\",\"urlTemplate\":\"https:\/\/werocksport.com\/?s={search_term_string}\"},\"query-input\":{\"@type\":\"PropertyValueSpecification\",\"valueRequired\":true,\"valueName\":\"search_term_string\"}}],\"inLanguage\":\"de\"},{\"@type\":\"Organization\",\"@id\":\"https:\/\/werocksport.com\/#organization\",\"name\":\"We Rock Sport\",\"url\":\"https:\/\/werocksport.com\/\",\"logo\":{\"@type\":\"ImageObject\",\"inLanguage\":\"de\",\"@id\":\"https:\/\/werocksport.com\/#\/schema\/logo\/image\/\",\"url\":\"https:\/\/werocksport.com\/wp-content\/uploads\/2020\/12\/WRS-logo.png\",\"contentUrl\":\"https:\/\/werocksport.com\/wp-content\/uploads\/2020\/12\/WRS-logo.png\",\"width\":136,\"height\":60,\"caption\":\"We Rock Sport\"},\"image\":{\"@id\":\"https:\/\/werocksport.com\/#\/schema\/logo\/image\/\"}},{\"@type\":\"Person\",\"@id\":\"https:\/\/werocksport.com\/#\/schema\/person\/dd296d720f707d08adeaf8cb80afb9ec\",\"name\":\"Emmanuel Morell\",\"image\":{\"@type\":\"ImageObject\",\"inLanguage\":\"de\",\"@id\":\"https:\/\/secure.gravatar.com\/avatar\/de044757faaba64b0534f56a73332e8dea9b4e61cea3c751cba5b277b625215e?s=96&d=mm&r=g\",\"url\":\"https:\/\/secure.gravatar.com\/avatar\/de044757faaba64b0534f56a73332e8dea9b4e61cea3c751cba5b277b625215e?s=96&d=mm&r=g\",\"contentUrl\":\"https:\/\/secure.gravatar.com\/avatar\/de044757faaba64b0534f56a73332e8dea9b4e61cea3c751cba5b277b625215e?s=96&d=mm&r=g\",\"caption\":\"Emmanuel Morell\"}}]}<\/script>\n<!-- \/ Yoast SEO plugin. -->","yoast_head_json":{"title":"Das Fahrrad f\u00fcr den Winter pflegen - We Rock Sport","robots":{"index":"index","follow":"follow","max-snippet":"max-snippet:-1","max-image-preview":"max-image-preview:large","max-video-preview":"max-video-preview:-1"},"canonical":"https:\/\/werocksport.com\/de\/entretenir-son-velo-pour-lhiver\/","og_locale":"de_DE","og_type":"article","og_title":"Entretenir son v\u00e9lo pour l\u2019hiver - We Rock Sport","og_description":"Pour rider en toutes conditions, par tous les temps (vent, neige, pluie, gel\u2026), et surtout en toute s\u00e9curit\u00e9, il est important d\u2019entretenir son v\u00e9lo de fa\u00e7on sp\u00e9cifique en hiver. Conseils.","og_url":"https:\/\/werocksport.com\/de\/entretenir-son-velo-pour-lhiver\/","og_site_name":"We Rock Sport","article_published_time":"2023-03-20T08:00:00+00:00","article_modified_time":"2023-03-20T08:20:20+00:00","og_image":[{"width":1000,"height":667,"url":"https:\/\/werocksport.com\/wp-content\/uploads\/2023\/03\/shutterstock_1853996569.jpg","type":"image\/jpeg"}],"author":"Emmanuel Morell","twitter_card":"summary_large_image","twitter_misc":{"Verfasst von":"Emmanuel Morell","Gesch\u00e4tzte Lesezeit":"1\u00a0Minute"},"schema":{"@context":"https:\/\/schema.org","@graph":[{"@type":"Article","@id":"https:\/\/werocksport.com\/entretenir-son-velo-pour-lhiver\/#article","isPartOf":{"@id":"https:\/\/werocksport.com\/entretenir-son-velo-pour-lhiver\/"},"author":{"name":"Emmanuel Morell","@id":"https:\/\/werocksport.com\/#\/schema\/person\/dd296d720f707d08adeaf8cb80afb9ec"},"headline":"Entretenir son v\u00e9lo pour l\u2019hiver","datePublished":"2023-03-20T08:00:00+00:00","dateModified":"2023-03-20T08:20:20+00:00","mainEntityOfPage":{"@id":"https:\/\/werocksport.com\/entretenir-son-velo-pour-lhiver\/"},"wordCount":47,"publisher":{"@id":"https:\/\/werocksport.com\/#organization"},"image":{"@id":"https:\/\/werocksport.com\/entretenir-son-velo-pour-lhiver\/#primaryimage"},"thumbnailUrl":"https:\/\/werocksport.com\/wp-content\/uploads\/2023\/03\/shutterstock_1853996569.jpg","articleSection":["\u00c9quipement"],"inLanguage":"de"},{"@type":"WebPage","@id":"https:\/\/werocksport.com\/entretenir-son-velo-pour-lhiver\/","url":"https:\/\/werocksport.com\/entretenir-son-velo-pour-lhiver\/","name":"Das Fahrrad f\u00fcr den Winter pflegen - We Rock Sport","isPartOf":{"@id":"https:\/\/werocksport.com\/#website"},"primaryImageOfPage":{"@id":"https:\/\/werocksport.com\/entretenir-son-velo-pour-lhiver\/#primaryimage"},"image":{"@id":"https:\/\/werocksport.com\/entretenir-son-velo-pour-lhiver\/#primaryimage"},"thumbnailUrl":"https:\/\/werocksport.com\/wp-content\/uploads\/2023\/03\/shutterstock_1853996569.jpg","datePublished":"2023-03-20T08:00:00+00:00","dateModified":"2023-03-20T08:20:20+00:00","breadcrumb":{"@id":"https:\/\/werocksport.com\/entretenir-son-velo-pour-lhiver\/#breadcrumb"},"inLanguage":"de","potentialAction":[{"@type":"ReadAction","target":["https:\/\/werocksport.com\/entretenir-son-velo-pour-lhiver\/"]}]},{"@type":"ImageObject","inLanguage":"de","@id":"https:\/\/werocksport.com\/entretenir-son-velo-pour-lhiver\/#primaryimage","url":"https:\/\/werocksport.com\/wp-content\/uploads\/2023\/03\/shutterstock_1853996569.jpg","contentUrl":"https:\/\/werocksport.com\/wp-content\/uploads\/2023\/03\/shutterstock_1853996569.jpg","width":1000,"height":667},{"@type":"BreadcrumbList","@id":"https:\/\/werocksport.com\/entretenir-son-velo-pour-lhiver\/#breadcrumb","itemListElement":[{"@type":"ListItem","position":1,"name":"Home","item":"https:\/\/werocksport.com\/"},{"@type":"ListItem","position":2,"name":"Entretenir son v\u00e9lo pour l\u2019hiver"}]},{"@type":"WebSite","@id":"https:\/\/werocksport.com\/#website","url":"https:\/\/werocksport.com\/","name":"Wir rocken Sport","description":"das Medium 100% outdoor!","publisher":{"@id":"https:\/\/werocksport.com\/#organization"},"potentialAction":[{"@type":"SearchAction","target":{"@type":"EntryPoint","urlTemplate":"https:\/\/werocksport.com\/?s={search_term_string}"},"query-input":{"@type":"PropertyValueSpecification","valueRequired":true,"valueName":"search_term_string"}}],"inLanguage":"de"},{"@type":"Organization","@id":"https:\/\/werocksport.com\/#organization","name":"Wir rocken Sport","url":"https:\/\/werocksport.com\/","logo":{"@type":"ImageObject","inLanguage":"de","@id":"https:\/\/werocksport.com\/#\/schema\/logo\/image\/","url":"https:\/\/werocksport.com\/wp-content\/uploads\/2020\/12\/WRS-logo.png","contentUrl":"https:\/\/werocksport.com\/wp-content\/uploads\/2020\/12\/WRS-logo.png","width":136,"height":60,"caption":"We Rock Sport"},"image":{"@id":"https:\/\/werocksport.com\/#\/schema\/logo\/image\/"}},{"@type":"Person","@id":"https:\/\/werocksport.com\/#\/schema\/person\/dd296d720f707d08adeaf8cb80afb9ec","name":"Emmanuel Morell","image":{"@type":"ImageObject","inLanguage":"de","@id":"https:\/\/secure.gravatar.com\/avatar\/de044757faaba64b0534f56a73332e8dea9b4e61cea3c751cba5b277b625215e?s=96&d=mm&r=g","url":"https:\/\/secure.gravatar.com\/avatar\/de044757faaba64b0534f56a73332e8dea9b4e61cea3c751cba5b277b625215e?s=96&d=mm&r=g","contentUrl":"https:\/\/secure.gravatar.com\/avatar\/de044757faaba64b0534f56a73332e8dea9b4e61cea3c751cba5b277b625215e?s=96&d=mm&r=g","caption":"Emmanuel Morell"}}]}},"jetpack_featured_media_url":"https:\/\/werocksport.com\/wp-content\/uploads\/2023\/03\/shutterstock_1853996569.jpg","_links":{"self":[{"href":"https:\/\/werocksport.com\/de\/wp-json\/wp\/v2\/posts\/3537","targetHints":{"allow":["GET"]}}],"collection":[{"href":"https:\/\/werocksport.com\/de\/wp-json\/wp\/v2\/posts"}],"about":[{"href":"https:\/\/werocksport.com\/de\/wp-json\/wp\/v2\/types\/post"}],"author":[{"embeddable":true,"href":"https:\/\/werocksport.com\/de\/wp-json\/wp\/v2\/users\/12"}],"replies":[{"embeddable":true,"href":"https:\/\/werocksport.com\/de\/wp-json\/wp\/v2\/comments?post=3537"}],"version-history":[{"count":2,"href":"https:\/\/werocksport.com\/de\/wp-json\/wp\/v2\/posts\/3537\/revisions"}],"predecessor-version":[{"id":3562,"href":"https:\/\/werocksport.com\/de\/wp-json\/wp\/v2\/posts\/3537\/revisions\/3562"}],"wp:featuredmedia":[{"embeddable":true,"href":"https:\/\/werocksport.com\/de\/wp-json\/wp\/v2\/media\/3538"}],"wp:attachment":[{"href":"https:\/\/werocksport.com\/de\/wp-json\/wp\/v2\/media?parent=3537"}],"wp:term":[{"taxonomy":"category","embeddable":true,"href":"https:\/\/werocksport.com\/de\/wp-json\/wp\/v2\/categories?post=3537"},{"taxonomy":"post_tag","embeddable":true,"href":"https:\/\/werocksport.com\/de\/wp-json\/wp\/v2\/tags?post=3537"}],"curies":[{"name":"wp","href":"https:\/\/api.w.org\/{rel}","templated":true}]}}