{"id":3075,"date":"2022-12-14T09:00:00","date_gmt":"2022-12-14T08:00:00","guid":{"rendered":"https:\/\/werocksport.com\/?p=3075"},"modified":"2022-12-11T18:49:46","modified_gmt":"2022-12-11T17:49:46","slug":"helly-hansen-de-la-mer-a-la-montagne-140-ans-dhistoire","status":"publish","type":"post","link":"https:\/\/werocksport.com\/de\/helly-hansen-de-la-mer-a-la-montagne-140-ans-dhistoire\/","title":{"rendered":"Helly Hansen: Vom Meer in die Berge, 140 Jahre Geschichte"},"content":{"rendered":"<p><strong>Im Jahr 1877 beginnt die Geschichte der Marke Helly Hansen. Nach vielen Jahren auf See kehrte der norwegische Kapit\u00e4n Helly Juell Hansen im Alter von 35 Jahren in seine Heimat zur\u00fcck. Und so begannen sie und seine Frau Maren Margarethe in dem kleinen K\u00fcstendorf Moss am Oslofjord Jacken, Hosen, Pullover und Planenstoffe aus dickem Leinen herzustellen, die in Lein\u00f6l getr\u00e4nkt wurden... Das Erbe von Helly Hansen ist das einer Marke, die mit ihren zahlreichen Innovationen und revolution\u00e4ren Kleidungsst\u00fccken im gesamten 20.<\/strong><\/p>\n\n\n\n<p><a href=\"https:\/\/www.instagram.com\/hellyhansen\/\">@hellyhansen<\/a><\/p>\n\n\n\n<figure class=\"wp-block-embed is-type-video is-provider-vimeo wp-block-embed-vimeo\"><div class=\"wp-block-embed__wrapper\">\n<iframe loading=\"lazy\" title=\"2022-12 WRS - ICONIQUE - Helly Hansen _ Vom Meer in die Berge, 140 Jahre Geschichte_V1.mp4\" src=\"https:\/\/player.vimeo.com\/video\/778808398?h=490c189b8f&amp;dnt=1&amp;app_id=122963\" width=\"800\" height=\"1000\" frameborder=\"0\" allow=\"autoplay; fullscreen; picture-in-picture\" allowfullscreen><\/iframe>\n<\/div><\/figure>","protected":false},"excerpt":{"rendered":"<p>C\u2019est en 1877 que l&#8217;histoire de la marque Helly Hansen commence. Apr\u00e8s de nombreuses ann\u00e9es pass\u00e9es \u00e0 naviguer en mer, le capitaine norv\u00e9gien Helly Juell Hansen retourne chez lui \u00e0 l&#8217;\u00e2ge de 35 ans. Et c\u2019est ainsi qu\u2019avec sa femme Maren Margarethe, ils commencent \u00e0 fabriquer des vestes, des pantalons, des pulls et des toiles [&hellip;]<\/p>\n","protected":false},"author":12,"featured_media":3076,"comment_status":"closed","ping_status":"closed","sticky":false,"template":"","format":"video","meta":{"footnotes":""},"categories":[50],"tags":[199,76,116],"class_list":{"0":"post-3075","1":"post","2":"type-post","3":"status-publish","4":"format-video","5":"has-post-thumbnail","7":"category-equipement","8":"tag-mer","9":"tag-montagne","10":"tag-neige","11":"post_format-post-format-video"},"yoast_head":"<!-- This site is optimized with the Yoast SEO plugin v27.2 - https:\/\/yoast.com\/product\/yoast-seo-wordpress\/ -->\n<title>Helly Hansen : De la mer \u00e0 la montagne, 140 ans d&#039;histoire - We Rock Sport<\/title>\n<meta name=\"robots\" content=\"index, follow, max-snippet:-1, max-image-preview:large, max-video-preview:-1\" \/>\n<link rel=\"canonical\" href=\"https:\/\/werocksport.com\/de\/helly-hansen-de-la-mer-a-la-montagne-140-ans-dhistoire\/\" \/>\n<meta property=\"og:locale\" content=\"de_DE\" \/>\n<meta property=\"og:type\" content=\"article\" \/>\n<meta property=\"og:title\" content=\"Helly Hansen : De la mer \u00e0 la montagne, 140 ans d&#039;histoire - We Rock Sport\" \/>\n<meta property=\"og:description\" content=\"C\u2019est en 1877 que l&#8217;histoire de la marque Helly Hansen commence. Apr\u00e8s de nombreuses ann\u00e9es pass\u00e9es \u00e0 naviguer en mer, le capitaine norv\u00e9gien Helly Juell Hansen retourne chez lui \u00e0 l&#8217;\u00e2ge de 35 ans. Et c\u2019est ainsi qu\u2019avec sa femme Maren Margarethe, ils commencent \u00e0 fabriquer des vestes, des pantalons, des pulls et des toiles [&hellip;]\" \/>\n<meta property=\"og:url\" content=\"https:\/\/werocksport.com\/de\/helly-hansen-de-la-mer-a-la-montagne-140-ans-dhistoire\/\" \/>\n<meta property=\"og:site_name\" content=\"We Rock Sport\" \/>\n<meta property=\"article:published_time\" content=\"2022-12-14T08:00:00+00:00\" \/>\n<meta property=\"og:image\" content=\"https:\/\/werocksport.com\/wp-content\/uploads\/2022\/12\/312738036_3444644202489189_4708118709788309237_n.jpg\" \/>\n\t<meta property=\"og:image:width\" content=\"1073\" \/>\n\t<meta property=\"og:image:height\" content=\"709\" \/>\n\t<meta property=\"og:image:type\" content=\"image\/jpeg\" \/>\n<meta name=\"author\" content=\"Emmanuel Morell\" \/>\n<meta name=\"twitter:card\" content=\"summary_large_image\" \/>\n<meta name=\"twitter:label1\" content=\"Verfasst von\" \/>\n\t<meta name=\"twitter:data1\" content=\"Emmanuel Morell\" \/>\n\t<meta name=\"twitter:label2\" content=\"Gesch\u00e4tzte Lesezeit\" \/>\n\t<meta name=\"twitter:data2\" content=\"1\u00a0Minute\" \/>\n<script type=\"application\/ld+json\" class=\"yoast-schema-graph\">{\"@context\":\"https:\/\/schema.org\",\"@graph\":[{\"@type\":\"Article\",\"@id\":\"https:\/\/werocksport.com\/helly-hansen-de-la-mer-a-la-montagne-140-ans-dhistoire\/#article\",\"isPartOf\":{\"@id\":\"https:\/\/werocksport.com\/helly-hansen-de-la-mer-a-la-montagne-140-ans-dhistoire\/\"},\"author\":{\"name\":\"Emmanuel Morell\",\"@id\":\"https:\/\/werocksport.com\/#\/schema\/person\/dd296d720f707d08adeaf8cb80afb9ec\"},\"headline\":\"Helly Hansen : De la mer \u00e0 la montagne, 140 ans d&#8217;histoire\",\"datePublished\":\"2022-12-14T08:00:00+00:00\",\"mainEntityOfPage\":{\"@id\":\"https:\/\/werocksport.com\/helly-hansen-de-la-mer-a-la-montagne-140-ans-dhistoire\/\"},\"wordCount\":131,\"publisher\":{\"@id\":\"https:\/\/werocksport.com\/#organization\"},\"image\":{\"@id\":\"https:\/\/werocksport.com\/helly-hansen-de-la-mer-a-la-montagne-140-ans-dhistoire\/#primaryimage\"},\"thumbnailUrl\":\"https:\/\/werocksport.com\/wp-content\/uploads\/2022\/12\/312738036_3444644202489189_4708118709788309237_n.jpg\",\"keywords\":[\"mer\",\"montagne\",\"neige\"],\"articleSection\":[\"\u00c9quipement\"],\"inLanguage\":\"de\"},{\"@type\":\"WebPage\",\"@id\":\"https:\/\/werocksport.com\/helly-hansen-de-la-mer-a-la-montagne-140-ans-dhistoire\/\",\"url\":\"https:\/\/werocksport.com\/helly-hansen-de-la-mer-a-la-montagne-140-ans-dhistoire\/\",\"name\":\"Helly Hansen : De la mer \u00e0 la montagne, 140 ans d'histoire - We Rock Sport\",\"isPartOf\":{\"@id\":\"https:\/\/werocksport.com\/#website\"},\"primaryImageOfPage\":{\"@id\":\"https:\/\/werocksport.com\/helly-hansen-de-la-mer-a-la-montagne-140-ans-dhistoire\/#primaryimage\"},\"image\":{\"@id\":\"https:\/\/werocksport.com\/helly-hansen-de-la-mer-a-la-montagne-140-ans-dhistoire\/#primaryimage\"},\"thumbnailUrl\":\"https:\/\/werocksport.com\/wp-content\/uploads\/2022\/12\/312738036_3444644202489189_4708118709788309237_n.jpg\",\"datePublished\":\"2022-12-14T08:00:00+00:00\",\"breadcrumb\":{\"@id\":\"https:\/\/werocksport.com\/helly-hansen-de-la-mer-a-la-montagne-140-ans-dhistoire\/#breadcrumb\"},\"inLanguage\":\"de\",\"potentialAction\":[{\"@type\":\"ReadAction\",\"target\":[\"https:\/\/werocksport.com\/helly-hansen-de-la-mer-a-la-montagne-140-ans-dhistoire\/\"]}]},{\"@type\":\"ImageObject\",\"inLanguage\":\"de\",\"@id\":\"https:\/\/werocksport.com\/helly-hansen-de-la-mer-a-la-montagne-140-ans-dhistoire\/#primaryimage\",\"url\":\"https:\/\/werocksport.com\/wp-content\/uploads\/2022\/12\/312738036_3444644202489189_4708118709788309237_n.jpg\",\"contentUrl\":\"https:\/\/werocksport.com\/wp-content\/uploads\/2022\/12\/312738036_3444644202489189_4708118709788309237_n.jpg\",\"width\":1073,\"height\":709},{\"@type\":\"BreadcrumbList\",\"@id\":\"https:\/\/werocksport.com\/helly-hansen-de-la-mer-a-la-montagne-140-ans-dhistoire\/#breadcrumb\",\"itemListElement\":[{\"@type\":\"ListItem\",\"position\":1,\"name\":\"Home\",\"item\":\"https:\/\/werocksport.com\/\"},{\"@type\":\"ListItem\",\"position\":2,\"name\":\"Helly Hansen : De la mer \u00e0 la montagne, 140 ans d&rsquo;histoire\"}]},{\"@type\":\"WebSite\",\"@id\":\"https:\/\/werocksport.com\/#website\",\"url\":\"https:\/\/werocksport.com\/\",\"name\":\"We Rock Sport\",\"description\":\"le m\u00e9dia 100% outdoor !\",\"publisher\":{\"@id\":\"https:\/\/werocksport.com\/#organization\"},\"potentialAction\":[{\"@type\":\"SearchAction\",\"target\":{\"@type\":\"EntryPoint\",\"urlTemplate\":\"https:\/\/werocksport.com\/?s={search_term_string}\"},\"query-input\":{\"@type\":\"PropertyValueSpecification\",\"valueRequired\":true,\"valueName\":\"search_term_string\"}}],\"inLanguage\":\"de\"},{\"@type\":\"Organization\",\"@id\":\"https:\/\/werocksport.com\/#organization\",\"name\":\"We Rock Sport\",\"url\":\"https:\/\/werocksport.com\/\",\"logo\":{\"@type\":\"ImageObject\",\"inLanguage\":\"de\",\"@id\":\"https:\/\/werocksport.com\/#\/schema\/logo\/image\/\",\"url\":\"https:\/\/werocksport.com\/wp-content\/uploads\/2020\/12\/WRS-logo.png\",\"contentUrl\":\"https:\/\/werocksport.com\/wp-content\/uploads\/2020\/12\/WRS-logo.png\",\"width\":136,\"height\":60,\"caption\":\"We Rock Sport\"},\"image\":{\"@id\":\"https:\/\/werocksport.com\/#\/schema\/logo\/image\/\"}},{\"@type\":\"Person\",\"@id\":\"https:\/\/werocksport.com\/#\/schema\/person\/dd296d720f707d08adeaf8cb80afb9ec\",\"name\":\"Emmanuel Morell\",\"image\":{\"@type\":\"ImageObject\",\"inLanguage\":\"de\",\"@id\":\"https:\/\/secure.gravatar.com\/avatar\/de044757faaba64b0534f56a73332e8dea9b4e61cea3c751cba5b277b625215e?s=96&d=mm&r=g\",\"url\":\"https:\/\/secure.gravatar.com\/avatar\/de044757faaba64b0534f56a73332e8dea9b4e61cea3c751cba5b277b625215e?s=96&d=mm&r=g\",\"contentUrl\":\"https:\/\/secure.gravatar.com\/avatar\/de044757faaba64b0534f56a73332e8dea9b4e61cea3c751cba5b277b625215e?s=96&d=mm&r=g\",\"caption\":\"Emmanuel Morell\"}}]}<\/script>\n<!-- \/ Yoast SEO plugin. -->","yoast_head_json":{"title":"Helly Hansen: Vom Meer in die Berge, 140 Jahre Geschichte - We Rock Sport","robots":{"index":"index","follow":"follow","max-snippet":"max-snippet:-1","max-image-preview":"max-image-preview:large","max-video-preview":"max-video-preview:-1"},"canonical":"https:\/\/werocksport.com\/de\/helly-hansen-de-la-mer-a-la-montagne-140-ans-dhistoire\/","og_locale":"de_DE","og_type":"article","og_title":"Helly Hansen : De la mer \u00e0 la montagne, 140 ans d'histoire - We Rock Sport","og_description":"C\u2019est en 1877 que l&#8217;histoire de la marque Helly Hansen commence. Apr\u00e8s de nombreuses ann\u00e9es pass\u00e9es \u00e0 naviguer en mer, le capitaine norv\u00e9gien Helly Juell Hansen retourne chez lui \u00e0 l&#8217;\u00e2ge de 35 ans. Et c\u2019est ainsi qu\u2019avec sa femme Maren Margarethe, ils commencent \u00e0 fabriquer des vestes, des pantalons, des pulls et des toiles [&hellip;]","og_url":"https:\/\/werocksport.com\/de\/helly-hansen-de-la-mer-a-la-montagne-140-ans-dhistoire\/","og_site_name":"We Rock Sport","article_published_time":"2022-12-14T08:00:00+00:00","og_image":[{"width":1073,"height":709,"url":"https:\/\/werocksport.com\/wp-content\/uploads\/2022\/12\/312738036_3444644202489189_4708118709788309237_n.jpg","type":"image\/jpeg"}],"author":"Emmanuel Morell","twitter_card":"summary_large_image","twitter_misc":{"Verfasst von":"Emmanuel Morell","Gesch\u00e4tzte Lesezeit":"1\u00a0Minute"},"schema":{"@context":"https:\/\/schema.org","@graph":[{"@type":"Article","@id":"https:\/\/werocksport.com\/helly-hansen-de-la-mer-a-la-montagne-140-ans-dhistoire\/#article","isPartOf":{"@id":"https:\/\/werocksport.com\/helly-hansen-de-la-mer-a-la-montagne-140-ans-dhistoire\/"},"author":{"name":"Emmanuel Morell","@id":"https:\/\/werocksport.com\/#\/schema\/person\/dd296d720f707d08adeaf8cb80afb9ec"},"headline":"Helly Hansen : De la mer \u00e0 la montagne, 140 ans d&#8217;histoire","datePublished":"2022-12-14T08:00:00+00:00","mainEntityOfPage":{"@id":"https:\/\/werocksport.com\/helly-hansen-de-la-mer-a-la-montagne-140-ans-dhistoire\/"},"wordCount":131,"publisher":{"@id":"https:\/\/werocksport.com\/#organization"},"image":{"@id":"https:\/\/werocksport.com\/helly-hansen-de-la-mer-a-la-montagne-140-ans-dhistoire\/#primaryimage"},"thumbnailUrl":"https:\/\/werocksport.com\/wp-content\/uploads\/2022\/12\/312738036_3444644202489189_4708118709788309237_n.jpg","keywords":["mer","montagne","neige"],"articleSection":["\u00c9quipement"],"inLanguage":"de"},{"@type":"WebPage","@id":"https:\/\/werocksport.com\/helly-hansen-de-la-mer-a-la-montagne-140-ans-dhistoire\/","url":"https:\/\/werocksport.com\/helly-hansen-de-la-mer-a-la-montagne-140-ans-dhistoire\/","name":"Helly Hansen: Vom Meer in die Berge, 140 Jahre Geschichte - We Rock Sport","isPartOf":{"@id":"https:\/\/werocksport.com\/#website"},"primaryImageOfPage":{"@id":"https:\/\/werocksport.com\/helly-hansen-de-la-mer-a-la-montagne-140-ans-dhistoire\/#primaryimage"},"image":{"@id":"https:\/\/werocksport.com\/helly-hansen-de-la-mer-a-la-montagne-140-ans-dhistoire\/#primaryimage"},"thumbnailUrl":"https:\/\/werocksport.com\/wp-content\/uploads\/2022\/12\/312738036_3444644202489189_4708118709788309237_n.jpg","datePublished":"2022-12-14T08:00:00+00:00","breadcrumb":{"@id":"https:\/\/werocksport.com\/helly-hansen-de-la-mer-a-la-montagne-140-ans-dhistoire\/#breadcrumb"},"inLanguage":"de","potentialAction":[{"@type":"ReadAction","target":["https:\/\/werocksport.com\/helly-hansen-de-la-mer-a-la-montagne-140-ans-dhistoire\/"]}]},{"@type":"ImageObject","inLanguage":"de","@id":"https:\/\/werocksport.com\/helly-hansen-de-la-mer-a-la-montagne-140-ans-dhistoire\/#primaryimage","url":"https:\/\/werocksport.com\/wp-content\/uploads\/2022\/12\/312738036_3444644202489189_4708118709788309237_n.jpg","contentUrl":"https:\/\/werocksport.com\/wp-content\/uploads\/2022\/12\/312738036_3444644202489189_4708118709788309237_n.jpg","width":1073,"height":709},{"@type":"BreadcrumbList","@id":"https:\/\/werocksport.com\/helly-hansen-de-la-mer-a-la-montagne-140-ans-dhistoire\/#breadcrumb","itemListElement":[{"@type":"ListItem","position":1,"name":"Home","item":"https:\/\/werocksport.com\/"},{"@type":"ListItem","position":2,"name":"Helly Hansen : De la mer \u00e0 la montagne, 140 ans d&rsquo;histoire"}]},{"@type":"WebSite","@id":"https:\/\/werocksport.com\/#website","url":"https:\/\/werocksport.com\/","name":"Wir rocken Sport","description":"das Medium 100% outdoor!","publisher":{"@id":"https:\/\/werocksport.com\/#organization"},"potentialAction":[{"@type":"SearchAction","target":{"@type":"EntryPoint","urlTemplate":"https:\/\/werocksport.com\/?s={search_term_string}"},"query-input":{"@type":"PropertyValueSpecification","valueRequired":true,"valueName":"search_term_string"}}],"inLanguage":"de"},{"@type":"Organization","@id":"https:\/\/werocksport.com\/#organization","name":"Wir rocken Sport","url":"https:\/\/werocksport.com\/","logo":{"@type":"ImageObject","inLanguage":"de","@id":"https:\/\/werocksport.com\/#\/schema\/logo\/image\/","url":"https:\/\/werocksport.com\/wp-content\/uploads\/2020\/12\/WRS-logo.png","contentUrl":"https:\/\/werocksport.com\/wp-content\/uploads\/2020\/12\/WRS-logo.png","width":136,"height":60,"caption":"We Rock Sport"},"image":{"@id":"https:\/\/werocksport.com\/#\/schema\/logo\/image\/"}},{"@type":"Person","@id":"https:\/\/werocksport.com\/#\/schema\/person\/dd296d720f707d08adeaf8cb80afb9ec","name":"Emmanuel Morell","image":{"@type":"ImageObject","inLanguage":"de","@id":"https:\/\/secure.gravatar.com\/avatar\/de044757faaba64b0534f56a73332e8dea9b4e61cea3c751cba5b277b625215e?s=96&d=mm&r=g","url":"https:\/\/secure.gravatar.com\/avatar\/de044757faaba64b0534f56a73332e8dea9b4e61cea3c751cba5b277b625215e?s=96&d=mm&r=g","contentUrl":"https:\/\/secure.gravatar.com\/avatar\/de044757faaba64b0534f56a73332e8dea9b4e61cea3c751cba5b277b625215e?s=96&d=mm&r=g","caption":"Emmanuel Morell"}}]}},"jetpack_featured_media_url":"https:\/\/werocksport.com\/wp-content\/uploads\/2022\/12\/312738036_3444644202489189_4708118709788309237_n.jpg","_links":{"self":[{"href":"https:\/\/werocksport.com\/de\/wp-json\/wp\/v2\/posts\/3075","targetHints":{"allow":["GET"]}}],"collection":[{"href":"https:\/\/werocksport.com\/de\/wp-json\/wp\/v2\/posts"}],"about":[{"href":"https:\/\/werocksport.com\/de\/wp-json\/wp\/v2\/types\/post"}],"author":[{"embeddable":true,"href":"https:\/\/werocksport.com\/de\/wp-json\/wp\/v2\/users\/12"}],"replies":[{"embeddable":true,"href":"https:\/\/werocksport.com\/de\/wp-json\/wp\/v2\/comments?post=3075"}],"version-history":[{"count":1,"href":"https:\/\/werocksport.com\/de\/wp-json\/wp\/v2\/posts\/3075\/revisions"}],"predecessor-version":[{"id":3077,"href":"https:\/\/werocksport.com\/de\/wp-json\/wp\/v2\/posts\/3075\/revisions\/3077"}],"wp:featuredmedia":[{"embeddable":true,"href":"https:\/\/werocksport.com\/de\/wp-json\/wp\/v2\/media\/3076"}],"wp:attachment":[{"href":"https:\/\/werocksport.com\/de\/wp-json\/wp\/v2\/media?parent=3075"}],"wp:term":[{"taxonomy":"category","embeddable":true,"href":"https:\/\/werocksport.com\/de\/wp-json\/wp\/v2\/categories?post=3075"},{"taxonomy":"post_tag","embeddable":true,"href":"https:\/\/werocksport.com\/de\/wp-json\/wp\/v2\/tags?post=3075"}],"curies":[{"name":"wp","href":"https:\/\/api.w.org\/{rel}","templated":true}]}}