{"id":2859,"date":"2022-11-16T09:00:00","date_gmt":"2022-11-16T08:00:00","guid":{"rendered":"https:\/\/werocksport.com\/?p=2859"},"modified":"2022-11-15T15:43:03","modified_gmt":"2022-11-15T14:43:03","slug":"un-francais-cinq-etoiles-en-vtt-descente","status":"publish","type":"post","link":"https:\/\/werocksport.com\/de\/un-francais-cinq-etoiles-en-vtt-descente\/","title":{"rendered":"Ein F\u00fcnf-Sterne-Franzose im Mountainbike Downhill"},"content":{"rendered":"<p><strong>Der Franzose Lo\u00efc Bruni wurde in diesem Jahr zum f\u00fcnften Mal Weltmeister im Mountainbike Downhill in Les Gets (Hochsavoyen), wo das franz\u00f6sische Team mit Amaury Pierron als Zweiter und Loris Vergier als Dritter einen unglaublichen Hattrick schaffte.<\/strong><\/p>\n\n\n\n<figure class=\"wp-block-embed is-type-video is-provider-vimeo wp-block-embed-vimeo\"><div class=\"wp-block-embed__wrapper\">\n<iframe loading=\"lazy\" title=\"Iconic_Loic_Bruni_V2.mp4\" src=\"https:\/\/player.vimeo.com\/video\/771164016?h=712651cf43&amp;dnt=1&amp;app_id=122963\" width=\"800\" height=\"1000\" frameborder=\"0\" allow=\"autoplay; fullscreen; picture-in-picture\" allowfullscreen><\/iframe>\n<\/div><\/figure>","protected":false},"excerpt":{"rendered":"<p>Der Franzose Lo\u00efc Bruni wurde in diesem Jahr zum f\u00fcnften Mal Weltmeister im Mountainbike Downhill in Les Gets (Hochsavoyen), wo das franz\u00f6sische Team mit Amaury Pierron als Zweiter und Loris Vergier als Dritter einen unglaublichen Hattrick schaffte.<\/p>","protected":false},"author":12,"featured_media":2860,"comment_status":"closed","ping_status":"closed","sticky":false,"template":"","format":"video","meta":{"footnotes":""},"categories":[48],"tags":[],"class_list":{"0":"post-2859","1":"post","2":"type-post","3":"status-publish","4":"format-video","5":"has-post-thumbnail","7":"category-inspiration","8":"post_format-post-format-video"},"yoast_head":"<!-- This site is optimized with the Yoast SEO plugin v27.2 - https:\/\/yoast.com\/product\/yoast-seo-wordpress\/ -->\n<title>Un Fran\u00e7ais cinq \u00e9toiles en VTT descente - We Rock Sport<\/title>\n<meta name=\"robots\" content=\"index, follow, max-snippet:-1, max-image-preview:large, max-video-preview:-1\" \/>\n<link rel=\"canonical\" href=\"https:\/\/werocksport.com\/de\/un-francais-cinq-etoiles-en-vtt-descente\/\" \/>\n<meta property=\"og:locale\" content=\"de_DE\" \/>\n<meta property=\"og:type\" content=\"article\" \/>\n<meta property=\"og:title\" content=\"Un Fran\u00e7ais cinq \u00e9toiles en VTT descente - We Rock Sport\" \/>\n<meta property=\"og:description\" content=\"Le Fran\u00e7ais Lo\u00efc Bruni a \u00e9t\u00e9 sacr\u00e9 pour la 5e fois champion du monde de VTT descente cette ann\u00e9e aux Gets (Haute-Savoie), o\u00f9 l\u2019\u00e9quipe de France a r\u00e9alis\u00e9 un incroyable tripl\u00e9 avec Amaury Pierron deuxi\u00e8me et Loris Vergier troisi\u00e8me.\" \/>\n<meta property=\"og:url\" content=\"https:\/\/werocksport.com\/de\/un-francais-cinq-etoiles-en-vtt-descente\/\" \/>\n<meta property=\"og:site_name\" content=\"We Rock Sport\" \/>\n<meta property=\"article:published_time\" content=\"2022-11-16T08:00:00+00:00\" \/>\n<meta property=\"og:image\" content=\"https:\/\/werocksport.com\/wp-content\/uploads\/2022\/11\/301684175_126315663304450_5070602284017293758_n.jpg\" \/>\n\t<meta property=\"og:image:width\" content=\"1072\" \/>\n\t<meta property=\"og:image:height\" content=\"480\" \/>\n\t<meta property=\"og:image:type\" content=\"image\/jpeg\" \/>\n<meta name=\"author\" content=\"Emmanuel Morell\" \/>\n<meta name=\"twitter:card\" content=\"summary_large_image\" \/>\n<meta name=\"twitter:label1\" content=\"Verfasst von\" \/>\n\t<meta name=\"twitter:data1\" content=\"Emmanuel Morell\" \/>\n\t<meta name=\"twitter:label2\" content=\"Gesch\u00e4tzte Lesezeit\" \/>\n\t<meta name=\"twitter:data2\" content=\"1\u00a0Minute\" \/>\n<script type=\"application\/ld+json\" class=\"yoast-schema-graph\">{\"@context\":\"https:\/\/schema.org\",\"@graph\":[{\"@type\":\"Article\",\"@id\":\"https:\/\/werocksport.com\/un-francais-cinq-etoiles-en-vtt-descente\/#article\",\"isPartOf\":{\"@id\":\"https:\/\/werocksport.com\/un-francais-cinq-etoiles-en-vtt-descente\/\"},\"author\":{\"name\":\"Emmanuel Morell\",\"@id\":\"https:\/\/werocksport.com\/#\/schema\/person\/dd296d720f707d08adeaf8cb80afb9ec\"},\"headline\":\"Un Fran\u00e7ais cinq \u00e9toiles en VTT descente\",\"datePublished\":\"2022-11-16T08:00:00+00:00\",\"mainEntityOfPage\":{\"@id\":\"https:\/\/werocksport.com\/un-francais-cinq-etoiles-en-vtt-descente\/\"},\"wordCount\":59,\"publisher\":{\"@id\":\"https:\/\/werocksport.com\/#organization\"},\"image\":{\"@id\":\"https:\/\/werocksport.com\/un-francais-cinq-etoiles-en-vtt-descente\/#primaryimage\"},\"thumbnailUrl\":\"https:\/\/werocksport.com\/wp-content\/uploads\/2022\/11\/301684175_126315663304450_5070602284017293758_n.jpg\",\"articleSection\":[\"Inspiration\"],\"inLanguage\":\"de\"},{\"@type\":\"WebPage\",\"@id\":\"https:\/\/werocksport.com\/un-francais-cinq-etoiles-en-vtt-descente\/\",\"url\":\"https:\/\/werocksport.com\/un-francais-cinq-etoiles-en-vtt-descente\/\",\"name\":\"Un Fran\u00e7ais cinq \u00e9toiles en VTT descente - We Rock Sport\",\"isPartOf\":{\"@id\":\"https:\/\/werocksport.com\/#website\"},\"primaryImageOfPage\":{\"@id\":\"https:\/\/werocksport.com\/un-francais-cinq-etoiles-en-vtt-descente\/#primaryimage\"},\"image\":{\"@id\":\"https:\/\/werocksport.com\/un-francais-cinq-etoiles-en-vtt-descente\/#primaryimage\"},\"thumbnailUrl\":\"https:\/\/werocksport.com\/wp-content\/uploads\/2022\/11\/301684175_126315663304450_5070602284017293758_n.jpg\",\"datePublished\":\"2022-11-16T08:00:00+00:00\",\"breadcrumb\":{\"@id\":\"https:\/\/werocksport.com\/un-francais-cinq-etoiles-en-vtt-descente\/#breadcrumb\"},\"inLanguage\":\"de\",\"potentialAction\":[{\"@type\":\"ReadAction\",\"target\":[\"https:\/\/werocksport.com\/un-francais-cinq-etoiles-en-vtt-descente\/\"]}]},{\"@type\":\"ImageObject\",\"inLanguage\":\"de\",\"@id\":\"https:\/\/werocksport.com\/un-francais-cinq-etoiles-en-vtt-descente\/#primaryimage\",\"url\":\"https:\/\/werocksport.com\/wp-content\/uploads\/2022\/11\/301684175_126315663304450_5070602284017293758_n.jpg\",\"contentUrl\":\"https:\/\/werocksport.com\/wp-content\/uploads\/2022\/11\/301684175_126315663304450_5070602284017293758_n.jpg\",\"width\":1072,\"height\":480},{\"@type\":\"BreadcrumbList\",\"@id\":\"https:\/\/werocksport.com\/un-francais-cinq-etoiles-en-vtt-descente\/#breadcrumb\",\"itemListElement\":[{\"@type\":\"ListItem\",\"position\":1,\"name\":\"Home\",\"item\":\"https:\/\/werocksport.com\/\"},{\"@type\":\"ListItem\",\"position\":2,\"name\":\"Un Fran\u00e7ais cinq \u00e9toiles en VTT descente\"}]},{\"@type\":\"WebSite\",\"@id\":\"https:\/\/werocksport.com\/#website\",\"url\":\"https:\/\/werocksport.com\/\",\"name\":\"We Rock Sport\",\"description\":\"le m\u00e9dia 100% outdoor !\",\"publisher\":{\"@id\":\"https:\/\/werocksport.com\/#organization\"},\"potentialAction\":[{\"@type\":\"SearchAction\",\"target\":{\"@type\":\"EntryPoint\",\"urlTemplate\":\"https:\/\/werocksport.com\/?s={search_term_string}\"},\"query-input\":{\"@type\":\"PropertyValueSpecification\",\"valueRequired\":true,\"valueName\":\"search_term_string\"}}],\"inLanguage\":\"de\"},{\"@type\":\"Organization\",\"@id\":\"https:\/\/werocksport.com\/#organization\",\"name\":\"We Rock Sport\",\"url\":\"https:\/\/werocksport.com\/\",\"logo\":{\"@type\":\"ImageObject\",\"inLanguage\":\"de\",\"@id\":\"https:\/\/werocksport.com\/#\/schema\/logo\/image\/\",\"url\":\"https:\/\/werocksport.com\/wp-content\/uploads\/2020\/12\/WRS-logo.png\",\"contentUrl\":\"https:\/\/werocksport.com\/wp-content\/uploads\/2020\/12\/WRS-logo.png\",\"width\":136,\"height\":60,\"caption\":\"We Rock Sport\"},\"image\":{\"@id\":\"https:\/\/werocksport.com\/#\/schema\/logo\/image\/\"}},{\"@type\":\"Person\",\"@id\":\"https:\/\/werocksport.com\/#\/schema\/person\/dd296d720f707d08adeaf8cb80afb9ec\",\"name\":\"Emmanuel Morell\",\"image\":{\"@type\":\"ImageObject\",\"inLanguage\":\"de\",\"@id\":\"https:\/\/secure.gravatar.com\/avatar\/de044757faaba64b0534f56a73332e8dea9b4e61cea3c751cba5b277b625215e?s=96&d=mm&r=g\",\"url\":\"https:\/\/secure.gravatar.com\/avatar\/de044757faaba64b0534f56a73332e8dea9b4e61cea3c751cba5b277b625215e?s=96&d=mm&r=g\",\"contentUrl\":\"https:\/\/secure.gravatar.com\/avatar\/de044757faaba64b0534f56a73332e8dea9b4e61cea3c751cba5b277b625215e?s=96&d=mm&r=g\",\"caption\":\"Emmanuel Morell\"}}]}<\/script>\n<!-- \/ Yoast SEO plugin. -->","yoast_head_json":{"title":"Ein F\u00fcnf-Sterne-Franzose im Mountainbike-Downhill - We Rock Sport","robots":{"index":"index","follow":"follow","max-snippet":"max-snippet:-1","max-image-preview":"max-image-preview:large","max-video-preview":"max-video-preview:-1"},"canonical":"https:\/\/werocksport.com\/de\/un-francais-cinq-etoiles-en-vtt-descente\/","og_locale":"de_DE","og_type":"article","og_title":"Un Fran\u00e7ais cinq \u00e9toiles en VTT descente - We Rock Sport","og_description":"Le Fran\u00e7ais Lo\u00efc Bruni a \u00e9t\u00e9 sacr\u00e9 pour la 5e fois champion du monde de VTT descente cette ann\u00e9e aux Gets (Haute-Savoie), o\u00f9 l\u2019\u00e9quipe de France a r\u00e9alis\u00e9 un incroyable tripl\u00e9 avec Amaury Pierron deuxi\u00e8me et Loris Vergier troisi\u00e8me.","og_url":"https:\/\/werocksport.com\/de\/un-francais-cinq-etoiles-en-vtt-descente\/","og_site_name":"We Rock Sport","article_published_time":"2022-11-16T08:00:00+00:00","og_image":[{"width":1072,"height":480,"url":"https:\/\/werocksport.com\/wp-content\/uploads\/2022\/11\/301684175_126315663304450_5070602284017293758_n.jpg","type":"image\/jpeg"}],"author":"Emmanuel Morell","twitter_card":"summary_large_image","twitter_misc":{"Verfasst von":"Emmanuel Morell","Gesch\u00e4tzte Lesezeit":"1\u00a0Minute"},"schema":{"@context":"https:\/\/schema.org","@graph":[{"@type":"Article","@id":"https:\/\/werocksport.com\/un-francais-cinq-etoiles-en-vtt-descente\/#article","isPartOf":{"@id":"https:\/\/werocksport.com\/un-francais-cinq-etoiles-en-vtt-descente\/"},"author":{"name":"Emmanuel Morell","@id":"https:\/\/werocksport.com\/#\/schema\/person\/dd296d720f707d08adeaf8cb80afb9ec"},"headline":"Un Fran\u00e7ais cinq \u00e9toiles en VTT descente","datePublished":"2022-11-16T08:00:00+00:00","mainEntityOfPage":{"@id":"https:\/\/werocksport.com\/un-francais-cinq-etoiles-en-vtt-descente\/"},"wordCount":59,"publisher":{"@id":"https:\/\/werocksport.com\/#organization"},"image":{"@id":"https:\/\/werocksport.com\/un-francais-cinq-etoiles-en-vtt-descente\/#primaryimage"},"thumbnailUrl":"https:\/\/werocksport.com\/wp-content\/uploads\/2022\/11\/301684175_126315663304450_5070602284017293758_n.jpg","articleSection":["Inspiration"],"inLanguage":"de"},{"@type":"WebPage","@id":"https:\/\/werocksport.com\/un-francais-cinq-etoiles-en-vtt-descente\/","url":"https:\/\/werocksport.com\/un-francais-cinq-etoiles-en-vtt-descente\/","name":"Ein F\u00fcnf-Sterne-Franzose im Mountainbike-Downhill - We Rock Sport","isPartOf":{"@id":"https:\/\/werocksport.com\/#website"},"primaryImageOfPage":{"@id":"https:\/\/werocksport.com\/un-francais-cinq-etoiles-en-vtt-descente\/#primaryimage"},"image":{"@id":"https:\/\/werocksport.com\/un-francais-cinq-etoiles-en-vtt-descente\/#primaryimage"},"thumbnailUrl":"https:\/\/werocksport.com\/wp-content\/uploads\/2022\/11\/301684175_126315663304450_5070602284017293758_n.jpg","datePublished":"2022-11-16T08:00:00+00:00","breadcrumb":{"@id":"https:\/\/werocksport.com\/un-francais-cinq-etoiles-en-vtt-descente\/#breadcrumb"},"inLanguage":"de","potentialAction":[{"@type":"ReadAction","target":["https:\/\/werocksport.com\/un-francais-cinq-etoiles-en-vtt-descente\/"]}]},{"@type":"ImageObject","inLanguage":"de","@id":"https:\/\/werocksport.com\/un-francais-cinq-etoiles-en-vtt-descente\/#primaryimage","url":"https:\/\/werocksport.com\/wp-content\/uploads\/2022\/11\/301684175_126315663304450_5070602284017293758_n.jpg","contentUrl":"https:\/\/werocksport.com\/wp-content\/uploads\/2022\/11\/301684175_126315663304450_5070602284017293758_n.jpg","width":1072,"height":480},{"@type":"BreadcrumbList","@id":"https:\/\/werocksport.com\/un-francais-cinq-etoiles-en-vtt-descente\/#breadcrumb","itemListElement":[{"@type":"ListItem","position":1,"name":"Home","item":"https:\/\/werocksport.com\/"},{"@type":"ListItem","position":2,"name":"Un Fran\u00e7ais cinq \u00e9toiles en VTT descente"}]},{"@type":"WebSite","@id":"https:\/\/werocksport.com\/#website","url":"https:\/\/werocksport.com\/","name":"Wir rocken Sport","description":"das Medium 100% outdoor!","publisher":{"@id":"https:\/\/werocksport.com\/#organization"},"potentialAction":[{"@type":"SearchAction","target":{"@type":"EntryPoint","urlTemplate":"https:\/\/werocksport.com\/?s={search_term_string}"},"query-input":{"@type":"PropertyValueSpecification","valueRequired":true,"valueName":"search_term_string"}}],"inLanguage":"de"},{"@type":"Organization","@id":"https:\/\/werocksport.com\/#organization","name":"Wir rocken Sport","url":"https:\/\/werocksport.com\/","logo":{"@type":"ImageObject","inLanguage":"de","@id":"https:\/\/werocksport.com\/#\/schema\/logo\/image\/","url":"https:\/\/werocksport.com\/wp-content\/uploads\/2020\/12\/WRS-logo.png","contentUrl":"https:\/\/werocksport.com\/wp-content\/uploads\/2020\/12\/WRS-logo.png","width":136,"height":60,"caption":"We Rock Sport"},"image":{"@id":"https:\/\/werocksport.com\/#\/schema\/logo\/image\/"}},{"@type":"Person","@id":"https:\/\/werocksport.com\/#\/schema\/person\/dd296d720f707d08adeaf8cb80afb9ec","name":"Emmanuel Morell","image":{"@type":"ImageObject","inLanguage":"de","@id":"https:\/\/secure.gravatar.com\/avatar\/de044757faaba64b0534f56a73332e8dea9b4e61cea3c751cba5b277b625215e?s=96&d=mm&r=g","url":"https:\/\/secure.gravatar.com\/avatar\/de044757faaba64b0534f56a73332e8dea9b4e61cea3c751cba5b277b625215e?s=96&d=mm&r=g","contentUrl":"https:\/\/secure.gravatar.com\/avatar\/de044757faaba64b0534f56a73332e8dea9b4e61cea3c751cba5b277b625215e?s=96&d=mm&r=g","caption":"Emmanuel Morell"}}]}},"jetpack_featured_media_url":"https:\/\/werocksport.com\/wp-content\/uploads\/2022\/11\/301684175_126315663304450_5070602284017293758_n.jpg","_links":{"self":[{"href":"https:\/\/werocksport.com\/de\/wp-json\/wp\/v2\/posts\/2859","targetHints":{"allow":["GET"]}}],"collection":[{"href":"https:\/\/werocksport.com\/de\/wp-json\/wp\/v2\/posts"}],"about":[{"href":"https:\/\/werocksport.com\/de\/wp-json\/wp\/v2\/types\/post"}],"author":[{"embeddable":true,"href":"https:\/\/werocksport.com\/de\/wp-json\/wp\/v2\/users\/12"}],"replies":[{"embeddable":true,"href":"https:\/\/werocksport.com\/de\/wp-json\/wp\/v2\/comments?post=2859"}],"version-history":[{"count":1,"href":"https:\/\/werocksport.com\/de\/wp-json\/wp\/v2\/posts\/2859\/revisions"}],"predecessor-version":[{"id":2861,"href":"https:\/\/werocksport.com\/de\/wp-json\/wp\/v2\/posts\/2859\/revisions\/2861"}],"wp:featuredmedia":[{"embeddable":true,"href":"https:\/\/werocksport.com\/de\/wp-json\/wp\/v2\/media\/2860"}],"wp:attachment":[{"href":"https:\/\/werocksport.com\/de\/wp-json\/wp\/v2\/media?parent=2859"}],"wp:term":[{"taxonomy":"category","embeddable":true,"href":"https:\/\/werocksport.com\/de\/wp-json\/wp\/v2\/categories?post=2859"},{"taxonomy":"post_tag","embeddable":true,"href":"https:\/\/werocksport.com\/de\/wp-json\/wp\/v2\/tags?post=2859"}],"curies":[{"name":"wp","href":"https:\/\/api.w.org\/{rel}","templated":true}]}}