{"id":1533,"date":"2021-12-29T07:00:00","date_gmt":"2021-12-29T06:00:00","guid":{"rendered":"https:\/\/werocksport.com\/?p=1533"},"modified":"2022-01-04T15:28:17","modified_gmt":"2022-01-04T14:28:17","slug":"sur-la-glace-de-chamonix-pour-les-100-ans-de-millet","status":"publish","type":"post","link":"https:\/\/werocksport.com\/de\/sur-la-glace-de-chamonix-pour-les-100-ans-de-millet\/","title":{"rendered":"Auf dem Eis von Chamonix zum 100. Geburtstag von Millet"},"content":{"rendered":"<p><strong>Anl\u00e4sslich des letzten Rise Up Camps von Millet trafen sich mehrere Bergbegeisterte in Chamonix, um sich im Eisklettern zu versuchen. Ein R\u00fcckblick in Fotos auf dieses Ereignis.<\/strong><\/p>\n\n\n\n<figure class=\"wp-block-gallery aligncenter columns-2 is-cropped wp-block-gallery-1 is-layout-flex wp-block-gallery-is-layout-flex\"><ul class=\"blocks-gallery-grid\"><li class=\"blocks-gallery-item\"><figure><img loading=\"lazy\" decoding=\"async\" width=\"682\" height=\"1024\" src=\"https:\/\/werocksport.com\/wp-content\/uploads\/2021\/12\/Image0006-1-682x1024.jpg\" alt=\"\" data-id=\"1547\" data-full-url=\"https:\/\/werocksport.com\/wp-content\/uploads\/2021\/12\/Image0006-1.jpg\" data-link=\"https:\/\/werocksport.com\/?attachment_id=1547\" class=\"wp-image-1547\" srcset=\"https:\/\/werocksport.com\/wp-content\/uploads\/2021\/12\/Image0006-1-682x1024.jpg 682w, https:\/\/werocksport.com\/wp-content\/uploads\/2021\/12\/Image0006-1-200x300.jpg 200w, https:\/\/werocksport.com\/wp-content\/uploads\/2021\/12\/Image0006-1-768x1152.jpg 768w, https:\/\/werocksport.com\/wp-content\/uploads\/2021\/12\/Image0006-1-1024x1536.jpg 1024w, https:\/\/werocksport.com\/wp-content\/uploads\/2021\/12\/Image0006-1-8x12.jpg 8w, https:\/\/werocksport.com\/wp-content\/uploads\/2021\/12\/Image0006-1-400x600.jpg 400w, https:\/\/werocksport.com\/wp-content\/uploads\/2021\/12\/Image0006-1-450x675.jpg 450w, https:\/\/werocksport.com\/wp-content\/uploads\/2021\/12\/Image0006-1-780x1170.jpg 780w\" sizes=\"auto, (max-width: 682px) 100vw, 682px\" \/><\/figure><\/li><li class=\"blocks-gallery-item\"><figure><img loading=\"lazy\" decoding=\"async\" width=\"683\" height=\"1024\" src=\"https:\/\/werocksport.com\/wp-content\/uploads\/2021\/12\/Image0005-1-683x1024.jpg\" alt=\"\" data-id=\"1548\" data-full-url=\"https:\/\/werocksport.com\/wp-content\/uploads\/2021\/12\/Image0005-1.jpg\" data-link=\"https:\/\/werocksport.com\/?attachment_id=1548\" class=\"wp-image-1548\" srcset=\"https:\/\/werocksport.com\/wp-content\/uploads\/2021\/12\/Image0005-1-683x1024.jpg 683w, https:\/\/werocksport.com\/wp-content\/uploads\/2021\/12\/Image0005-1-200x300.jpg 200w, https:\/\/werocksport.com\/wp-content\/uploads\/2021\/12\/Image0005-1-768x1152.jpg 768w, https:\/\/werocksport.com\/wp-content\/uploads\/2021\/12\/Image0005-1-1024x1536.jpg 1024w, https:\/\/werocksport.com\/wp-content\/uploads\/2021\/12\/Image0005-1-8x12.jpg 8w, https:\/\/werocksport.com\/wp-content\/uploads\/2021\/12\/Image0005-1-400x600.jpg 400w, https:\/\/werocksport.com\/wp-content\/uploads\/2021\/12\/Image0005-1-450x675.jpg 450w, https:\/\/werocksport.com\/wp-content\/uploads\/2021\/12\/Image0005-1-780x1170.jpg 780w\" sizes=\"auto, (max-width: 683px) 100vw, 683px\" \/><\/figure><\/li><li class=\"blocks-gallery-item\"><figure><img loading=\"lazy\" decoding=\"async\" width=\"683\" height=\"1024\" src=\"https:\/\/werocksport.com\/wp-content\/uploads\/2021\/12\/Image0004-1-683x1024.jpg\" alt=\"\" data-id=\"1550\" data-full-url=\"https:\/\/werocksport.com\/wp-content\/uploads\/2021\/12\/Image0004-1.jpg\" data-link=\"https:\/\/werocksport.com\/?attachment_id=1550\" class=\"wp-image-1550\" srcset=\"https:\/\/werocksport.com\/wp-content\/uploads\/2021\/12\/Image0004-1-683x1024.jpg 683w, https:\/\/werocksport.com\/wp-content\/uploads\/2021\/12\/Image0004-1-200x300.jpg 200w, https:\/\/werocksport.com\/wp-content\/uploads\/2021\/12\/Image0004-1-768x1152.jpg 768w, https:\/\/werocksport.com\/wp-content\/uploads\/2021\/12\/Image0004-1-1024x1536.jpg 1024w, https:\/\/werocksport.com\/wp-content\/uploads\/2021\/12\/Image0004-1-8x12.jpg 8w, https:\/\/werocksport.com\/wp-content\/uploads\/2021\/12\/Image0004-1-400x600.jpg 400w, https:\/\/werocksport.com\/wp-content\/uploads\/2021\/12\/Image0004-1-450x675.jpg 450w, https:\/\/werocksport.com\/wp-content\/uploads\/2021\/12\/Image0004-1-780x1170.jpg 780w\" sizes=\"auto, (max-width: 683px) 100vw, 683px\" \/><\/figure><\/li><li class=\"blocks-gallery-item\"><figure><img loading=\"lazy\" decoding=\"async\" width=\"1024\" height=\"683\" src=\"https:\/\/werocksport.com\/wp-content\/uploads\/2021\/12\/Image0003-1-1024x683.jpg\" alt=\"\" data-id=\"1551\" data-full-url=\"https:\/\/werocksport.com\/wp-content\/uploads\/2021\/12\/Image0003-1.jpg\" data-link=\"https:\/\/werocksport.com\/?attachment_id=1551\" class=\"wp-image-1551\" srcset=\"https:\/\/werocksport.com\/wp-content\/uploads\/2021\/12\/Image0003-1-1024x683.jpg 1024w, https:\/\/werocksport.com\/wp-content\/uploads\/2021\/12\/Image0003-1-300x200.jpg 300w, https:\/\/werocksport.com\/wp-content\/uploads\/2021\/12\/Image0003-1-768x512.jpg 768w, https:\/\/werocksport.com\/wp-content\/uploads\/2021\/12\/Image0003-1-18x12.jpg 18w, https:\/\/werocksport.com\/wp-content\/uploads\/2021\/12\/Image0003-1-450x300.jpg 450w, https:\/\/werocksport.com\/wp-content\/uploads\/2021\/12\/Image0003-1-780x520.jpg 780w\" sizes=\"auto, (max-width: 1024px) 100vw, 1024px\" \/><\/figure><\/li><li class=\"blocks-gallery-item\"><figure><img loading=\"lazy\" decoding=\"async\" width=\"1024\" height=\"683\" src=\"https:\/\/werocksport.com\/wp-content\/uploads\/2021\/12\/Image0002-1-1024x683.jpg\" alt=\"\" data-id=\"1552\" data-full-url=\"https:\/\/werocksport.com\/wp-content\/uploads\/2021\/12\/Image0002-1.jpg\" data-link=\"https:\/\/werocksport.com\/?attachment_id=1552\" class=\"wp-image-1552\" srcset=\"https:\/\/werocksport.com\/wp-content\/uploads\/2021\/12\/Image0002-1-1024x683.jpg 1024w, https:\/\/werocksport.com\/wp-content\/uploads\/2021\/12\/Image0002-1-300x200.jpg 300w, https:\/\/werocksport.com\/wp-content\/uploads\/2021\/12\/Image0002-1-768x512.jpg 768w, https:\/\/werocksport.com\/wp-content\/uploads\/2021\/12\/Image0002-1-18x12.jpg 18w, https:\/\/werocksport.com\/wp-content\/uploads\/2021\/12\/Image0002-1-450x300.jpg 450w, https:\/\/werocksport.com\/wp-content\/uploads\/2021\/12\/Image0002-1-780x520.jpg 780w\" sizes=\"auto, (max-width: 1024px) 100vw, 1024px\" \/><\/figure><\/li><\/ul><figcaption class=\"blocks-gallery-caption\"><strong>Bildnachweis: Luka Leroy<\/strong><\/figcaption><\/figure>\n\n\n\n<p>Anfang Dezember fand in Chamonix das Rise Up Camp 2021 statt. Organisiert wurde es von <a href=\"https:\/\/shop.privatesportshop.fr\/marques\/2-millet\">Hirse<\/a> (in Partnerschaft mit Polartec, das sein 40-j\u00e4hriges Bestehen feierte), versammelten sich mehrere Bergbegeisterte, die von Millet nach einer Verlosung ausgew\u00e4hlt wurden. Neben diesen gl\u00fccklichen Auserw\u00e4hlten waren auch Influencer und Millet-Athleten aus Frankreich, Deutschland, \u00d6sterreich, der Schweiz, Italien und Spanien vom 6. bis 12. Dezember dabei, um eine Woche im Zeichen des Eises zu verbringen.<\/p>\n\n\n\n<figure class=\"wp-block-image size-large\"><img loading=\"lazy\" decoding=\"async\" width=\"1024\" height=\"683\" src=\"http:\/\/werocksport.com\/wp-content\/uploads\/2021\/12\/Image0009-1-1024x683.jpg\" alt=\"\" class=\"wp-image-1556\" srcset=\"https:\/\/werocksport.com\/wp-content\/uploads\/2021\/12\/Image0009-1-1024x683.jpg 1024w, https:\/\/werocksport.com\/wp-content\/uploads\/2021\/12\/Image0009-1-300x200.jpg 300w, https:\/\/werocksport.com\/wp-content\/uploads\/2021\/12\/Image0009-1-768x512.jpg 768w, https:\/\/werocksport.com\/wp-content\/uploads\/2021\/12\/Image0009-1-18x12.jpg 18w, https:\/\/werocksport.com\/wp-content\/uploads\/2021\/12\/Image0009-1-450x300.jpg 450w, https:\/\/werocksport.com\/wp-content\/uploads\/2021\/12\/Image0009-1-780x520.jpg 780w\" sizes=\"auto, (max-width: 1024px) 100vw, 1024px\" \/><\/figure>\n\n\n\n<figure class=\"wp-block-gallery aligncenter columns-2 is-cropped wp-block-gallery-2 is-layout-flex wp-block-gallery-is-layout-flex\"><ul class=\"blocks-gallery-grid\"><li class=\"blocks-gallery-item\"><figure><img loading=\"lazy\" decoding=\"async\" width=\"683\" height=\"1024\" src=\"https:\/\/werocksport.com\/wp-content\/uploads\/2021\/12\/Image0012-1-683x1024.jpg\" alt=\"\" data-id=\"1554\" data-full-url=\"https:\/\/werocksport.com\/wp-content\/uploads\/2021\/12\/Image0012-1.jpg\" data-link=\"https:\/\/werocksport.com\/?attachment_id=1554\" class=\"wp-image-1554\" srcset=\"https:\/\/werocksport.com\/wp-content\/uploads\/2021\/12\/Image0012-1-683x1024.jpg 683w, https:\/\/werocksport.com\/wp-content\/uploads\/2021\/12\/Image0012-1-200x300.jpg 200w, https:\/\/werocksport.com\/wp-content\/uploads\/2021\/12\/Image0012-1-768x1152.jpg 768w, https:\/\/werocksport.com\/wp-content\/uploads\/2021\/12\/Image0012-1-1024x1536.jpg 1024w, https:\/\/werocksport.com\/wp-content\/uploads\/2021\/12\/Image0012-1-8x12.jpg 8w, https:\/\/werocksport.com\/wp-content\/uploads\/2021\/12\/Image0012-1-400x600.jpg 400w, https:\/\/werocksport.com\/wp-content\/uploads\/2021\/12\/Image0012-1-450x675.jpg 450w, https:\/\/werocksport.com\/wp-content\/uploads\/2021\/12\/Image0012-1-780x1170.jpg 780w\" sizes=\"auto, (max-width: 683px) 100vw, 683px\" \/><\/figure><\/li><li class=\"blocks-gallery-item\"><figure><img loading=\"lazy\" decoding=\"async\" width=\"683\" height=\"1024\" src=\"https:\/\/werocksport.com\/wp-content\/uploads\/2021\/12\/Image0011-1-683x1024.jpg\" alt=\"\" data-id=\"1555\" data-full-url=\"https:\/\/werocksport.com\/wp-content\/uploads\/2021\/12\/Image0011-1.jpg\" data-link=\"https:\/\/werocksport.com\/?attachment_id=1555\" class=\"wp-image-1555\" srcset=\"https:\/\/werocksport.com\/wp-content\/uploads\/2021\/12\/Image0011-1-683x1024.jpg 683w, https:\/\/werocksport.com\/wp-content\/uploads\/2021\/12\/Image0011-1-200x300.jpg 200w, https:\/\/werocksport.com\/wp-content\/uploads\/2021\/12\/Image0011-1-768x1152.jpg 768w, https:\/\/werocksport.com\/wp-content\/uploads\/2021\/12\/Image0011-1-1024x1536.jpg 1024w, https:\/\/werocksport.com\/wp-content\/uploads\/2021\/12\/Image0011-1-8x12.jpg 8w, https:\/\/werocksport.com\/wp-content\/uploads\/2021\/12\/Image0011-1-400x600.jpg 400w, https:\/\/werocksport.com\/wp-content\/uploads\/2021\/12\/Image0011-1-450x675.jpg 450w, https:\/\/werocksport.com\/wp-content\/uploads\/2021\/12\/Image0011-1-780x1170.jpg 780w\" sizes=\"auto, (max-width: 683px) 100vw, 683px\" \/><\/figure><\/li><li class=\"blocks-gallery-item\"><figure><img loading=\"lazy\" decoding=\"async\" width=\"683\" height=\"1024\" src=\"https:\/\/werocksport.com\/wp-content\/uploads\/2021\/12\/Image0008-1-683x1024.jpg\" alt=\"\" data-id=\"1557\" data-full-url=\"https:\/\/werocksport.com\/wp-content\/uploads\/2021\/12\/Image0008-1.jpg\" data-link=\"https:\/\/werocksport.com\/?attachment_id=1557\" class=\"wp-image-1557\" srcset=\"https:\/\/werocksport.com\/wp-content\/uploads\/2021\/12\/Image0008-1-683x1024.jpg 683w, https:\/\/werocksport.com\/wp-content\/uploads\/2021\/12\/Image0008-1-200x300.jpg 200w, https:\/\/werocksport.com\/wp-content\/uploads\/2021\/12\/Image0008-1-768x1152.jpg 768w, https:\/\/werocksport.com\/wp-content\/uploads\/2021\/12\/Image0008-1-1024x1536.jpg 1024w, https:\/\/werocksport.com\/wp-content\/uploads\/2021\/12\/Image0008-1-8x12.jpg 8w, https:\/\/werocksport.com\/wp-content\/uploads\/2021\/12\/Image0008-1-400x600.jpg 400w, https:\/\/werocksport.com\/wp-content\/uploads\/2021\/12\/Image0008-1-450x675.jpg 450w, https:\/\/werocksport.com\/wp-content\/uploads\/2021\/12\/Image0008-1-780x1170.jpg 780w\" sizes=\"auto, (max-width: 683px) 100vw, 683px\" \/><\/figure><\/li><li class=\"blocks-gallery-item\"><figure><img loading=\"lazy\" decoding=\"async\" width=\"683\" height=\"1024\" src=\"https:\/\/werocksport.com\/wp-content\/uploads\/2021\/12\/Image0007-1-683x1024.jpg\" alt=\"\" data-id=\"1558\" data-full-url=\"https:\/\/werocksport.com\/wp-content\/uploads\/2021\/12\/Image0007-1.jpg\" data-link=\"https:\/\/werocksport.com\/?attachment_id=1558\" class=\"wp-image-1558\" srcset=\"https:\/\/werocksport.com\/wp-content\/uploads\/2021\/12\/Image0007-1-683x1024.jpg 683w, https:\/\/werocksport.com\/wp-content\/uploads\/2021\/12\/Image0007-1-200x300.jpg 200w, https:\/\/werocksport.com\/wp-content\/uploads\/2021\/12\/Image0007-1-768x1152.jpg 768w, https:\/\/werocksport.com\/wp-content\/uploads\/2021\/12\/Image0007-1-1024x1536.jpg 1024w, https:\/\/werocksport.com\/wp-content\/uploads\/2021\/12\/Image0007-1-8x12.jpg 8w, https:\/\/werocksport.com\/wp-content\/uploads\/2021\/12\/Image0007-1-400x600.jpg 400w, https:\/\/werocksport.com\/wp-content\/uploads\/2021\/12\/Image0007-1-450x675.jpg 450w, https:\/\/werocksport.com\/wp-content\/uploads\/2021\/12\/Image0007-1-780x1170.jpg 780w\" sizes=\"auto, (max-width: 683px) 100vw, 683px\" \/><\/figure><\/li><\/ul><\/figure>\n\n\n\n<p>\"Die Teilnehmer konnten n\u00e4mlich mit Hilfe von Mitgliedern der Compagnie des guides de Chamonix das Eisklettern ausprobieren. Ausgestattet mit Produkten von Millet und Polartec konnten sich die Bergfreunde mit professionellen Bergsteigern aus dem Millet-Team wie Symon Welfringer, Lorenz Frutiger, Philipp Brugger, Francesco Ratti und Ekaitz Maiz austauschen. Die Gelegenheit, von ihren wertvollen Tipps f\u00fcr das Klettern an Eisf\u00e4llen und f\u00fcr Fortschritte im Bergsteigen zu profitieren.<\/p>\n\n\n\n<figure class=\"wp-block-image size-large\"><img loading=\"lazy\" decoding=\"async\" width=\"1024\" height=\"683\" src=\"http:\/\/werocksport.com\/wp-content\/uploads\/2021\/12\/Image0010-1-1024x683.jpg\" alt=\"\" class=\"wp-image-1559\" srcset=\"https:\/\/werocksport.com\/wp-content\/uploads\/2021\/12\/Image0010-1-1024x683.jpg 1024w, https:\/\/werocksport.com\/wp-content\/uploads\/2021\/12\/Image0010-1-300x200.jpg 300w, https:\/\/werocksport.com\/wp-content\/uploads\/2021\/12\/Image0010-1-768x512.jpg 768w, https:\/\/werocksport.com\/wp-content\/uploads\/2021\/12\/Image0010-1-18x12.jpg 18w, https:\/\/werocksport.com\/wp-content\/uploads\/2021\/12\/Image0010-1-450x300.jpg 450w, https:\/\/werocksport.com\/wp-content\/uploads\/2021\/12\/Image0010-1-780x520.jpg 780w\" sizes=\"auto, (max-width: 1024px) 100vw, 1024px\" \/><figcaption><strong>Bildnachweis: Luka Leroy<\/strong><\/figcaption><\/figure>\n\n\n\n<p><strong>Millet und die Hommage an St\u00e9phane Brosse<\/strong><\/p>\n\n\n\n<p>St\u00e9phane Brosse, eine der wichtigsten Figuren des Skibergsteigens in den 2000er Jahren, starb 2012 nach dem Abbruch einer Felskante an der Aiguille d'Argenti\u00e8re, als er versuchte, das Mont-Blanc-Massiv in zwei Tagen zu durchqueren. Sein Partner Millet hat ihn k\u00fcrzlich anl\u00e4sslich des 100-j\u00e4hrigen Jubil\u00e4ums der Marke in diesem Film geehrt, den Sie unten sehen k\u00f6nnen. St\u00e9phane Brosse pr\u00e4gte eine ganze Generation von Skifahrern dank seiner Leistungen bei Rennen, seiner reinen Ethik in den Bergen und seiner menschlichen Werte.<\/p>\n\n\n\n<figure class=\"wp-block-embed is-type-video is-provider-youtube wp-block-embed-youtube wp-embed-aspect-16-9 wp-has-aspect-ratio\"><div class=\"wp-block-embed__wrapper\">\n<iframe loading=\"lazy\" title=\"MILLET | Auf deinen Spuren\" width=\"1170\" height=\"658\" src=\"https:\/\/www.youtube.com\/embed\/4dhOuyz4NQ4?feature=oembed\" frameborder=\"0\" allow=\"accelerometer; autoplay; clipboard-write; encrypted-media; gyroscope; picture-in-picture\" allowfullscreen><\/iframe>\n<\/div><\/figure>\n\n\n\n<p><strong>Millet: 100 Jahre<\/strong><\/p>\n\n\n\n<p>Dieses Jahr <a href=\"https:\/\/www.millet.fr\/anniversaire-100-ans\">Millet feiert sein 100-j\u00e4hriges Jubil\u00e4um<\/a>. Eine Geschichte, die in den 1920er Jahren mit Marc und Hermance Millet begann, die aus Savoyen stammten und Einkaufstaschen und Musetten f\u00fcr die Kunden ihres Lebensmittelgesch\u00e4fts in der N\u00e4he von Lyon herstellten. Nach seiner R\u00fcckkehr nach Annecy wurde das Familienunternehmen Millet 1945 von den Kindern Ren\u00e9 und Raymond \u00fcbernommen. Mit Hilfe von Louis Lachenal entwarfen sie die ersten Bergsteigerrucks\u00e4cke, darunter auch den Rucksack, den er 1950 auf den Gipfel des Annapurna, des ersten von Menschen bezwungenen Achttausenders, tragen sollte. Millet wurde in die vorderste Reihe des internationalen Bergsteigens katapultiert und verlor nie seine F\u00fchrungsposition. Die Marke begleitet seit jeher die Gr\u00f6\u00dfen des Bergsteigens und Kletterns wie Walter Bonatti, Ren\u00e9 Desmaison, Patrick Edlinger, Fran\u00e7ois Damilano, Jean-Christophe Lafaille, Marco Siffredi oder Yannick Graziani. Der Film unten zeigt die Geschichte dieser legend\u00e4ren Marke auf humorvolle Weise.<\/p>\n\n\n\n<figure class=\"wp-block-embed is-type-video is-provider-youtube wp-block-embed-youtube wp-embed-aspect-16-9 wp-has-aspect-ratio\"><div class=\"wp-block-embed__wrapper\">\n<iframe loading=\"lazy\" title=\"MILLET | 100. GEBURTSTAG\" width=\"1170\" height=\"658\" src=\"https:\/\/www.youtube.com\/embed\/ncu669vBsnc?feature=oembed\" frameborder=\"0\" allow=\"accelerometer; autoplay; clipboard-write; encrypted-media; gyroscope; picture-in-picture\" allowfullscreen><\/iframe>\n<\/div><\/figure>\n\n\n\n<p><strong>Bildnachweis: Luka Leroy<\/strong><\/p>","protected":false},"excerpt":{"rendered":"<p>\u00c0 l\u2019occasion du dernier Rise Up Camp&nbsp;de Millet, plusieurs passionn\u00e9s de montagne se sont retrouv\u00e9s \u00e0 Chamonix pour s\u2019essayer \u00e0 l\u2019escalade sur glace. Retour en photos sur cet \u00e9v\u00e9nement. D\u00e9but d\u00e9cembre, le Rise Up Camp&nbsp;2021 se tenait \u00e0 Chamonix. Organis\u00e9 par Millet (en partenariat avec Polartec qui f\u00eatait de son c\u00f4t\u00e9 ses 40 ans d\u2019existence), [&hellip;]<\/p>\n","protected":false},"author":12,"featured_media":1535,"comment_status":"closed","ping_status":"closed","sticky":false,"template":"","format":"standard","meta":{"footnotes":""},"categories":[44],"tags":[],"class_list":{"0":"post-1533","1":"post","2":"type-post","3":"status-publish","4":"format-standard","5":"has-post-thumbnail","7":"category-aventure"},"yoast_head":"<!-- This site is optimized with the Yoast SEO plugin v27.2 - https:\/\/yoast.com\/product\/yoast-seo-wordpress\/ -->\n<title>Sur la glace de Chamonix pour les 100 ans de Millet - We Rock Sport<\/title>\n<meta name=\"robots\" content=\"index, follow, max-snippet:-1, max-image-preview:large, max-video-preview:-1\" \/>\n<link rel=\"canonical\" href=\"https:\/\/werocksport.com\/de\/sur-la-glace-de-chamonix-pour-les-100-ans-de-millet\/\" \/>\n<meta property=\"og:locale\" content=\"de_DE\" \/>\n<meta property=\"og:type\" content=\"article\" \/>\n<meta property=\"og:title\" content=\"Sur la glace de Chamonix pour les 100 ans de Millet - We Rock Sport\" \/>\n<meta property=\"og:description\" content=\"\u00c0 l\u2019occasion du dernier Rise Up Camp&nbsp;de Millet, plusieurs passionn\u00e9s de montagne se sont retrouv\u00e9s \u00e0 Chamonix pour s\u2019essayer \u00e0 l\u2019escalade sur glace. Retour en photos sur cet \u00e9v\u00e9nement. D\u00e9but d\u00e9cembre, le Rise Up Camp&nbsp;2021 se tenait \u00e0 Chamonix. Organis\u00e9 par Millet (en partenariat avec Polartec qui f\u00eatait de son c\u00f4t\u00e9 ses 40 ans d\u2019existence), [&hellip;]\" \/>\n<meta property=\"og:url\" content=\"https:\/\/werocksport.com\/de\/sur-la-glace-de-chamonix-pour-les-100-ans-de-millet\/\" \/>\n<meta property=\"og:site_name\" content=\"We Rock Sport\" \/>\n<meta property=\"article:published_time\" content=\"2021-12-29T06:00:00+00:00\" \/>\n<meta property=\"article:modified_time\" content=\"2022-01-04T14:28:17+00:00\" \/>\n<meta property=\"og:image\" content=\"https:\/\/werocksport.com\/wp-content\/uploads\/2021\/12\/Image-de-une.jpg\" \/>\n\t<meta property=\"og:image:width\" content=\"1156\" \/>\n\t<meta property=\"og:image:height\" content=\"771\" \/>\n\t<meta property=\"og:image:type\" content=\"image\/jpeg\" \/>\n<meta name=\"author\" content=\"Emmanuel Morell\" \/>\n<meta name=\"twitter:card\" content=\"summary_large_image\" \/>\n<meta name=\"twitter:label1\" content=\"Verfasst von\" \/>\n\t<meta name=\"twitter:data1\" content=\"Emmanuel Morell\" \/>\n\t<meta name=\"twitter:label2\" content=\"Gesch\u00e4tzte Lesezeit\" \/>\n\t<meta name=\"twitter:data2\" content=\"5\u00a0Minuten\" \/>\n<script type=\"application\/ld+json\" class=\"yoast-schema-graph\">{\"@context\":\"https:\/\/schema.org\",\"@graph\":[{\"@type\":\"Article\",\"@id\":\"https:\/\/werocksport.com\/sur-la-glace-de-chamonix-pour-les-100-ans-de-millet\/#article\",\"isPartOf\":{\"@id\":\"https:\/\/werocksport.com\/sur-la-glace-de-chamonix-pour-les-100-ans-de-millet\/\"},\"author\":{\"name\":\"Emmanuel Morell\",\"@id\":\"https:\/\/werocksport.com\/#\/schema\/person\/dd296d720f707d08adeaf8cb80afb9ec\"},\"headline\":\"Sur la glace de Chamonix pour les 100 ans de Millet\",\"datePublished\":\"2021-12-29T06:00:00+00:00\",\"dateModified\":\"2022-01-04T14:28:17+00:00\",\"mainEntityOfPage\":{\"@id\":\"https:\/\/werocksport.com\/sur-la-glace-de-chamonix-pour-les-100-ans-de-millet\/\"},\"wordCount\":517,\"publisher\":{\"@id\":\"https:\/\/werocksport.com\/#organization\"},\"image\":{\"@id\":\"https:\/\/werocksport.com\/sur-la-glace-de-chamonix-pour-les-100-ans-de-millet\/#primaryimage\"},\"thumbnailUrl\":\"https:\/\/werocksport.com\/wp-content\/uploads\/2021\/12\/Image-de-une.jpg\",\"articleSection\":[\"Aventure\"],\"inLanguage\":\"de\"},{\"@type\":\"WebPage\",\"@id\":\"https:\/\/werocksport.com\/sur-la-glace-de-chamonix-pour-les-100-ans-de-millet\/\",\"url\":\"https:\/\/werocksport.com\/sur-la-glace-de-chamonix-pour-les-100-ans-de-millet\/\",\"name\":\"Sur la glace de Chamonix pour les 100 ans de Millet - We Rock Sport\",\"isPartOf\":{\"@id\":\"https:\/\/werocksport.com\/#website\"},\"primaryImageOfPage\":{\"@id\":\"https:\/\/werocksport.com\/sur-la-glace-de-chamonix-pour-les-100-ans-de-millet\/#primaryimage\"},\"image\":{\"@id\":\"https:\/\/werocksport.com\/sur-la-glace-de-chamonix-pour-les-100-ans-de-millet\/#primaryimage\"},\"thumbnailUrl\":\"https:\/\/werocksport.com\/wp-content\/uploads\/2021\/12\/Image-de-une.jpg\",\"datePublished\":\"2021-12-29T06:00:00+00:00\",\"dateModified\":\"2022-01-04T14:28:17+00:00\",\"breadcrumb\":{\"@id\":\"https:\/\/werocksport.com\/sur-la-glace-de-chamonix-pour-les-100-ans-de-millet\/#breadcrumb\"},\"inLanguage\":\"de\",\"potentialAction\":[{\"@type\":\"ReadAction\",\"target\":[\"https:\/\/werocksport.com\/sur-la-glace-de-chamonix-pour-les-100-ans-de-millet\/\"]}]},{\"@type\":\"ImageObject\",\"inLanguage\":\"de\",\"@id\":\"https:\/\/werocksport.com\/sur-la-glace-de-chamonix-pour-les-100-ans-de-millet\/#primaryimage\",\"url\":\"https:\/\/werocksport.com\/wp-content\/uploads\/2021\/12\/Image-de-une.jpg\",\"contentUrl\":\"https:\/\/werocksport.com\/wp-content\/uploads\/2021\/12\/Image-de-une.jpg\",\"width\":1156,\"height\":771},{\"@type\":\"BreadcrumbList\",\"@id\":\"https:\/\/werocksport.com\/sur-la-glace-de-chamonix-pour-les-100-ans-de-millet\/#breadcrumb\",\"itemListElement\":[{\"@type\":\"ListItem\",\"position\":1,\"name\":\"Home\",\"item\":\"https:\/\/werocksport.com\/\"},{\"@type\":\"ListItem\",\"position\":2,\"name\":\"Sur la glace de Chamonix pour les 100 ans de Millet\"}]},{\"@type\":\"WebSite\",\"@id\":\"https:\/\/werocksport.com\/#website\",\"url\":\"https:\/\/werocksport.com\/\",\"name\":\"We Rock Sport\",\"description\":\"le m\u00e9dia 100% outdoor !\",\"publisher\":{\"@id\":\"https:\/\/werocksport.com\/#organization\"},\"potentialAction\":[{\"@type\":\"SearchAction\",\"target\":{\"@type\":\"EntryPoint\",\"urlTemplate\":\"https:\/\/werocksport.com\/?s={search_term_string}\"},\"query-input\":{\"@type\":\"PropertyValueSpecification\",\"valueRequired\":true,\"valueName\":\"search_term_string\"}}],\"inLanguage\":\"de\"},{\"@type\":\"Organization\",\"@id\":\"https:\/\/werocksport.com\/#organization\",\"name\":\"We Rock Sport\",\"url\":\"https:\/\/werocksport.com\/\",\"logo\":{\"@type\":\"ImageObject\",\"inLanguage\":\"de\",\"@id\":\"https:\/\/werocksport.com\/#\/schema\/logo\/image\/\",\"url\":\"https:\/\/werocksport.com\/wp-content\/uploads\/2020\/12\/WRS-logo.png\",\"contentUrl\":\"https:\/\/werocksport.com\/wp-content\/uploads\/2020\/12\/WRS-logo.png\",\"width\":136,\"height\":60,\"caption\":\"We Rock Sport\"},\"image\":{\"@id\":\"https:\/\/werocksport.com\/#\/schema\/logo\/image\/\"}},{\"@type\":\"Person\",\"@id\":\"https:\/\/werocksport.com\/#\/schema\/person\/dd296d720f707d08adeaf8cb80afb9ec\",\"name\":\"Emmanuel Morell\",\"image\":{\"@type\":\"ImageObject\",\"inLanguage\":\"de\",\"@id\":\"https:\/\/secure.gravatar.com\/avatar\/de044757faaba64b0534f56a73332e8dea9b4e61cea3c751cba5b277b625215e?s=96&d=mm&r=g\",\"url\":\"https:\/\/secure.gravatar.com\/avatar\/de044757faaba64b0534f56a73332e8dea9b4e61cea3c751cba5b277b625215e?s=96&d=mm&r=g\",\"contentUrl\":\"https:\/\/secure.gravatar.com\/avatar\/de044757faaba64b0534f56a73332e8dea9b4e61cea3c751cba5b277b625215e?s=96&d=mm&r=g\",\"caption\":\"Emmanuel Morell\"}}]}<\/script>\n<!-- \/ Yoast SEO plugin. -->","yoast_head_json":{"title":"Auf dem Eis von Chamonix zum 100. Geburtstag von Millet - We Rock Sport","robots":{"index":"index","follow":"follow","max-snippet":"max-snippet:-1","max-image-preview":"max-image-preview:large","max-video-preview":"max-video-preview:-1"},"canonical":"https:\/\/werocksport.com\/de\/sur-la-glace-de-chamonix-pour-les-100-ans-de-millet\/","og_locale":"de_DE","og_type":"article","og_title":"Sur la glace de Chamonix pour les 100 ans de Millet - We Rock Sport","og_description":"\u00c0 l\u2019occasion du dernier Rise Up Camp&nbsp;de Millet, plusieurs passionn\u00e9s de montagne se sont retrouv\u00e9s \u00e0 Chamonix pour s\u2019essayer \u00e0 l\u2019escalade sur glace. Retour en photos sur cet \u00e9v\u00e9nement. D\u00e9but d\u00e9cembre, le Rise Up Camp&nbsp;2021 se tenait \u00e0 Chamonix. Organis\u00e9 par Millet (en partenariat avec Polartec qui f\u00eatait de son c\u00f4t\u00e9 ses 40 ans d\u2019existence), [&hellip;]","og_url":"https:\/\/werocksport.com\/de\/sur-la-glace-de-chamonix-pour-les-100-ans-de-millet\/","og_site_name":"We Rock Sport","article_published_time":"2021-12-29T06:00:00+00:00","article_modified_time":"2022-01-04T14:28:17+00:00","og_image":[{"width":1156,"height":771,"url":"https:\/\/werocksport.com\/wp-content\/uploads\/2021\/12\/Image-de-une.jpg","type":"image\/jpeg"}],"author":"Emmanuel Morell","twitter_card":"summary_large_image","twitter_misc":{"Verfasst von":"Emmanuel Morell","Gesch\u00e4tzte Lesezeit":"5\u00a0Minuten"},"schema":{"@context":"https:\/\/schema.org","@graph":[{"@type":"Article","@id":"https:\/\/werocksport.com\/sur-la-glace-de-chamonix-pour-les-100-ans-de-millet\/#article","isPartOf":{"@id":"https:\/\/werocksport.com\/sur-la-glace-de-chamonix-pour-les-100-ans-de-millet\/"},"author":{"name":"Emmanuel Morell","@id":"https:\/\/werocksport.com\/#\/schema\/person\/dd296d720f707d08adeaf8cb80afb9ec"},"headline":"Sur la glace de Chamonix pour les 100 ans de Millet","datePublished":"2021-12-29T06:00:00+00:00","dateModified":"2022-01-04T14:28:17+00:00","mainEntityOfPage":{"@id":"https:\/\/werocksport.com\/sur-la-glace-de-chamonix-pour-les-100-ans-de-millet\/"},"wordCount":517,"publisher":{"@id":"https:\/\/werocksport.com\/#organization"},"image":{"@id":"https:\/\/werocksport.com\/sur-la-glace-de-chamonix-pour-les-100-ans-de-millet\/#primaryimage"},"thumbnailUrl":"https:\/\/werocksport.com\/wp-content\/uploads\/2021\/12\/Image-de-une.jpg","articleSection":["Aventure"],"inLanguage":"de"},{"@type":"WebPage","@id":"https:\/\/werocksport.com\/sur-la-glace-de-chamonix-pour-les-100-ans-de-millet\/","url":"https:\/\/werocksport.com\/sur-la-glace-de-chamonix-pour-les-100-ans-de-millet\/","name":"Auf dem Eis von Chamonix zum 100. Geburtstag von Millet - We Rock Sport","isPartOf":{"@id":"https:\/\/werocksport.com\/#website"},"primaryImageOfPage":{"@id":"https:\/\/werocksport.com\/sur-la-glace-de-chamonix-pour-les-100-ans-de-millet\/#primaryimage"},"image":{"@id":"https:\/\/werocksport.com\/sur-la-glace-de-chamonix-pour-les-100-ans-de-millet\/#primaryimage"},"thumbnailUrl":"https:\/\/werocksport.com\/wp-content\/uploads\/2021\/12\/Image-de-une.jpg","datePublished":"2021-12-29T06:00:00+00:00","dateModified":"2022-01-04T14:28:17+00:00","breadcrumb":{"@id":"https:\/\/werocksport.com\/sur-la-glace-de-chamonix-pour-les-100-ans-de-millet\/#breadcrumb"},"inLanguage":"de","potentialAction":[{"@type":"ReadAction","target":["https:\/\/werocksport.com\/sur-la-glace-de-chamonix-pour-les-100-ans-de-millet\/"]}]},{"@type":"ImageObject","inLanguage":"de","@id":"https:\/\/werocksport.com\/sur-la-glace-de-chamonix-pour-les-100-ans-de-millet\/#primaryimage","url":"https:\/\/werocksport.com\/wp-content\/uploads\/2021\/12\/Image-de-une.jpg","contentUrl":"https:\/\/werocksport.com\/wp-content\/uploads\/2021\/12\/Image-de-une.jpg","width":1156,"height":771},{"@type":"BreadcrumbList","@id":"https:\/\/werocksport.com\/sur-la-glace-de-chamonix-pour-les-100-ans-de-millet\/#breadcrumb","itemListElement":[{"@type":"ListItem","position":1,"name":"Home","item":"https:\/\/werocksport.com\/"},{"@type":"ListItem","position":2,"name":"Sur la glace de Chamonix pour les 100 ans de Millet"}]},{"@type":"WebSite","@id":"https:\/\/werocksport.com\/#website","url":"https:\/\/werocksport.com\/","name":"Wir rocken Sport","description":"das Medium 100% outdoor!","publisher":{"@id":"https:\/\/werocksport.com\/#organization"},"potentialAction":[{"@type":"SearchAction","target":{"@type":"EntryPoint","urlTemplate":"https:\/\/werocksport.com\/?s={search_term_string}"},"query-input":{"@type":"PropertyValueSpecification","valueRequired":true,"valueName":"search_term_string"}}],"inLanguage":"de"},{"@type":"Organization","@id":"https:\/\/werocksport.com\/#organization","name":"Wir rocken Sport","url":"https:\/\/werocksport.com\/","logo":{"@type":"ImageObject","inLanguage":"de","@id":"https:\/\/werocksport.com\/#\/schema\/logo\/image\/","url":"https:\/\/werocksport.com\/wp-content\/uploads\/2020\/12\/WRS-logo.png","contentUrl":"https:\/\/werocksport.com\/wp-content\/uploads\/2020\/12\/WRS-logo.png","width":136,"height":60,"caption":"We Rock Sport"},"image":{"@id":"https:\/\/werocksport.com\/#\/schema\/logo\/image\/"}},{"@type":"Person","@id":"https:\/\/werocksport.com\/#\/schema\/person\/dd296d720f707d08adeaf8cb80afb9ec","name":"Emmanuel Morell","image":{"@type":"ImageObject","inLanguage":"de","@id":"https:\/\/secure.gravatar.com\/avatar\/de044757faaba64b0534f56a73332e8dea9b4e61cea3c751cba5b277b625215e?s=96&d=mm&r=g","url":"https:\/\/secure.gravatar.com\/avatar\/de044757faaba64b0534f56a73332e8dea9b4e61cea3c751cba5b277b625215e?s=96&d=mm&r=g","contentUrl":"https:\/\/secure.gravatar.com\/avatar\/de044757faaba64b0534f56a73332e8dea9b4e61cea3c751cba5b277b625215e?s=96&d=mm&r=g","caption":"Emmanuel Morell"}}]}},"jetpack_featured_media_url":"https:\/\/werocksport.com\/wp-content\/uploads\/2021\/12\/Image-de-une.jpg","_links":{"self":[{"href":"https:\/\/werocksport.com\/de\/wp-json\/wp\/v2\/posts\/1533","targetHints":{"allow":["GET"]}}],"collection":[{"href":"https:\/\/werocksport.com\/de\/wp-json\/wp\/v2\/posts"}],"about":[{"href":"https:\/\/werocksport.com\/de\/wp-json\/wp\/v2\/types\/post"}],"author":[{"embeddable":true,"href":"https:\/\/werocksport.com\/de\/wp-json\/wp\/v2\/users\/12"}],"replies":[{"embeddable":true,"href":"https:\/\/werocksport.com\/de\/wp-json\/wp\/v2\/comments?post=1533"}],"version-history":[{"count":5,"href":"https:\/\/werocksport.com\/de\/wp-json\/wp\/v2\/posts\/1533\/revisions"}],"predecessor-version":[{"id":1578,"href":"https:\/\/werocksport.com\/de\/wp-json\/wp\/v2\/posts\/1533\/revisions\/1578"}],"wp:featuredmedia":[{"embeddable":true,"href":"https:\/\/werocksport.com\/de\/wp-json\/wp\/v2\/media\/1535"}],"wp:attachment":[{"href":"https:\/\/werocksport.com\/de\/wp-json\/wp\/v2\/media?parent=1533"}],"wp:term":[{"taxonomy":"category","embeddable":true,"href":"https:\/\/werocksport.com\/de\/wp-json\/wp\/v2\/categories?post=1533"},{"taxonomy":"post_tag","embeddable":true,"href":"https:\/\/werocksport.com\/de\/wp-json\/wp\/v2\/tags?post=1533"}],"curies":[{"name":"wp","href":"https:\/\/api.w.org\/{rel}","templated":true}]}}